{"id":42310,"date":"2024-05-19T14:01:51","date_gmt":"2024-05-19T17:01:51","guid":{"rendered":"https:\/\/radiorevelacionfm.cl\/?p=42310"},"modified":"2024-05-19T14:01:51","modified_gmt":"2024-05-19T17:01:51","slug":"el-turismo-como-motor-de-desarrollo-local-sernatur-otorga-distincion-a-2-municipios-de-la-region-de-aysen","status":"publish","type":"post","link":"https:\/\/radiorevelacionfm.cl\/?p=42310","title":{"rendered":"El turismo como motor de desarrollo local: Sernatur otorga distinci\u00f3n a 2 municipios de la regi\u00f3n de Ays\u00e9n"},"content":{"rendered":"<div class=\"flex_column av_one_full  flex_column_div av-zero-column-padding first  avia-builder-el-0  el_before_av_one_full  avia-builder-el-first  \" style='border-radius:0px; '><div  class='avia-image-container  av-styling-    avia-builder-el-1  avia-builder-el-no-sibling  avia-align-center '  itemprop=\"image\" itemscope=\"itemscope\" itemtype=\"https:\/\/schema.org\/ImageObject\"  ><div class='avia-image-container-inner'><div class='avia-image-overlay-wrap'><img decoding=\"async\" class='wp-image-42311 avia-img-lazy-loading-not-42311 avia_image' src=\"https:\/\/radiorevelacionfm.cl\/wp-content\/uploads\/2024\/05\/1-delgacion-ayseen-patagonia-congreso-nacional-1_optimized.jpg\" alt='' title='1-delgacion-ayse\u011bn-patagonia---congreso-nacional-(1)_optimized' height=\"600\" width=\"800\"  itemprop=\"thumbnailUrl\" srcset=\"https:\/\/radiorevelacionfm.cl\/wp-content\/uploads\/2024\/05\/1-delgacion-ayseen-patagonia-congreso-nacional-1_optimized.jpg 800w, https:\/\/radiorevelacionfm.cl\/wp-content\/uploads\/2024\/05\/1-delgacion-ayseen-patagonia-congreso-nacional-1_optimized-300x225.jpg 300w, https:\/\/radiorevelacionfm.cl\/wp-content\/uploads\/2024\/05\/1-delgacion-ayseen-patagonia-congreso-nacional-1_optimized-768x576.jpg 768w, https:\/\/radiorevelacionfm.cl\/wp-content\/uploads\/2024\/05\/1-delgacion-ayseen-patagonia-congreso-nacional-1_optimized-705x529.jpg 705w, https:\/\/radiorevelacionfm.cl\/wp-content\/uploads\/2024\/05\/1-delgacion-ayseen-patagonia-congreso-nacional-1_optimized-450x338.jpg 450w, https:\/\/radiorevelacionfm.cl\/wp-content\/uploads\/2024\/05\/1-delgacion-ayseen-patagonia-congreso-nacional-1_optimized-600x450.jpg 600w\" sizes=\"(max-width: 800px) 100vw, 800px\" \/><\/div><\/div><\/div><\/div><div class=\"flex_column av_one_full  flex_column_div av-zero-column-padding first  avia-builder-el-2  el_after_av_one_full  el_before_av_one_full  column-top-margin\" style='border-radius:0px; '><section class=\"av_textblock_section \"  itemscope=\"itemscope\" itemtype=\"https:\/\/schema.org\/BlogPosting\" itemprop=\"blogPost\" ><div class='avia_textblock  '   itemprop=\"text\" ><p style=\"text-align: center;\"><span style=\"font-size: 18pt;\"><strong>El turismo como motor de desarrollo local: <\/strong><strong>Sernatur otorga distinci\u00f3n a 2 municipios de la regi\u00f3n de Ays\u00e9n<\/strong><\/span><\/p>\n<div id=\"gtx-trans\" style=\"position: absolute; left: -50px; top: 4.31534px;\">\n<div class=\"gtx-trans-icon\"><\/div>\n<\/div>\n<\/div><\/section><\/div><div class=\"flex_column av_one_full  flex_column_div av-zero-column-padding first  avia-builder-el-4  el_after_av_one_full  el_before_av_hr  column-top-margin\" style='border-radius:0px; '><section class=\"av_textblock_section \"  itemscope=\"itemscope\" itemtype=\"https:\/\/schema.org\/BlogPosting\" itemprop=\"blogPost\" ><div class='avia_textblock  '   itemprop=\"text\" ><p style=\"text-align: justify;\"><em>Ays\u00e9n Patagonia asisti\u00f3 con una delegaci\u00f3n compuesta por representantes de 3 comunas ayseninas al Congreso Nacional de Municipalidades Tur\u00edsticas en Arica.<\/em><\/p>\n<p style=\"text-align: justify;\">Con la presencia de autoridades nacionales, regionales y locales, se realiz\u00f3 el 4\u00b0 Congreso Nacional de Municipalidades Tur\u00edsticas, evento organizado por el Servicio Nacional de Turismo (Sernatur) y la Municipalidad de Arica, en la Regi\u00f3n de Arica y Parinacota, evento al que asisti\u00f3 el destino Ays\u00e9n Patagonia con una importante delegaci\u00f3n.<\/p>\n<p style=\"text-align: justify;\">En el marco de las actividades de la primera jornada, se entreg\u00f3 la Distinci\u00f3n Municipalidad Tur\u00edstica a 15 municipios del pa\u00eds que han destacado por su compromiso con el desarrollo tur\u00edstico local, entre ellos los Municipios de Tortel y Coyhaique, quienes recibieron el reconocimiento por periodo de 3 a\u00f1os. En el caso de Coyhaique, se trat\u00f3 de una revalidaci\u00f3n de la distinci\u00f3n, reconocimiento que fue recibido en representaci\u00f3n por el concejal de la comuna, Claudio Vidal.<\/p>\n<p style=\"text-align: justify;\">En el caso de Tortel, su edil, Abel Becerra, recibi\u00f3 la Distinci\u00f3n de Municipio Tur\u00edstico por primera vez; mientras los representantes de la comuna de Ib\u00e1\u00f1ez, asistieron a recoger experiencias para iniciar pr\u00f3ximamente el proceso de postulaci\u00f3n.<\/p>\n<p style=\"text-align: justify;\">\u00abEl poder contar con municipios con la distinci\u00f3n de Sernatur nos permite a nivel regional fortalecer la gesti\u00f3n del destino Ays\u00e9n Patagonia a trav\u00e9s de una mejor planificaci\u00f3n, regulaci\u00f3n y articulaci\u00f3n con el territorio\u00bb. Indic\u00f3 el director regional de Sernatur Ays\u00e9n, Claudio Montecinos, quien destac\u00f3 el inter\u00e9s que existe por parte de otros municipios de la regi\u00f3n en trabajar para recibir esta distinci\u00f3n. \u00abHoy los municipios de Coyhaique y Tortel han obtenido la distinci\u00f3n de municipios tur\u00edsticos y R\u00edo Ib\u00e1\u00f1ez se encuentra en proceso de poder recibirla. Nuestro compromiso como Sernatur es seguir trabajando con el resto de los municipios de nuestra regi\u00f3n en este proceso, que nos permitir\u00e1 reconocer est\u00e1ndares de gesti\u00f3n tur\u00edstica local a lo largo de toda nuestra regi\u00f3n\u00bb.<\/p>\n<p style=\"text-align: justify;\">El Congreso Nacional de Municipalidades Tur\u00edsticas tiene como objetivo generar un espacio de encuentro y di\u00e1logo entre los distintos actores del turismo nacional, con el fin de compartir experiencias y buenas pr\u00e1cticas. En esta versi\u00f3n, el programa incluy\u00f3 conferencias, exposiciones y talleres para abordar tem\u00e1ticas como la gesti\u00f3n del destino, la promoci\u00f3n tur\u00edstica, el desarrollo de productos y servicios tur\u00edsticos, y la sustentabilidad.<\/p>\n<p style=\"text-align: justify;\"><strong>El Programa Nacional de Turismo Municipal<\/strong><\/p>\n<p style=\"text-align: justify;\">Sernatur cuenta con el Programa Nacional de Turismo Municipal desde el a\u00f1o 2004, a trav\u00e9s del cual se ha trabajado con m\u00e1s de 90 municipios en todo Chile. En este marco, a partir del a\u00f1o 2019, se cre\u00f3 la Distinci\u00f3n Municipalidad Tur\u00edstica, que tiene como objetivo reconocer a los municipios que han alcanzado un est\u00e1ndar m\u00ednimo de desarrollo tur\u00edstico y que han implementado buenas pr\u00e1cticas en la gesti\u00f3n de esta actividad. Se esperamos que esta distinci\u00f3n incentive a otros municipios a postular a este programa y a seguir trabajando por el desarrollo del turismo en sus comunas.<\/p>\n<\/div><\/section><\/div><div  style='height:50px' class='hr hr-invisible   avia-builder-el-6  el_after_av_one_full  el_before_av_social_share '><span class='hr-inner ' ><span class='hr-inner-style'><\/span><\/span><\/div><\/p>\n<div  class='av-social-sharing-box  avia-builder-el-7  el_after_av_hr  el_before_av_hr  '><div class='av-share-box'><h5 class='av-share-link-description av-no-toc '>Compartir esta noticia<\/h5><ul class='av-share-box-list noLightbox'><li class='av-share-link av-social-link-facebook' ><a target=\"_blank\" aria-label=\"Compartir en Facebook\" href='https:\/\/www.facebook.com\/sharer.php?u=https:\/\/radiorevelacionfm.cl\/?p=42310&#038;t=El%20turismo%20como%20motor%20de%20desarrollo%20local%3A%20Sernatur%20otorga%20distinci%C3%B3n%20a%202%20municipios%20de%20la%20regi%C3%B3n%20de%20Ays%C3%A9n' aria-hidden='false' data-av_icon='\ue8f3' data-av_iconfont='entypo-fontello' title='' data-avia-related-tooltip='Compartir en Facebook' rel=\"noopener\"><span class='avia_hidden_link_text'>Compartir en Facebook<\/span><\/a><\/li><li class='av-share-link av-social-link-twitter' ><a target=\"_blank\" aria-label=\"Compartir en Twitter\" href='https:\/\/twitter.com\/share?text=El%20turismo%20como%20motor%20de%20desarrollo%20local%3A%20Sernatur%20otorga%20distinci%C3%B3n%20a%202%20municipios%20de%20la%20regi%C3%B3n%20de%20Ays%C3%A9n&#038;url=https:\/\/radiorevelacionfm.cl\/?p=42310' aria-hidden='false' data-av_icon='\ue8f1' data-av_iconfont='entypo-fontello' title='' data-avia-related-tooltip='Compartir en Twitter' rel=\"noopener\"><span class='avia_hidden_link_text'>Compartir en Twitter<\/span><\/a><\/li><li class='av-share-link av-social-link-whatsapp' ><a target=\"_blank\" aria-label=\"Compartir en Whatsapp\" href='https:\/\/api.whatsapp.com\/send?text=https:\/\/radiorevelacionfm.cl\/?p=42310' aria-hidden='false' data-av_icon='\uf232' data-av_iconfont='entypo-fontello' title='' data-avia-related-tooltip='Compartir en Whatsapp' rel=\"noopener\"><span class='avia_hidden_link_text'>Compartir en Whatsapp<\/span><\/a><\/li><li class='av-share-link av-social-link-linkedin' ><a target=\"_blank\" aria-label=\"Compartir en LinkedIn\" href='https:\/\/linkedin.com\/shareArticle?mini=true&#038;title=El%20turismo%20como%20motor%20de%20desarrollo%20local%3A%20Sernatur%20otorga%20distinci%C3%B3n%20a%202%20municipios%20de%20la%20regi%C3%B3n%20de%20Ays%C3%A9n&#038;url=https:\/\/radiorevelacionfm.cl\/?p=42310' aria-hidden='false' data-av_icon='\ue8fc' data-av_iconfont='entypo-fontello' title='' data-avia-related-tooltip='Compartir en LinkedIn' rel=\"noopener\"><span class='avia_hidden_link_text'>Compartir en LinkedIn<\/span><\/a><\/li><li class='av-share-link av-social-link-mail' ><a  aria-label=\"Compartir por correo\" href='mailto:?subject=El%20turismo%20como%20motor%20de%20desarrollo%20local%3A%20Sernatur%20otorga%20distinci%C3%B3n%20a%202%20municipios%20de%20la%20regi%C3%B3n%20de%20Ays%C3%A9n&#038;body=https:\/\/radiorevelacionfm.cl\/?p=42310' aria-hidden='false' data-av_icon='\ue805' data-av_iconfont='entypo-fontello' title='' data-avia-related-tooltip='Compartir por correo'><span class='avia_hidden_link_text'>Compartir por correo<\/span><\/a><\/li><\/ul><\/div><\/div>\n<div  style='height:50px' class='hr hr-invisible   avia-builder-el-8  el_after_av_social_share  el_before_av_comments_list '><span class='hr-inner ' ><span class='hr-inner-style'><\/span><\/span><\/div>\n<div  class='av-buildercomment  av-blog-meta-html-info-disabled av-blog-meta-tag-disabled  '><\/div>\n","protected":false},"excerpt":{"rendered":"","protected":false},"author":1,"featured_media":42311,"comment_status":"open","ping_status":"open","sticky":false,"template":"","format":"standard","meta":{"footnotes":""},"categories":[54],"tags":[],"class_list":["post-42310","post","type-post","status-publish","format-standard","has-post-thumbnail","hentry","category-turismo"],"jetpack_featured_media_url":"https:\/\/radiorevelacionfm.cl\/wp-content\/uploads\/2024\/05\/1-delgacion-ayseen-patagonia-congreso-nacional-1_optimized.jpg","_links":{"self":[{"href":"https:\/\/radiorevelacionfm.cl\/index.php?rest_route=\/wp\/v2\/posts\/42310","targetHints":{"allow":["GET"]}}],"collection":[{"href":"https:\/\/radiorevelacionfm.cl\/index.php?rest_route=\/wp\/v2\/posts"}],"about":[{"href":"https:\/\/radiorevelacionfm.cl\/index.php?rest_route=\/wp\/v2\/types\/post"}],"author":[{"embeddable":true,"href":"https:\/\/radiorevelacionfm.cl\/index.php?rest_route=\/wp\/v2\/users\/1"}],"replies":[{"embeddable":true,"href":"https:\/\/radiorevelacionfm.cl\/index.php?rest_route=%2Fwp%2Fv2%2Fcomments&post=42310"}],"version-history":[{"count":1,"href":"https:\/\/radiorevelacionfm.cl\/index.php?rest_route=\/wp\/v2\/posts\/42310\/revisions"}],"predecessor-version":[{"id":42312,"href":"https:\/\/radiorevelacionfm.cl\/index.php?rest_route=\/wp\/v2\/posts\/42310\/revisions\/42312"}],"wp:featuredmedia":[{"embeddable":true,"href":"https:\/\/radiorevelacionfm.cl\/index.php?rest_route=\/wp\/v2\/media\/42311"}],"wp:attachment":[{"href":"https:\/\/radiorevelacionfm.cl\/index.php?rest_route=%2Fwp%2Fv2%2Fmedia&parent=42310"}],"wp:term":[{"taxonomy":"category","embeddable":true,"href":"https:\/\/radiorevelacionfm.cl\/index.php?rest_route=%2Fwp%2Fv2%2Fcategories&post=42310"},{"taxonomy":"post_tag","embeddable":true,"href":"https:\/\/radiorevelacionfm.cl\/index.php?rest_route=%2Fwp%2Fv2%2Ftags&post=42310"}],"curies":[{"name":"wp","href":"https:\/\/api.w.org\/{rel}","templated":true}]}}