{"id":42304,"date":"2024-05-18T15:04:38","date_gmt":"2024-05-18T18:04:38","guid":{"rendered":"https:\/\/radiorevelacionfm.cl\/?p=42304"},"modified":"2024-05-18T15:04:38","modified_gmt":"2024-05-18T18:04:38","slug":"desde-hoy-puedes-conocer-si-fuiste-designado-vocal-de-mesa-y-cual-es-tu-local-de-votacion-para-las-primarias","status":"publish","type":"post","link":"https:\/\/radiorevelacionfm.cl\/?p=42304","title":{"rendered":"Desde hoy puedes conocer si fuiste designado vocal de mesa y cu\u00e1l es tu local de votaci\u00f3n para las Primarias\u00a0"},"content":{"rendered":"<div class=\"flex_column av_one_full  flex_column_div av-zero-column-padding first  avia-builder-el-0  el_before_av_one_full  avia-builder-el-first  \" style='border-radius:0px; '><div  class='avia-image-container  av-styling-    avia-builder-el-1  avia-builder-el-no-sibling  avia-align-center '  itemprop=\"image\" itemscope=\"itemscope\" itemtype=\"https:\/\/schema.org\/ImageObject\"  ><div class='avia-image-container-inner'><div class='avia-image-overlay-wrap'><img decoding=\"async\" class='wp-image-15847 avia-img-lazy-loading-not-15847 avia_image' src=\"https:\/\/radiorevelacionfm.cl\/wp-content\/uploads\/2022\/04\/servel-1-1-1.jpg\" alt='' title='servel (1) (1) (1)' height=\"600\" width=\"1067\"  itemprop=\"thumbnailUrl\" srcset=\"https:\/\/radiorevelacionfm.cl\/wp-content\/uploads\/2022\/04\/servel-1-1-1.jpg 1067w, https:\/\/radiorevelacionfm.cl\/wp-content\/uploads\/2022\/04\/servel-1-1-1-300x169.jpg 300w, https:\/\/radiorevelacionfm.cl\/wp-content\/uploads\/2022\/04\/servel-1-1-1-1030x579.jpg 1030w, https:\/\/radiorevelacionfm.cl\/wp-content\/uploads\/2022\/04\/servel-1-1-1-768x432.jpg 768w, https:\/\/radiorevelacionfm.cl\/wp-content\/uploads\/2022\/04\/servel-1-1-1-705x396.jpg 705w, https:\/\/radiorevelacionfm.cl\/wp-content\/uploads\/2022\/04\/servel-1-1-1-600x337.jpg 600w\" sizes=\"(max-width: 1067px) 100vw, 1067px\" \/><\/div><\/div><\/div><\/div><div class=\"flex_column av_one_full  flex_column_div av-zero-column-padding first  avia-builder-el-2  el_after_av_one_full  el_before_av_one_full  column-top-margin\" style='border-radius:0px; '><section class=\"av_textblock_section \"  itemscope=\"itemscope\" itemtype=\"https:\/\/schema.org\/BlogPosting\" itemprop=\"blogPost\" ><div class='avia_textblock  '   itemprop=\"text\" ><p style=\"text-align: center;\"><strong><span style=\"font-size: 18pt;\">Desde hoy puedes conocer si fuiste designado vocal de mesa y cu\u00e1l es tu local de votaci\u00f3n para las Primarias\u00a0<\/span><\/strong><\/p>\n<div id=\"gtx-trans\" style=\"position: absolute; left: -50px; top: 4.31534px;\">\n<div class=\"gtx-trans-icon\"><\/div>\n<\/div>\n<\/div><\/section><\/div><div class=\"flex_column av_one_full  flex_column_div av-zero-column-padding first  avia-builder-el-4  el_after_av_one_full  el_before_av_hr  column-top-margin\" style='border-radius:0px; '><section class=\"av_textblock_section \"  itemscope=\"itemscope\" itemtype=\"https:\/\/schema.org\/BlogPosting\" itemprop=\"blogPost\" ><div class='avia_textblock  '   itemprop=\"text\" ><p style=\"text-align: justify;\">El pr\u00f3ximo 9 de junio, en 2 regiones y 60 comunas de nuestro pa\u00eds se desarrollar\u00e1n las elecciones Primarias de Gobernadores Regionales y Alcaldesas y Alcaldes, que convocar\u00e1n en total a 215 candidatos: 209 candidatas y candidatos a Alcalde y 6 a Gobernadores Regionales.<\/p>\n<p style=\"text-align: justify;\">En las Primarias de Alcaldes podr\u00e1n votar independientes y afiliados a los partidos que pactaron. En algunas hay solo primarias de un pacto, en otras de dos.\u00a0 Los pactos que tendr\u00e1n primarias de alcaldes son:<\/p>\n<ul style=\"text-align: justify;\">\n<li>Partido Social Cristiano e Independientes<\/li>\n<li>Chile Vamos que re\u00fane a los partidos: Renovaci\u00f3n Nacional; Uni\u00f3n Dem\u00f3crata Independiente; Evoluci\u00f3n Pol\u00edtica e Independientes<\/li>\n<li>Contigo Chile Mejor que re\u00fane a los partidos Dem\u00f3crata Cristianos; Partido por la Democracia; Socialista; Comunista; Radical; Revoluci\u00f3n Democr\u00e1tica; Federaci\u00f3n Regionalista Verde Social; Comunes; Liberal; Convergencia Social; Acci\u00f3n Humanista e Independientes.<\/li>\n<\/ul>\n<p style=\"text-align: justify;\">En el caso de Primarias de Gobernadores est\u00e1s se desarrollar\u00e1n en las regiones de Coquimbo y Ays\u00e9n. En ambas regiones podr\u00e1n sufragar todas las electoras y electores independientes y los afiliados a los partidos del pacto Chile Vamos, esto es 747.311 personas.<\/p>\n<p style=\"text-align: justify;\">En total 4.766.161 independientes podr\u00e1n votar en estas elecciones Primarias y 78.499 afiliados a partidos pol\u00edticos que pactaron, es decir, 4.844.660 de un padr\u00f3n electoral total de la \u00faltima elecci\u00f3n de 15.278.800.<\/p>\n<p style=\"text-align: justify;\"><em>\u201cQuienes est\u00e9n afiliados en partidos que no pactaron en primarias NO pueden votar, eso es importante de recalcar. Tal como hemos dicho, es una elecci\u00f3n voluntaria. Sin embargo, desde Servel queremos tener una gran participaci\u00f3n electoral por lo que desde ya instamos a electoras y electores a acudir a las urnas este 9 de junio. Esta incluso podr\u00eda ser la \u00faltima elecci\u00f3n con este l\u00e1piz grafito, porque a la fecha a\u00fan no se aprueban y promulgan las reformas legales que instauran, entre otros, el l\u00e1piz pasta azul para sufragar. En esas mismas reformas est\u00e1 la elecci\u00f3n en dos d\u00edas para octubre que en Servel presentamos al Ejecutivo en enero. Estos d\u00edas los parlamentarios se comprometieron a tramitar la ley antes de fin de mes, confiamos que as\u00ed sea\u201d,<\/em>\u00a0se\u00f1al\u00f3 el Presidente del Consejo Directivo de Servel, Andr\u00e9s Tagle a los medios de comunicaci\u00f3n.<\/p>\n<p style=\"text-align: justify;\">Este 18 de mayo adem\u00e1s, fue publicada la n\u00f3mina de vocales de mesas designados por las Juntas Electorales que deber\u00e1n desempe\u00f1arse en 557 locales de votaci\u00f3n y 5.881 mesas. Lo mismo con los miembros de Colegios Escrutadores que para esta ocasi\u00f3n suman 94. Tambi\u00e9n cada electora y elector puede revisar desde a partir de esta fecha\u00a0<a href=\"https:\/\/consulta.servel.cl\/\" target=\"_blank\" rel=\"noreferrer noopener\"><strong>aqu\u00ed<\/strong><\/a><strong>\u00a0<\/strong>d\u00f3nde debe sufragar y en qu\u00e9 mesa. Una informaci\u00f3n relevante debido a que en Primarias se fusionan las Mesas Receptoras de Sufragio.<\/p>\n<p style=\"text-align: justify;\">Hay que recordar que los vocales que no puedan cumplir con su labor pueden excusarse desde el 20 al 23 de mayo ante la Junta Electoral que le corresponda. Mientras que el pr\u00f3ximo s\u00e1bado 25 de mayo se publica la n\u00f3mina de vocales reemplazantes que ya no cuentan con periodo de excusas.<\/p>\n<p style=\"text-align: justify;\"><em>\u201cLos vocales deben cumplir con su deber, este no es voluntario es obligatorio, si no se presentan adem\u00e1s de arriesgarse a las sanciones que la ley indica, sus mesas podr\u00edan no instalarse impidiendo el derecho a sufragio a cientos de personas. Las mesas no pueden iniciar sus funciones despu\u00e9s del mediod\u00eda\u201d<\/em>, agreg\u00f3 Tagle.<\/p>\n<p style=\"text-align: justify;\">Servel ha desplegado una campa\u00f1a que abarca spots de TV, frases radiales, redes sociales, v\u00eda p\u00fablica, medios de comunicaci\u00f3n escritos y otros, en donde se comunica la fecha de estas elecciones, qui\u00e9nes pueden votar, y tambi\u00e9n -y no menos importante- d\u00f3nde pueden encontrar los\u00a0<a href=\"https:\/\/www.servel.cl\/elecciones-2024\/candidatos-y-candidatas-2024\/\">nombres de todos los candidatos de estas primarias<\/a>: 209 candidatas y candidatos a alcaldesas y alcaldes, y 6 candidatos a Gobernadores Regionales.<\/p>\n<p style=\"text-align: justify;\"><strong>Cambio de domicilio electoral<\/strong><\/p>\n<p style=\"text-align: justify;\">Igualmente, el d\u00eda antes de las Primarias, es decir, el\u00a0<strong>8 de junio<\/strong>\u00a0vence el plazo para solicitar el tr\u00e1mite de cambio de domicilio electoral con miras ya a las elecciones Regionales y Municipales de octubre.<\/p>\n<p style=\"text-align: justify;\">Desde el 1 de enero Servel ha llamado a todas y todos a revisar y actualizar sus datos electorales, de forma exacta y correcta de modo de poder georreferenciarlos de la mejor manera y ubicarlos en uno de los locales m\u00e1s cercanos a su domicilio electoral.<\/p>\n<p style=\"text-align: justify;\">A la fecha, 345.077 han realizado este tr\u00e1mite, el 79% de ellos a trav\u00e9s de internet utilizando su Clave \u00danica, y el resto en las Direcciones Regionales de Servel, oficinas de Chileatiende y Consulados.<\/p>\n<p style=\"text-align: justify;\">Revisa y actualiza tu domicilio electoral\u00a0<a href=\"https:\/\/www.servel.cl\/solicitud-de-cambio-de-domicilio-electoral\/\" target=\"_blank\" rel=\"noreferrer noopener\"><strong>ac\u00e1<\/strong><\/a><\/p>\n<\/div><\/section><\/div><div  style='height:50px' class='hr hr-invisible   avia-builder-el-6  el_after_av_one_full  el_before_av_social_share '><span class='hr-inner ' ><span class='hr-inner-style'><\/span><\/span><\/div><\/p>\n<div  class='av-social-sharing-box  avia-builder-el-7  el_after_av_hr  el_before_av_hr  '><div class='av-share-box'><h5 class='av-share-link-description av-no-toc '>Compartir esta noticia<\/h5><ul class='av-share-box-list noLightbox'><li class='av-share-link av-social-link-facebook' ><a target=\"_blank\" aria-label=\"Compartir en Facebook\" href='https:\/\/www.facebook.com\/sharer.php?u=https:\/\/radiorevelacionfm.cl\/?p=42304&#038;t=Desde%20hoy%20puedes%20conocer%20si%20fuiste%20designado%20vocal%20de%20mesa%20y%20cu%C3%A1l%20es%20tu%20local%20de%20votaci%C3%B3n%20para%20las%20Primarias%C2%A0' aria-hidden='false' data-av_icon='\ue8f3' data-av_iconfont='entypo-fontello' title='' data-avia-related-tooltip='Compartir en Facebook' rel=\"noopener\"><span class='avia_hidden_link_text'>Compartir en Facebook<\/span><\/a><\/li><li class='av-share-link av-social-link-twitter' ><a target=\"_blank\" aria-label=\"Compartir en Twitter\" href='https:\/\/twitter.com\/share?text=Desde%20hoy%20puedes%20conocer%20si%20fuiste%20designado%20vocal%20de%20mesa%20y%20cu%C3%A1l%20es%20tu%20local%20de%20votaci%C3%B3n%20para%20las%20Primarias%C2%A0&#038;url=https:\/\/radiorevelacionfm.cl\/?p=42304' aria-hidden='false' data-av_icon='\ue8f1' data-av_iconfont='entypo-fontello' title='' data-avia-related-tooltip='Compartir en Twitter' rel=\"noopener\"><span class='avia_hidden_link_text'>Compartir en Twitter<\/span><\/a><\/li><li class='av-share-link av-social-link-whatsapp' ><a target=\"_blank\" aria-label=\"Compartir en Whatsapp\" href='https:\/\/api.whatsapp.com\/send?text=https:\/\/radiorevelacionfm.cl\/?p=42304' aria-hidden='false' data-av_icon='\uf232' data-av_iconfont='entypo-fontello' title='' data-avia-related-tooltip='Compartir en Whatsapp' rel=\"noopener\"><span class='avia_hidden_link_text'>Compartir en Whatsapp<\/span><\/a><\/li><li class='av-share-link av-social-link-linkedin' ><a target=\"_blank\" aria-label=\"Compartir en LinkedIn\" href='https:\/\/linkedin.com\/shareArticle?mini=true&#038;title=Desde%20hoy%20puedes%20conocer%20si%20fuiste%20designado%20vocal%20de%20mesa%20y%20cu%C3%A1l%20es%20tu%20local%20de%20votaci%C3%B3n%20para%20las%20Primarias%C2%A0&#038;url=https:\/\/radiorevelacionfm.cl\/?p=42304' aria-hidden='false' data-av_icon='\ue8fc' data-av_iconfont='entypo-fontello' title='' data-avia-related-tooltip='Compartir en LinkedIn' rel=\"noopener\"><span class='avia_hidden_link_text'>Compartir en LinkedIn<\/span><\/a><\/li><li class='av-share-link av-social-link-mail' ><a  aria-label=\"Compartir por correo\" href='mailto:?subject=Desde%20hoy%20puedes%20conocer%20si%20fuiste%20designado%20vocal%20de%20mesa%20y%20cu%C3%A1l%20es%20tu%20local%20de%20votaci%C3%B3n%20para%20las%20Primarias%C2%A0&#038;body=https:\/\/radiorevelacionfm.cl\/?p=42304' aria-hidden='false' data-av_icon='\ue805' data-av_iconfont='entypo-fontello' title='' data-avia-related-tooltip='Compartir por correo'><span class='avia_hidden_link_text'>Compartir por correo<\/span><\/a><\/li><\/ul><\/div><\/div>\n<div  style='height:50px' class='hr hr-invisible   avia-builder-el-8  el_after_av_social_share  el_before_av_comments_list '><span class='hr-inner ' ><span class='hr-inner-style'><\/span><\/span><\/div>\n<div  class='av-buildercomment  av-blog-meta-html-info-disabled av-blog-meta-tag-disabled  '><\/div>\n","protected":false},"excerpt":{"rendered":"","protected":false},"author":1,"featured_media":15847,"comment_status":"open","ping_status":"open","sticky":false,"template":"","format":"standard","meta":{"footnotes":""},"categories":[61],"tags":[],"class_list":["post-42304","post","type-post","status-publish","format-standard","has-post-thumbnail","hentry","category-nacional"],"jetpack_featured_media_url":"https:\/\/radiorevelacionfm.cl\/wp-content\/uploads\/2022\/04\/servel-1-1-1.jpg","_links":{"self":[{"href":"https:\/\/radiorevelacionfm.cl\/index.php?rest_route=\/wp\/v2\/posts\/42304","targetHints":{"allow":["GET"]}}],"collection":[{"href":"https:\/\/radiorevelacionfm.cl\/index.php?rest_route=\/wp\/v2\/posts"}],"about":[{"href":"https:\/\/radiorevelacionfm.cl\/index.php?rest_route=\/wp\/v2\/types\/post"}],"author":[{"embeddable":true,"href":"https:\/\/radiorevelacionfm.cl\/index.php?rest_route=\/wp\/v2\/users\/1"}],"replies":[{"embeddable":true,"href":"https:\/\/radiorevelacionfm.cl\/index.php?rest_route=%2Fwp%2Fv2%2Fcomments&post=42304"}],"version-history":[{"count":1,"href":"https:\/\/radiorevelacionfm.cl\/index.php?rest_route=\/wp\/v2\/posts\/42304\/revisions"}],"predecessor-version":[{"id":42305,"href":"https:\/\/radiorevelacionfm.cl\/index.php?rest_route=\/wp\/v2\/posts\/42304\/revisions\/42305"}],"wp:featuredmedia":[{"embeddable":true,"href":"https:\/\/radiorevelacionfm.cl\/index.php?rest_route=\/wp\/v2\/media\/15847"}],"wp:attachment":[{"href":"https:\/\/radiorevelacionfm.cl\/index.php?rest_route=%2Fwp%2Fv2%2Fmedia&parent=42304"}],"wp:term":[{"taxonomy":"category","embeddable":true,"href":"https:\/\/radiorevelacionfm.cl\/index.php?rest_route=%2Fwp%2Fv2%2Fcategories&post=42304"},{"taxonomy":"post_tag","embeddable":true,"href":"https:\/\/radiorevelacionfm.cl\/index.php?rest_route=%2Fwp%2Fv2%2Ftags&post=42304"}],"curies":[{"name":"wp","href":"https:\/\/api.w.org\/{rel}","templated":true}]}}