{"id":42300,"date":"2024-05-17T22:16:35","date_gmt":"2024-05-18T01:16:35","guid":{"rendered":"https:\/\/radiorevelacionfm.cl\/?p=42300"},"modified":"2024-05-17T22:16:35","modified_gmt":"2024-05-18T01:16:35","slug":"guaitecas-se-prepara-para-celebrar-su-rico-patrimonio-cultural","status":"publish","type":"post","link":"https:\/\/radiorevelacionfm.cl\/?p=42300","title":{"rendered":"Guaitecas se prepara para celebrar su rico patrimonio cultural"},"content":{"rendered":"<div class=\"flex_column av_one_full  flex_column_div av-zero-column-padding first  avia-builder-el-0  el_before_av_one_full  avia-builder-el-first  \" style='border-radius:0px; '><div  class='avia-image-container  av-styling-    avia-builder-el-1  avia-builder-el-no-sibling  avia-align-center '  itemprop=\"image\" itemscope=\"itemscope\" itemtype=\"https:\/\/schema.org\/ImageObject\"  ><div class='avia-image-container-inner'><div class='avia-image-overlay-wrap'><img decoding=\"async\" class='wp-image-42302 avia-img-lazy-loading-not-42302 avia_image' src=\"https:\/\/radiorevelacionfm.cl\/wp-content\/uploads\/2024\/05\/img-20230531-wa0012-1-2_optimized.jpg\" alt='' title='img-20230531-wa0012-(1)-(2)_optimized' height=\"600\" width=\"1055\"  itemprop=\"thumbnailUrl\" srcset=\"https:\/\/radiorevelacionfm.cl\/wp-content\/uploads\/2024\/05\/img-20230531-wa0012-1-2_optimized.jpg 1055w, https:\/\/radiorevelacionfm.cl\/wp-content\/uploads\/2024\/05\/img-20230531-wa0012-1-2_optimized-300x171.jpg 300w, https:\/\/radiorevelacionfm.cl\/wp-content\/uploads\/2024\/05\/img-20230531-wa0012-1-2_optimized-1030x586.jpg 1030w, https:\/\/radiorevelacionfm.cl\/wp-content\/uploads\/2024\/05\/img-20230531-wa0012-1-2_optimized-768x437.jpg 768w, https:\/\/radiorevelacionfm.cl\/wp-content\/uploads\/2024\/05\/img-20230531-wa0012-1-2_optimized-705x401.jpg 705w, https:\/\/radiorevelacionfm.cl\/wp-content\/uploads\/2024\/05\/img-20230531-wa0012-1-2_optimized-450x256.jpg 450w, https:\/\/radiorevelacionfm.cl\/wp-content\/uploads\/2024\/05\/img-20230531-wa0012-1-2_optimized-600x341.jpg 600w\" sizes=\"(max-width: 1055px) 100vw, 1055px\" \/><\/div><\/div><\/div><\/div><div class=\"flex_column av_one_full  flex_column_div av-zero-column-padding first  avia-builder-el-2  el_after_av_one_full  el_before_av_one_full  column-top-margin\" style='border-radius:0px; '><section class=\"av_textblock_section \"  itemscope=\"itemscope\" itemtype=\"https:\/\/schema.org\/BlogPosting\" itemprop=\"blogPost\" ><div class='avia_textblock  '   itemprop=\"text\" ><p style=\"text-align: center;\"><strong><span style=\"font-size: 18pt;\">Guaitecas se prepara para celebrar su rico patrimonio cultural<\/span><\/strong><\/p>\n<div id=\"gtx-trans\" style=\"position: absolute; left: -50px; top: 4.31534px;\">\n<div class=\"gtx-trans-icon\"><\/div>\n<\/div>\n<\/div><\/section><\/div><div class=\"flex_column av_one_full  flex_column_div av-zero-column-padding first  avia-builder-el-4  el_after_av_one_full  el_before_av_hr  column-top-margin\" style='border-radius:0px; '><section class=\"av_textblock_section \"  itemscope=\"itemscope\" itemtype=\"https:\/\/schema.org\/BlogPosting\" itemprop=\"blogPost\" ><div class='avia_textblock  '   itemprop=\"text\" ><p style=\"text-align: justify;\"><em>Una serie de actividades se han estado organizando en Guaitecas para celebrar el D\u00eda de los Patrimonios desde la identidad local, vinculada siempre con el mar.<\/em><\/p>\n<p style=\"text-align: justify;\">Samir Barrientos, de la Unidad de Cultura de la Municipalidad de Guaitecas, explic\u00f3 que junto a otras dependencias y oficinas municipales han estado trabajando en primera instancia en la organizaci\u00f3n de dos concursos asociados al patrimonio local, a los que se ha invitado a la comunidad a participar.<\/p>\n<p style=\"text-align: justify;\">\u201cEl primero est\u00e1 dirigido a la comunidad educativa, que se llama Guaitecas Sobre el Lienzo y consiste en crear una obras sobre en un bloc que tenga relaci\u00f3n directa con el mar, pues adem\u00e1s estamos en el mes del mar y tenemos otro concurso que se llama Choroman\u00eda, en el que vamos a premiar a quien traiga el bivalvo de mayor longitud\u201d, dijo el funcionario municipal, quien a\u00f1adi\u00f3 que para ambos con concursos hay interesantes premios.<\/p>\n<p style=\"text-align: justify;\">Con relaci\u00f3n a las actividades del D\u00eda de los Patrimonios propiamente tal, Samir Barrientos explic\u00f3 que en Guaitecas se concentrar\u00e1n el pr\u00f3ximo s\u00e1bado 25 de mayo y se ha planeado realizar una ruta patrimonial que recorra la comuna, desde Repollal a Melinka, visitando personas y lugares de inter\u00e9s cultural y patrimonial.<\/p>\n<p style=\"text-align: justify;\">\u201cVamos a hacer una ruta patrimonial, que va a iniciar en Repollal, y que va a tener varios puntos a los que acudir. El Primero es la casa de Don Jos\u00e9 Colivoro, que es un tesoro vivo que tenemos en la comuna; luego tenemos una visita a los conchales; luego vamos a ir a la iglesia de Repollal a reencontrarnos con su historia, para luego proseguir hasta Melinka y visitar una de las casas m\u00e1s antiguas que hay en la localidad y finalizar en taller del carpintero de ribera Octavo Chiguay y conocer este oficio\u201d, dijo el funcionario municipal quien a\u00f1adi\u00f3 que la idea es terminar la jornada con una actividad con artistas locales, artesanos y otros agentes culturales de la comuna.<\/p>\n<\/div><\/section><\/div><div  style='height:50px' class='hr hr-invisible   avia-builder-el-6  el_after_av_one_full  el_before_av_social_share '><span class='hr-inner ' ><span class='hr-inner-style'><\/span><\/span><\/div><\/p>\n<div  class='av-social-sharing-box  avia-builder-el-7  el_after_av_hr  el_before_av_hr  '><div class='av-share-box'><h5 class='av-share-link-description av-no-toc '>Compartir esta noticia<\/h5><ul class='av-share-box-list noLightbox'><li class='av-share-link av-social-link-facebook' ><a target=\"_blank\" aria-label=\"Compartir en Facebook\" href='https:\/\/www.facebook.com\/sharer.php?u=https:\/\/radiorevelacionfm.cl\/?p=42300&#038;t=Guaitecas%20se%20prepara%20para%20celebrar%20su%20rico%20patrimonio%20cultural' aria-hidden='false' data-av_icon='\ue8f3' data-av_iconfont='entypo-fontello' title='' data-avia-related-tooltip='Compartir en Facebook' rel=\"noopener\"><span class='avia_hidden_link_text'>Compartir en Facebook<\/span><\/a><\/li><li class='av-share-link av-social-link-twitter' ><a target=\"_blank\" aria-label=\"Compartir en Twitter\" href='https:\/\/twitter.com\/share?text=Guaitecas%20se%20prepara%20para%20celebrar%20su%20rico%20patrimonio%20cultural&#038;url=https:\/\/radiorevelacionfm.cl\/?p=42300' aria-hidden='false' data-av_icon='\ue8f1' data-av_iconfont='entypo-fontello' title='' data-avia-related-tooltip='Compartir en Twitter' rel=\"noopener\"><span class='avia_hidden_link_text'>Compartir en Twitter<\/span><\/a><\/li><li class='av-share-link av-social-link-whatsapp' ><a target=\"_blank\" aria-label=\"Compartir en Whatsapp\" href='https:\/\/api.whatsapp.com\/send?text=https:\/\/radiorevelacionfm.cl\/?p=42300' aria-hidden='false' data-av_icon='\uf232' data-av_iconfont='entypo-fontello' title='' data-avia-related-tooltip='Compartir en Whatsapp' rel=\"noopener\"><span class='avia_hidden_link_text'>Compartir en Whatsapp<\/span><\/a><\/li><li class='av-share-link av-social-link-linkedin' ><a target=\"_blank\" aria-label=\"Compartir en LinkedIn\" href='https:\/\/linkedin.com\/shareArticle?mini=true&#038;title=Guaitecas%20se%20prepara%20para%20celebrar%20su%20rico%20patrimonio%20cultural&#038;url=https:\/\/radiorevelacionfm.cl\/?p=42300' aria-hidden='false' data-av_icon='\ue8fc' data-av_iconfont='entypo-fontello' title='' data-avia-related-tooltip='Compartir en LinkedIn' rel=\"noopener\"><span class='avia_hidden_link_text'>Compartir en LinkedIn<\/span><\/a><\/li><li class='av-share-link av-social-link-mail' ><a  aria-label=\"Compartir por correo\" href='mailto:?subject=Guaitecas%20se%20prepara%20para%20celebrar%20su%20rico%20patrimonio%20cultural&#038;body=https:\/\/radiorevelacionfm.cl\/?p=42300' aria-hidden='false' data-av_icon='\ue805' data-av_iconfont='entypo-fontello' title='' data-avia-related-tooltip='Compartir por correo'><span class='avia_hidden_link_text'>Compartir por correo<\/span><\/a><\/li><\/ul><\/div><\/div>\n<div  style='height:50px' class='hr hr-invisible   avia-builder-el-8  el_after_av_social_share  el_before_av_comments_list '><span class='hr-inner ' ><span class='hr-inner-style'><\/span><\/span><\/div>\n<div  class='av-buildercomment  av-blog-meta-html-info-disabled av-blog-meta-tag-disabled  '><\/div>\n","protected":false},"excerpt":{"rendered":"","protected":false},"author":1,"featured_media":42302,"comment_status":"open","ping_status":"open","sticky":false,"template":"","format":"standard","meta":{"footnotes":""},"categories":[38],"tags":[],"class_list":["post-42300","post","type-post","status-publish","format-standard","has-post-thumbnail","hentry","category-regional"],"jetpack_featured_media_url":"https:\/\/radiorevelacionfm.cl\/wp-content\/uploads\/2024\/05\/img-20230531-wa0012-1-2_optimized.jpg","_links":{"self":[{"href":"https:\/\/radiorevelacionfm.cl\/index.php?rest_route=\/wp\/v2\/posts\/42300","targetHints":{"allow":["GET"]}}],"collection":[{"href":"https:\/\/radiorevelacionfm.cl\/index.php?rest_route=\/wp\/v2\/posts"}],"about":[{"href":"https:\/\/radiorevelacionfm.cl\/index.php?rest_route=\/wp\/v2\/types\/post"}],"author":[{"embeddable":true,"href":"https:\/\/radiorevelacionfm.cl\/index.php?rest_route=\/wp\/v2\/users\/1"}],"replies":[{"embeddable":true,"href":"https:\/\/radiorevelacionfm.cl\/index.php?rest_route=%2Fwp%2Fv2%2Fcomments&post=42300"}],"version-history":[{"count":1,"href":"https:\/\/radiorevelacionfm.cl\/index.php?rest_route=\/wp\/v2\/posts\/42300\/revisions"}],"predecessor-version":[{"id":42303,"href":"https:\/\/radiorevelacionfm.cl\/index.php?rest_route=\/wp\/v2\/posts\/42300\/revisions\/42303"}],"wp:featuredmedia":[{"embeddable":true,"href":"https:\/\/radiorevelacionfm.cl\/index.php?rest_route=\/wp\/v2\/media\/42302"}],"wp:attachment":[{"href":"https:\/\/radiorevelacionfm.cl\/index.php?rest_route=%2Fwp%2Fv2%2Fmedia&parent=42300"}],"wp:term":[{"taxonomy":"category","embeddable":true,"href":"https:\/\/radiorevelacionfm.cl\/index.php?rest_route=%2Fwp%2Fv2%2Fcategories&post=42300"},{"taxonomy":"post_tag","embeddable":true,"href":"https:\/\/radiorevelacionfm.cl\/index.php?rest_route=%2Fwp%2Fv2%2Ftags&post=42300"}],"curies":[{"name":"wp","href":"https:\/\/api.w.org\/{rel}","templated":true}]}}