{"id":42292,"date":"2024-05-17T21:00:34","date_gmt":"2024-05-18T00:00:34","guid":{"rendered":"https:\/\/radiorevelacionfm.cl\/?p=42292"},"modified":"2024-05-17T21:00:34","modified_gmt":"2024-05-18T00:00:34","slug":"por-primera-vez-la-bandera-lgbtiqanb-es-izada-en-el-pabellon-municipal-de-aysen","status":"publish","type":"post","link":"https:\/\/radiorevelacionfm.cl\/?p=42292","title":{"rendered":"Por primera vez la bandera LGBTIQANB+ es izada en el pabell\u00f3n municipal de Ays\u00e9n"},"content":{"rendered":"<div class=\"flex_column av_one_full  flex_column_div av-zero-column-padding first  avia-builder-el-0  el_before_av_one_full  avia-builder-el-first  \" style='border-radius:0px; '><div  class='avia-image-container  av-styling-    avia-builder-el-1  avia-builder-el-no-sibling  avia-align-center '  itemprop=\"image\" itemscope=\"itemscope\" itemtype=\"https:\/\/schema.org\/ImageObject\"  ><div class='avia-image-container-inner'><div class='avia-image-overlay-wrap'><img decoding=\"async\" class='wp-image-42293 avia-img-lazy-loading-not-42293 avia_image' src=\"https:\/\/radiorevelacionfm.cl\/wp-content\/uploads\/2024\/05\/20240517_103420-1-1.jpg\" alt='' title='20240517_103420 (1) (1)' height=\"600\" width=\"800\"  itemprop=\"thumbnailUrl\" srcset=\"https:\/\/radiorevelacionfm.cl\/wp-content\/uploads\/2024\/05\/20240517_103420-1-1.jpg 800w, https:\/\/radiorevelacionfm.cl\/wp-content\/uploads\/2024\/05\/20240517_103420-1-1-300x225.jpg 300w, https:\/\/radiorevelacionfm.cl\/wp-content\/uploads\/2024\/05\/20240517_103420-1-1-768x576.jpg 768w, https:\/\/radiorevelacionfm.cl\/wp-content\/uploads\/2024\/05\/20240517_103420-1-1-705x529.jpg 705w, https:\/\/radiorevelacionfm.cl\/wp-content\/uploads\/2024\/05\/20240517_103420-1-1-450x338.jpg 450w, https:\/\/radiorevelacionfm.cl\/wp-content\/uploads\/2024\/05\/20240517_103420-1-1-600x450.jpg 600w\" sizes=\"(max-width: 800px) 100vw, 800px\" \/><\/div><\/div><\/div><\/div><div class=\"flex_column av_one_full  flex_column_div av-zero-column-padding first  avia-builder-el-2  el_after_av_one_full  el_before_av_one_full  column-top-margin\" style='border-radius:0px; '><section class=\"av_textblock_section \"  itemscope=\"itemscope\" itemtype=\"https:\/\/schema.org\/BlogPosting\" itemprop=\"blogPost\" ><div class='avia_textblock  '   itemprop=\"text\" ><p style=\"text-align: center;\"><strong><span style=\"font-size: 18pt;\">Por primera vez la bandera LGBTIQANB+ es izada en el pabell\u00f3n municipal de Ays\u00e9n<\/span><\/strong><\/p>\n<div id=\"gtx-trans\" style=\"position: absolute; left: -50px; top: 4.31534px;\">\n<div class=\"gtx-trans-icon\"><\/div>\n<\/div>\n<\/div><\/section><\/div><div class=\"flex_column av_one_full  flex_column_div av-zero-column-padding first  avia-builder-el-4  el_after_av_one_full  el_before_av_hr  column-top-margin\" style='border-radius:0px; '><section class=\"av_textblock_section \"  itemscope=\"itemscope\" itemtype=\"https:\/\/schema.org\/BlogPosting\" itemprop=\"blogPost\" ><div class='avia_textblock  '   itemprop=\"text\" ><p style=\"text-align: justify;\"><em>En conmemoraci\u00f3n al d\u00eda Internacional contra la Homofobia, Transfobia y Bifobia, la municipalidad realiz\u00f3 un acto para la visibilizaci\u00f3n de las disidencias. Durante todo el d\u00eda onde\u00f3 la bandera frente al edificio consistorial y se realiz\u00f3 una exposici\u00f3n de casos medi\u00e1ticos en la plazoleta de la biblioteca municipal.<\/em><\/p>\n<p style=\"text-align: justify;\">A petici\u00f3n del Movilh, el municipio aysenino particip\u00f3 en la #Campa\u00f1aArco\u00edris, la cual se realiza a nivel nacional en el d\u00eda de Internacional contra la Homofobia, Transfobia y Bifobia. Es una instancia para la concientizaci\u00f3n de los problemas y abusos que los g\u00e9neros disidentes.<\/p>\n<p style=\"text-align: justify;\">El acto simb\u00f3lico se llev\u00f3 a cabo a las 10:00 horas de la ma\u00f1ana del viernes y estuvo a cargo del Programa de Prevenci\u00f3n de las Violencias de G\u00e9nero de la Ilustre Municipalidad de Ays\u00e9n en conjunto con SernamEG y el Instituto Nacional de Derechos Humanos.<\/p>\n<p style=\"text-align: justify;\">Carla Romo, profesional del INDH explica que, \u201cesta conmemoraci\u00f3n es un llamado internacional de las distintas organizaciones de las diversidades sexo-gen\u00e9ricas para reconocer que un 17 de mayo del a\u00f1o 90 se erradica la homosexualidad como una patolog\u00eda cl\u00ednica o mental\u201d.<\/p>\n<p style=\"text-align: justify;\">\u201cDesde ah\u00ed ha existido una largo camino, una larga lucha por lograr la inclusi\u00f3n y participaci\u00f3n efectiva de las personas, de las diversidades sexuales, as\u00ed que a la comunidad hacerle este llamado a reflexionar sobre la importancia del respeto, la sana convivencia, y lo m\u00e1s importante, permitir que las personas amen, sientan y se expresen libremente y sin temor a recibir violencia u odio\u201d, concluye la profesional.<\/p>\n<p style=\"text-align: justify;\">Despu\u00e9s de la ceremonia en el frontis municipal, los invitados se trasladaron a las inmediaciones de la biblioteca p\u00fablica para encontrarse con una exposici\u00f3n con antiguas noticias que presentaban injusticias que sufrieron personas por su condici\u00f3n sexo-gen\u00e9rica.<\/p>\n<p style=\"text-align: justify;\">Una de las encargadas territoriales del programa de prevenci\u00f3n de la violencia de g\u00e9nero, Anny Vidal, realiz\u00f3 una invitaci\u00f3n a toda la comunidad de Ays\u00e9n, \u201cno olvidar el d\u00eda 17 de mayo, porque en realidad nosotros como personas no tenemos el poder de aceptar un otro, sino que tenemos \u00fanicamente la capacidad de respetar y tolerar uno a otro\u201d.<\/p>\n<p style=\"text-align: justify;\">\u201cPor eso invitamos a que podamos aceptar, comprender y tolerar, a todas las diversidades sexuales, porque la heterosexualidad no es lo normal, es solo lo m\u00e1s com\u00fan. Todos somos personas diversas\u201d, finaliza Anny Vidal.<\/p>\n<\/div><\/section><\/div><div  style='height:50px' class='hr hr-invisible   avia-builder-el-6  el_after_av_one_full  el_before_av_social_share '><span class='hr-inner ' ><span class='hr-inner-style'><\/span><\/span><\/div><\/p>\n<div  class='av-social-sharing-box  avia-builder-el-7  el_after_av_hr  el_before_av_hr  '><div class='av-share-box'><h5 class='av-share-link-description av-no-toc '>Compartir esta noticia<\/h5><ul class='av-share-box-list noLightbox'><li class='av-share-link av-social-link-facebook' ><a target=\"_blank\" aria-label=\"Compartir en Facebook\" href='https:\/\/www.facebook.com\/sharer.php?u=https:\/\/radiorevelacionfm.cl\/?p=42292&#038;t=Por%20primera%20vez%20la%20bandera%20LGBTIQANB%2B%20es%20izada%20en%20el%20pabell%C3%B3n%20municipal%20de%20Ays%C3%A9n' aria-hidden='false' data-av_icon='\ue8f3' data-av_iconfont='entypo-fontello' title='' data-avia-related-tooltip='Compartir en Facebook' rel=\"noopener\"><span class='avia_hidden_link_text'>Compartir en Facebook<\/span><\/a><\/li><li class='av-share-link av-social-link-twitter' ><a target=\"_blank\" aria-label=\"Compartir en Twitter\" href='https:\/\/twitter.com\/share?text=Por%20primera%20vez%20la%20bandera%20LGBTIQANB%2B%20es%20izada%20en%20el%20pabell%C3%B3n%20municipal%20de%20Ays%C3%A9n&#038;url=https:\/\/radiorevelacionfm.cl\/?p=42292' aria-hidden='false' data-av_icon='\ue8f1' data-av_iconfont='entypo-fontello' title='' data-avia-related-tooltip='Compartir en Twitter' rel=\"noopener\"><span class='avia_hidden_link_text'>Compartir en Twitter<\/span><\/a><\/li><li class='av-share-link av-social-link-whatsapp' ><a target=\"_blank\" aria-label=\"Compartir en Whatsapp\" href='https:\/\/api.whatsapp.com\/send?text=https:\/\/radiorevelacionfm.cl\/?p=42292' aria-hidden='false' data-av_icon='\uf232' data-av_iconfont='entypo-fontello' title='' data-avia-related-tooltip='Compartir en Whatsapp' rel=\"noopener\"><span class='avia_hidden_link_text'>Compartir en Whatsapp<\/span><\/a><\/li><li class='av-share-link av-social-link-linkedin' ><a target=\"_blank\" aria-label=\"Compartir en LinkedIn\" href='https:\/\/linkedin.com\/shareArticle?mini=true&#038;title=Por%20primera%20vez%20la%20bandera%20LGBTIQANB%2B%20es%20izada%20en%20el%20pabell%C3%B3n%20municipal%20de%20Ays%C3%A9n&#038;url=https:\/\/radiorevelacionfm.cl\/?p=42292' aria-hidden='false' data-av_icon='\ue8fc' data-av_iconfont='entypo-fontello' title='' data-avia-related-tooltip='Compartir en LinkedIn' rel=\"noopener\"><span class='avia_hidden_link_text'>Compartir en LinkedIn<\/span><\/a><\/li><li class='av-share-link av-social-link-mail' ><a  aria-label=\"Compartir por correo\" href='mailto:?subject=Por%20primera%20vez%20la%20bandera%20LGBTIQANB%2B%20es%20izada%20en%20el%20pabell%C3%B3n%20municipal%20de%20Ays%C3%A9n&#038;body=https:\/\/radiorevelacionfm.cl\/?p=42292' aria-hidden='false' data-av_icon='\ue805' data-av_iconfont='entypo-fontello' title='' data-avia-related-tooltip='Compartir por correo'><span class='avia_hidden_link_text'>Compartir por correo<\/span><\/a><\/li><\/ul><\/div><\/div>\n<div  style='height:50px' class='hr hr-invisible   avia-builder-el-8  el_after_av_social_share  el_before_av_comments_list '><span class='hr-inner ' ><span class='hr-inner-style'><\/span><\/span><\/div>\n<div  class='av-buildercomment  av-blog-meta-html-info-disabled av-blog-meta-tag-disabled  '><\/div>\n","protected":false},"excerpt":{"rendered":"","protected":false},"author":1,"featured_media":42293,"comment_status":"open","ping_status":"open","sticky":false,"template":"","format":"standard","meta":{"footnotes":""},"categories":[38],"tags":[],"class_list":["post-42292","post","type-post","status-publish","format-standard","has-post-thumbnail","hentry","category-regional"],"jetpack_featured_media_url":"https:\/\/radiorevelacionfm.cl\/wp-content\/uploads\/2024\/05\/20240517_103420-1-1.jpg","_links":{"self":[{"href":"https:\/\/radiorevelacionfm.cl\/index.php?rest_route=\/wp\/v2\/posts\/42292","targetHints":{"allow":["GET"]}}],"collection":[{"href":"https:\/\/radiorevelacionfm.cl\/index.php?rest_route=\/wp\/v2\/posts"}],"about":[{"href":"https:\/\/radiorevelacionfm.cl\/index.php?rest_route=\/wp\/v2\/types\/post"}],"author":[{"embeddable":true,"href":"https:\/\/radiorevelacionfm.cl\/index.php?rest_route=\/wp\/v2\/users\/1"}],"replies":[{"embeddable":true,"href":"https:\/\/radiorevelacionfm.cl\/index.php?rest_route=%2Fwp%2Fv2%2Fcomments&post=42292"}],"version-history":[{"count":1,"href":"https:\/\/radiorevelacionfm.cl\/index.php?rest_route=\/wp\/v2\/posts\/42292\/revisions"}],"predecessor-version":[{"id":42294,"href":"https:\/\/radiorevelacionfm.cl\/index.php?rest_route=\/wp\/v2\/posts\/42292\/revisions\/42294"}],"wp:featuredmedia":[{"embeddable":true,"href":"https:\/\/radiorevelacionfm.cl\/index.php?rest_route=\/wp\/v2\/media\/42293"}],"wp:attachment":[{"href":"https:\/\/radiorevelacionfm.cl\/index.php?rest_route=%2Fwp%2Fv2%2Fmedia&parent=42292"}],"wp:term":[{"taxonomy":"category","embeddable":true,"href":"https:\/\/radiorevelacionfm.cl\/index.php?rest_route=%2Fwp%2Fv2%2Fcategories&post=42292"},{"taxonomy":"post_tag","embeddable":true,"href":"https:\/\/radiorevelacionfm.cl\/index.php?rest_route=%2Fwp%2Fv2%2Ftags&post=42292"}],"curies":[{"name":"wp","href":"https:\/\/api.w.org\/{rel}","templated":true}]}}