{"id":42286,"date":"2024-05-18T12:51:47","date_gmt":"2024-05-18T15:51:47","guid":{"rendered":"https:\/\/radiorevelacionfm.cl\/?p=42286"},"modified":"2024-05-18T12:51:47","modified_gmt":"2024-05-18T15:51:47","slug":"notable-incremento-de-intervenciones-quirurgicas-y-reduccion-de-tiempos-de-espera-son-algunos-de-los-datos-que-arroja-la-cuenta-publica-del-servicio-de-salud-aysen","status":"publish","type":"post","link":"https:\/\/radiorevelacionfm.cl\/?p=42286","title":{"rendered":"Notable incremento de intervenciones quir\u00fargicas y reducci\u00f3n de tiempos de espera son algunos de los datos que arroja la cuenta p\u00fablica del Servicio de Salud Ays\u00e9n"},"content":{"rendered":"<div class=\"flex_column av_one_full  flex_column_div av-zero-column-padding first  avia-builder-el-0  el_before_av_one_full  avia-builder-el-first  \" style='border-radius:0px; '><div  class='avia-image-container  av-styling-    avia-builder-el-1  avia-builder-el-no-sibling  avia-align-center '  itemprop=\"image\" itemscope=\"itemscope\" itemtype=\"https:\/\/schema.org\/ImageObject\"  ><div class='avia-image-container-inner'><div class='avia-image-overlay-wrap'><img decoding=\"async\" class='wp-image-42287 avia-img-lazy-loading-not-42287 avia_image' src=\"https:\/\/radiorevelacionfm.cl\/wp-content\/uploads\/2024\/05\/cuenta-publica-1_optimized.jpeg\" alt='' title='cuenta-p\u00fablica-(1)_optimized' height=\"600\" width=\"800\"  itemprop=\"thumbnailUrl\" srcset=\"https:\/\/radiorevelacionfm.cl\/wp-content\/uploads\/2024\/05\/cuenta-publica-1_optimized.jpeg 800w, https:\/\/radiorevelacionfm.cl\/wp-content\/uploads\/2024\/05\/cuenta-publica-1_optimized-300x225.jpeg 300w, https:\/\/radiorevelacionfm.cl\/wp-content\/uploads\/2024\/05\/cuenta-publica-1_optimized-768x576.jpeg 768w, https:\/\/radiorevelacionfm.cl\/wp-content\/uploads\/2024\/05\/cuenta-publica-1_optimized-705x529.jpeg 705w, https:\/\/radiorevelacionfm.cl\/wp-content\/uploads\/2024\/05\/cuenta-publica-1_optimized-450x338.jpeg 450w, https:\/\/radiorevelacionfm.cl\/wp-content\/uploads\/2024\/05\/cuenta-publica-1_optimized-600x450.jpeg 600w\" sizes=\"(max-width: 800px) 100vw, 800px\" \/><\/div><\/div><\/div><\/div><div class=\"flex_column av_one_full  flex_column_div av-zero-column-padding first  avia-builder-el-2  el_after_av_one_full  el_before_av_one_full  column-top-margin\" style='border-radius:0px; '><section class=\"av_textblock_section \"  itemscope=\"itemscope\" itemtype=\"https:\/\/schema.org\/BlogPosting\" itemprop=\"blogPost\" ><div class='avia_textblock  '   itemprop=\"text\" ><p style=\"text-align: center;\"><strong><span style=\"font-size: 18pt;\">Notable incremento de intervenciones quir\u00fargicas y reducci\u00f3n de tiempos de espera son algunos de los datos que arroja la cuenta p\u00fablica del Servicio de Salud Ays\u00e9n<\/span><\/strong><\/p>\n<div id=\"gtx-trans\" style=\"position: absolute; left: -50px; top: 4.31534px;\">\n<div class=\"gtx-trans-icon\"><\/div>\n<\/div>\n<\/div><\/section><\/div><div class=\"flex_column av_one_full  flex_column_div av-zero-column-padding first  avia-builder-el-4  el_after_av_one_full  el_before_av_hr  column-top-margin\" style='border-radius:0px; '><section class=\"av_textblock_section \"  itemscope=\"itemscope\" itemtype=\"https:\/\/schema.org\/BlogPosting\" itemprop=\"blogPost\" ><div class='avia_textblock  '   itemprop=\"text\" ><p class=\"v1MsoNormal\" style=\"text-align: justify;\">Fortalecimiento de la atenci\u00f3n primaria, reducci\u00f3n de tiempos de espera y avances sustanciales en n\u00famero de intervenciones quir\u00fargicas, adem\u00e1s de progresos en salud mental, rondas m\u00e9dicas de especialistas e infraestructura, fueron algunos de los componentes que destac\u00f3 la cuenta p\u00fablica participativa gesti\u00f3n 2023 del Servicio de Salud Ays\u00e9n, que fue presentada por su director, Juan Pablo Bravo Quintana.<\/p>\n<p class=\"v1MsoNormal\" style=\"text-align: justify;\">\u00abValorar los desaf\u00edos que se plantearon en esta cuenta p\u00fablica que tienen que ver con lo que m\u00e1s siente la comunidad, con aquellas situaciones que m\u00e1s generan dolor, angustia, avanzar en infraestructura, en atenci\u00f3n primaria universal, mejor tecnolog\u00eda para acercar la salud a los territorios m\u00e1s aislados y eso est\u00e1 muy en concordancia con las necesidades reales de nuestro territorio. Como autoridad sanitaria, el director del servicio tiene todo nuestro respaldo y seguir en este camino de dar cuenta a la comunidad, pero tambi\u00e9n respondiendo a sus sentidas necesidades\u00bb, puntualiz\u00f3 Carmen Gloria Monsalve, Seremi de Salud Ays\u00e9n.<\/p>\n<p class=\"v1MsoNormal\" style=\"text-align: justify;\">La cuenta p\u00fablica compar\u00f3 las cifras del 2019, pre pandemia y los a\u00f1os 2022 y 2023, para contar con un panorama m\u00e1s completo y ajustado a la realidad local.<\/p>\n<p class=\"v1MsoNormal\" style=\"text-align: justify;\">En ese sentido destacan los ex\u00e1menes de laboratorio que sufrieron un importante incremento, como asimismo las resonancias nucleares, que tras el arribo de este equipamiento permite realizar este examen en la regi\u00f3n de Ays\u00e9n. \u00abHay hitos important\u00edsimos que se han marcado y un gran desaf\u00edo por delante que la salud sea igualitaria, que podamos alcanzar los beneficios en la salud que Chile necesita y que particularmente esta regi\u00f3n necesita. Hemos visto los comparativos nacionales y la verdad es que se ha hecho un trabajo que tal vez no se aprecia en la profundidad y realidad que se est\u00e1 viviendo en nuestra regi\u00f3n, pero que se est\u00e1 avanzando significativamente por la integraci\u00f3n y la cohesi\u00f3n de la red asistencial\u00bb, indic\u00f3 Hugo Guerrero, capell\u00e1n y dirigente social.<\/p>\n<p class=\"v1MsoNormal\" style=\"text-align: justify;\"><b>Ejes estrat\u00e9gicos y copago cero<\/b><\/p>\n<p class=\"v1MsoNormal\" style=\"text-align: justify;\">Las rondas m\u00e9dicas de especialistas que se implementaron durante el a\u00f1o 2023 es una pol\u00edtica p\u00fablica que nace desde el Servicio y que permiti\u00f3 35 cirug\u00edas y casi 600 procedimientos en los hospitales comunitarios de la Red Asistencial.<\/p>\n<p class=\"v1MsoNormal\" style=\"text-align: justify;\">La atenci\u00f3n de psic\u00f3logos y especialistas m\u00e9dicos en salud mental tambi\u00e9n percibieron un aumento respecto a 2019 y 2022.\u00a0 \u00abRelevar el hito importante que sacamos la cuenta p\u00fablica de Coyhaique, es fundamental y tiene que ver con la impronta que le queremos dar a la salud para acercarla a la comunidad y esto no es desmerecer Coyhaique, sino darle m\u00e1s equidad y mejorar la atenci\u00f3n a nivel regional y llevar salud de calidad a cada uno de los usuarios de nuestra Red Asistencial de la regi\u00f3n\u00bb, se\u00f1al\u00f3 Juan Pablo Bravo, director del SSA, quien aprovech\u00f3 de agradecer al Hospital de Puerto Ays\u00e9n las facilidades para realizar la cuenta p\u00fablica gesti\u00f3n 2023 en esas dependencias.<\/p>\n<p class=\"v1MsoNormal\" style=\"text-align: justify;\">En oncolog\u00eda se apuntaron variaciones positivas superiores al 20% respecto a los a\u00f1os 2019 y 2022 y m\u00e1s de mil PAP respecto a 2022 y casi el doble si se compara con 2019.<\/p>\n<p class=\"v1MsoNormal\" style=\"text-align: justify;\">Adem\u00e1s, la pol\u00edtica de la administraci\u00f3n del presidente Gabriel Boric en torno a la implementaci\u00f3n del copago cero para todos los afiliados a FONASA signific\u00f3 un ahorro para las familias de m\u00e1s de mil cien millones de pesos para los m\u00e1s de 17 mil personas que hicieron uso de este beneficio. \u00abSin lugar a dudas habr\u00e1 cosas que no se hicieron bien, es parte de la naturaleza humana y la gesti\u00f3n de las actividades, valoro mucho aquello y valoro tambi\u00e9n la importancia que esta direcci\u00f3n y los profesionales de la salud est\u00e1n dando a la participaci\u00f3n ciudadana, sin ella la equidad sigue siendo negativa en la salud, por lo tanto, hacia all\u00e1 caminamos, avanzar juntos con las autoridades de salud\u00bb, manifest\u00f3 V\u00edctor Soto, dirigente regional de los adultos mayores y del Consejo de Desarrollo Local del CESFAM Dr. Alejandro Guti\u00e9rrez.<\/p>\n<p class=\"v1MsoNormal\" style=\"text-align: justify;\">En tanto en salud digital se realizaron 1749 prestaciones bajo esta modalidad de atenci\u00f3n a distancia, un 63% m\u00e1s que el a\u00f1o 2022.<\/p>\n<p class=\"v1MsoNormal\" style=\"text-align: justify;\"><b>Infraestructura y Desaf\u00edos<\/b><\/p>\n<p class=\"v1MsoNormal\" style=\"text-align: justify;\">Entre las importantes obras del a\u00f1o 2023 se cuentan las reposiciones de las postas de Guadal, Cerro Castillo y La Tapera, adem\u00e1s de los avances significativos en el Hospital Leopoldo Ortega de Chile Chico, como asimismo la reposici\u00f3n de veh\u00edculos y ambulancias para mejorar los accesos a los territorios.<\/p>\n<p class=\"v1MsoNormal\" style=\"text-align: justify;\">\u00abNos vamos conformes con lo expuesto a trav\u00e9s del director, se ha potenciado mucho unificar la Red Asistencial y que se trabaje en conjunto con los trabajadores de la salud, que somos el pilar fundamental para que se pueda entregar una atenci\u00f3n de calidad hacia la comunidad. Estamos conformes con el proceso que se ha llevado, la normalizaci\u00f3n, unificaci\u00f3n, el trabajo en infraestructura, en equipamiento, y agradecer especialmente la atenci\u00f3n a la pre hospitalaria que somos la gente del SAMU, donde se est\u00e1 demostrando la voluntad de cumplir con el trabajo que hacemos\u00bb, expres\u00f3 Marcelo Ru\u00edz, dirigente gremial de ARFUSA.<\/p>\n<p class=\"v1MsoNormal\" style=\"text-align: justify;\">Entre los desaf\u00edos para este a\u00f1o se mencionaron la universalizaci\u00f3n de la atenci\u00f3n primaria en la comuna de Ays\u00e9n, la adquisici\u00f3n del angi\u00f3grafo y el t\u00e9rmino de las obras del hospital de Chile Chico, entre muchas otras.<\/p>\n<\/div><\/section><\/div><div  style='height:50px' class='hr hr-invisible   avia-builder-el-6  el_after_av_one_full  el_before_av_social_share '><span class='hr-inner ' ><span class='hr-inner-style'><\/span><\/span><\/div><\/p>\n<div  class='av-social-sharing-box  avia-builder-el-7  el_after_av_hr  el_before_av_hr  '><div class='av-share-box'><h5 class='av-share-link-description av-no-toc '>Compartir esta noticia<\/h5><ul class='av-share-box-list noLightbox'><li class='av-share-link av-social-link-facebook' ><a target=\"_blank\" aria-label=\"Compartir en Facebook\" href='https:\/\/www.facebook.com\/sharer.php?u=https:\/\/radiorevelacionfm.cl\/?p=42286&#038;t=Notable%20incremento%20de%20intervenciones%20quir%C3%BArgicas%20y%20reducci%C3%B3n%20de%20tiempos%20de%20espera%20son%20algunos%20de%20los%20datos%20que%20arroja%20la%20cuenta%20p%C3%BAblica%20del%20Servicio%20de%20Salud%20Ays%C3%A9n' aria-hidden='false' data-av_icon='\ue8f3' data-av_iconfont='entypo-fontello' title='' data-avia-related-tooltip='Compartir en Facebook' rel=\"noopener\"><span class='avia_hidden_link_text'>Compartir en Facebook<\/span><\/a><\/li><li class='av-share-link av-social-link-twitter' ><a target=\"_blank\" aria-label=\"Compartir en Twitter\" href='https:\/\/twitter.com\/share?text=Notable%20incremento%20de%20intervenciones%20quir%C3%BArgicas%20y%20reducci%C3%B3n%20de%20tiempos%20de%20espera%20son%20algunos%20de%20los%20datos%20que%20arroja%20la%20cuenta%20p%C3%BAblica%20del%20Servicio%20de%20Salud%20Ays%C3%A9n&#038;url=https:\/\/radiorevelacionfm.cl\/?p=42286' aria-hidden='false' data-av_icon='\ue8f1' data-av_iconfont='entypo-fontello' title='' data-avia-related-tooltip='Compartir en Twitter' rel=\"noopener\"><span class='avia_hidden_link_text'>Compartir en Twitter<\/span><\/a><\/li><li class='av-share-link av-social-link-whatsapp' ><a target=\"_blank\" aria-label=\"Compartir en Whatsapp\" href='https:\/\/api.whatsapp.com\/send?text=https:\/\/radiorevelacionfm.cl\/?p=42286' aria-hidden='false' data-av_icon='\uf232' data-av_iconfont='entypo-fontello' title='' data-avia-related-tooltip='Compartir en Whatsapp' rel=\"noopener\"><span class='avia_hidden_link_text'>Compartir en Whatsapp<\/span><\/a><\/li><li class='av-share-link av-social-link-linkedin' ><a target=\"_blank\" aria-label=\"Compartir en LinkedIn\" href='https:\/\/linkedin.com\/shareArticle?mini=true&#038;title=Notable%20incremento%20de%20intervenciones%20quir%C3%BArgicas%20y%20reducci%C3%B3n%20de%20tiempos%20de%20espera%20son%20algunos%20de%20los%20datos%20que%20arroja%20la%20cuenta%20p%C3%BAblica%20del%20Servicio%20de%20Salud%20Ays%C3%A9n&#038;url=https:\/\/radiorevelacionfm.cl\/?p=42286' aria-hidden='false' data-av_icon='\ue8fc' data-av_iconfont='entypo-fontello' title='' data-avia-related-tooltip='Compartir en LinkedIn' rel=\"noopener\"><span class='avia_hidden_link_text'>Compartir en LinkedIn<\/span><\/a><\/li><li class='av-share-link av-social-link-mail' ><a  aria-label=\"Compartir por correo\" href='mailto:?subject=Notable%20incremento%20de%20intervenciones%20quir%C3%BArgicas%20y%20reducci%C3%B3n%20de%20tiempos%20de%20espera%20son%20algunos%20de%20los%20datos%20que%20arroja%20la%20cuenta%20p%C3%BAblica%20del%20Servicio%20de%20Salud%20Ays%C3%A9n&#038;body=https:\/\/radiorevelacionfm.cl\/?p=42286' aria-hidden='false' data-av_icon='\ue805' data-av_iconfont='entypo-fontello' title='' data-avia-related-tooltip='Compartir por correo'><span class='avia_hidden_link_text'>Compartir por correo<\/span><\/a><\/li><\/ul><\/div><\/div>\n<div  style='height:50px' class='hr hr-invisible   avia-builder-el-8  el_after_av_social_share  el_before_av_comments_list '><span class='hr-inner ' ><span class='hr-inner-style'><\/span><\/span><\/div>\n<div  class='av-buildercomment  av-blog-meta-html-info-disabled av-blog-meta-tag-disabled  '><\/div>\n","protected":false},"excerpt":{"rendered":"","protected":false},"author":1,"featured_media":42287,"comment_status":"open","ping_status":"open","sticky":false,"template":"","format":"standard","meta":{"footnotes":""},"categories":[46],"tags":[],"class_list":["post-42286","post","type-post","status-publish","format-standard","has-post-thumbnail","hentry","category-salud"],"jetpack_featured_media_url":"https:\/\/radiorevelacionfm.cl\/wp-content\/uploads\/2024\/05\/cuenta-publica-1_optimized.jpeg","_links":{"self":[{"href":"https:\/\/radiorevelacionfm.cl\/index.php?rest_route=\/wp\/v2\/posts\/42286","targetHints":{"allow":["GET"]}}],"collection":[{"href":"https:\/\/radiorevelacionfm.cl\/index.php?rest_route=\/wp\/v2\/posts"}],"about":[{"href":"https:\/\/radiorevelacionfm.cl\/index.php?rest_route=\/wp\/v2\/types\/post"}],"author":[{"embeddable":true,"href":"https:\/\/radiorevelacionfm.cl\/index.php?rest_route=\/wp\/v2\/users\/1"}],"replies":[{"embeddable":true,"href":"https:\/\/radiorevelacionfm.cl\/index.php?rest_route=%2Fwp%2Fv2%2Fcomments&post=42286"}],"version-history":[{"count":1,"href":"https:\/\/radiorevelacionfm.cl\/index.php?rest_route=\/wp\/v2\/posts\/42286\/revisions"}],"predecessor-version":[{"id":42288,"href":"https:\/\/radiorevelacionfm.cl\/index.php?rest_route=\/wp\/v2\/posts\/42286\/revisions\/42288"}],"wp:featuredmedia":[{"embeddable":true,"href":"https:\/\/radiorevelacionfm.cl\/index.php?rest_route=\/wp\/v2\/media\/42287"}],"wp:attachment":[{"href":"https:\/\/radiorevelacionfm.cl\/index.php?rest_route=%2Fwp%2Fv2%2Fmedia&parent=42286"}],"wp:term":[{"taxonomy":"category","embeddable":true,"href":"https:\/\/radiorevelacionfm.cl\/index.php?rest_route=%2Fwp%2Fv2%2Fcategories&post=42286"},{"taxonomy":"post_tag","embeddable":true,"href":"https:\/\/radiorevelacionfm.cl\/index.php?rest_route=%2Fwp%2Fv2%2Ftags&post=42286"}],"curies":[{"name":"wp","href":"https:\/\/api.w.org\/{rel}","templated":true}]}}