{"id":42283,"date":"2024-05-17T19:58:07","date_gmt":"2024-05-17T22:58:07","guid":{"rendered":"https:\/\/radiorevelacionfm.cl\/?p=42283"},"modified":"2024-05-17T19:58:07","modified_gmt":"2024-05-17T22:58:07","slug":"ministra-toha-encabezo-entrega-de-154-subsidios-habitacionales-para-familias-de-puerto-aysen","status":"publish","type":"post","link":"https:\/\/radiorevelacionfm.cl\/?p=42283","title":{"rendered":"Ministra Toh\u00e1 encabez\u00f3 entrega de 154 subsidios habitacionales para familias de Puerto Ays\u00e9n"},"content":{"rendered":"<div class=\"flex_column av_one_full  flex_column_div av-zero-column-padding first  avia-builder-el-0  el_before_av_one_full  avia-builder-el-first  \" style='border-radius:0px; '><div  class='avia-image-container  av-styling-    avia-builder-el-1  avia-builder-el-no-sibling  avia-align-center '  itemprop=\"image\" itemscope=\"itemscope\" itemtype=\"https:\/\/schema.org\/ImageObject\"  ><div class='avia-image-container-inner'><div class='avia-image-overlay-wrap'><img decoding=\"async\" class='wp-image-42284 avia-img-lazy-loading-not-42284 avia_image' src=\"https:\/\/radiorevelacionfm.cl\/wp-content\/uploads\/2024\/05\/Ministra-del-Interior-y-serenmi-de-Vivienda-entrgan-subsidios-a-familias-de-Puerto-Aysen-1-1.jpg\" alt='' title='Ministra del Interior y serenmi de Vivienda entrgan subsidios a familias de Puerto Ays\u00e9n (1) (1)' height=\"600\" width=\"1036\"  itemprop=\"thumbnailUrl\" srcset=\"https:\/\/radiorevelacionfm.cl\/wp-content\/uploads\/2024\/05\/Ministra-del-Interior-y-serenmi-de-Vivienda-entrgan-subsidios-a-familias-de-Puerto-Aysen-1-1.jpg 1036w, https:\/\/radiorevelacionfm.cl\/wp-content\/uploads\/2024\/05\/Ministra-del-Interior-y-serenmi-de-Vivienda-entrgan-subsidios-a-familias-de-Puerto-Aysen-1-1-300x174.jpg 300w, https:\/\/radiorevelacionfm.cl\/wp-content\/uploads\/2024\/05\/Ministra-del-Interior-y-serenmi-de-Vivienda-entrgan-subsidios-a-familias-de-Puerto-Aysen-1-1-1030x597.jpg 1030w, https:\/\/radiorevelacionfm.cl\/wp-content\/uploads\/2024\/05\/Ministra-del-Interior-y-serenmi-de-Vivienda-entrgan-subsidios-a-familias-de-Puerto-Aysen-1-1-768x445.jpg 768w, https:\/\/radiorevelacionfm.cl\/wp-content\/uploads\/2024\/05\/Ministra-del-Interior-y-serenmi-de-Vivienda-entrgan-subsidios-a-familias-de-Puerto-Aysen-1-1-705x408.jpg 705w, https:\/\/radiorevelacionfm.cl\/wp-content\/uploads\/2024\/05\/Ministra-del-Interior-y-serenmi-de-Vivienda-entrgan-subsidios-a-familias-de-Puerto-Aysen-1-1-450x261.jpg 450w, https:\/\/radiorevelacionfm.cl\/wp-content\/uploads\/2024\/05\/Ministra-del-Interior-y-serenmi-de-Vivienda-entrgan-subsidios-a-familias-de-Puerto-Aysen-1-1-600x347.jpg 600w\" sizes=\"(max-width: 1036px) 100vw, 1036px\" \/><\/div><\/div><\/div><\/div><div class=\"flex_column av_one_full  flex_column_div av-zero-column-padding first  avia-builder-el-2  el_after_av_one_full  el_before_av_one_full  column-top-margin\" style='border-radius:0px; '><section class=\"av_textblock_section \"  itemscope=\"itemscope\" itemtype=\"https:\/\/schema.org\/BlogPosting\" itemprop=\"blogPost\" ><div class='avia_textblock  '   itemprop=\"text\" ><p style=\"text-align: center;\"><strong><span style=\"font-size: 18pt;\">Ministra Toh\u00e1 encabez\u00f3 entrega de 154 subsidios habitacionales para familias de Puerto Ays\u00e9n<\/span><\/strong><\/p>\n<div id=\"gtx-trans\" style=\"position: absolute; left: -50px; top: 4.31534px;\">\n<div class=\"gtx-trans-icon\"><\/div>\n<\/div>\n<\/div><\/section><\/div><div class=\"flex_column av_one_full  flex_column_div av-zero-column-padding first  avia-builder-el-4  el_after_av_one_full  el_before_av_hr  column-top-margin\" style='border-radius:0px; '><section class=\"av_textblock_section \"  itemscope=\"itemscope\" itemtype=\"https:\/\/schema.org\/BlogPosting\" itemprop=\"blogPost\" ><div class='avia_textblock  '   itemprop=\"text\" ><p style=\"text-align: justify;\">En una emotiva ceremonia, que estuvo encabezada por la Ministra del Interior y Seguridad P\u00fablica, Carolina Toh\u00e1 y que cont\u00f3 con la participaci\u00f3n de las m\u00e1ximas autoridades regionales y locales, en la tarde de este jueves se materializ\u00f3 la entrega de certificados de subsidio habitacional para las 154 familias que forman el proyecto denominado \u201cHogar y Familia\u201d de Puerto Ays\u00e9n.<\/p>\n<p style=\"text-align: justify;\">Los felices beneficiarios fueron esta vez las y los integrantes de los comit\u00e9s \u201cLlaves al Futuro\u201d, \u201cChimehuin\u201d y \u201cLa Revancha\u201d, quienes hab\u00edan postulado en diciembre del a\u00f1o pasado con asesor\u00eda y apoyo del Serviu y de la Entidad Patrocinante de la Ilustre Municipalidad de Ays\u00e9n.<\/p>\n<p style=\"text-align: justify;\">Por eso, el Alcalde Julio Uribe valor\u00f3 el trabajo mancomunado que han venido desarrollando durante los \u00faltimos a\u00f1os con el Ministerio de Vivienda, el que ha permitido a cientos de familias alcanzar su soluci\u00f3n habitacional. \u201cEs el proyecto m\u00e1s grande en la historia del municipio, va a ser un proyecto de m\u00e1s de 12 mil millones de pesos y eso marca un antes y un despu\u00e9s en el trabajo que ha venido haciendo nuestra entidad patrocinadora. Estos son resultados de un equipo de profesionales que no solo est\u00e1n viendo este proyecto, sino que adem\u00e1s est\u00e1n con los subsidios t\u00e9rmicos o con los DS 27, donde se construyen sedes, canchas, plazas, entre otros\u201d, indic\u00f3.<\/p>\n<p style=\"text-align: justify;\">Por su parte, la Seremi de Vivienda, Paulina Ruz, destac\u00f3 los avances que se han ido logrando en todo el territorio, en espacial en la comuna de Ays\u00e9n, donde solo el a\u00f1o pasado se entregaron cerca de 400 viviendas. \u201cEsta es una entrega emocionante, que refleja el fin que tenemos como Gobierno en la regi\u00f3n de Ays\u00e9n, que es poder llegar hacia todas las comunas, a las m\u00e1s apartadas, y sacar proyectos emblem\u00e1ticos adelante, en este caso el de Hogar y Familia. Gracias a estos certificados vamos a poder construir pr\u00f3ximamente 154 viviendas, entreg\u00e1ndoles a las familias no el sue\u00f1o de la casa propia, sino que la realidad de ser due\u00f1os de su vivienda. Eso tambi\u00e9n nos llena de emoci\u00f3n\u201d, asegur\u00f3.<\/p>\n<p style=\"text-align: justify;\">Tras la entrega de las carpetas con los subsidios, la presidenta del comit\u00e9 Llaves al Futuro, Deisy Chiguay expres\u00f3 su alegr\u00eda de vivir un momento tan importante para su vida y el futuro de todas las familias. \u201cBueno, una felicidad que no tiene explicaci\u00f3n. Hoy somos 61 familias que estamos muy contentas de haber recibido nuestro subsidio habitacional. Este es un paso m\u00e1s de un largo camino que se viene hacia adelante, as\u00ed que vamos a seguir trabajando. Muy contenta por el compromiso y el apoyo que se ha entregado por parte del Gobierno, de la Seremi, tambi\u00e9n de todas las autoridades que han apoyado para que esto pueda salir adelante y hoy en d\u00eda estemos compartiendo esta gran alegr\u00eda\u201d, manifest\u00f3.<\/p>\n<p style=\"text-align: justify;\">De igual forma, la presidenta del comit\u00e9 La Revancha, Margarita Escalona, \u200b\u200bdijo sentirse feliz y agradecida al ver que se van superando las etapas que los llevan hacia su vivienda definitiva. \u201cS\u00faper emocionada, agradecida por las autoridades que llegaron a la regi\u00f3n, me siento bendecida, agradecida por el equipo de la entidad patrocinante, el alcalde y toda la gente que ha trabajado, las dirigentas, con quien hemos hecho un buen trabajo hasta ahora, as\u00ed que muy agradecida y se nos viene un camino largo, pero estoy segura que pronto vamos a concretar la construcci\u00f3n de las casas\u201d, se\u00f1al\u00f3.<\/p>\n<p style=\"text-align: justify;\">Al cierre de la ceremonia, la Ministra del Interior, Carolina Toh\u00e1, expres\u00f3 su satisfacci\u00f3n de poder compartir con las familias un momento que es tan significativo en sus vidas. \u201cDetr\u00e1s de este momento hay a\u00f1os de trabajo, algunos ni\u00f1os que estaban aqu\u00ed no hab\u00edan nacido cuando terminaron estos comit\u00e9s. Una vez que ya se tiene el certificado, ya se est\u00e1 en la etapa final, ya empieza el trabajo de construcci\u00f3n, as\u00ed que ya es tierra derecha para recibir su vivienda. Muy emocionada de acompa\u00f1ar este momento y sobre todo reconocer el trabajo que se ha hecho aqu\u00ed, porque en la meta que tenemos como Gobierno a nivel nacional vamos bien para cumplirla y esta regi\u00f3n es de las que va m\u00e1s adelantada, as\u00ed es que merece una felicitaci\u00f3n la Seremi, el municipio, los comit\u00e9s, todos los que han trabajado para llegar a este punto\u201d, manifest\u00f3.<\/p>\n<p style=\"text-align: justify;\">En ese contexto cabe consignar que la meta regional dentro del Plan de Emergencia Habitacional es entregar mil 293 viviendas en la regi\u00f3n durante los cuatro a\u00f1os de Gobierno. Hasta fines de abril, Ays\u00e9n era una de las regiones con mayor avance de sus metas, alcanzando un 56%, lo que equivale a 724 viviendas terminadas, 658 en ejecuci\u00f3n y 558 nuevas casas por iniciar en el corto y mediano plazo.<\/p>\n<\/div><\/section><\/div><div  style='height:50px' class='hr hr-invisible   avia-builder-el-6  el_after_av_one_full  el_before_av_social_share '><span class='hr-inner ' ><span class='hr-inner-style'><\/span><\/span><\/div><\/p>\n<div  class='av-social-sharing-box  avia-builder-el-7  el_after_av_hr  el_before_av_hr  '><div class='av-share-box'><h5 class='av-share-link-description av-no-toc '>Compartir esta noticia<\/h5><ul class='av-share-box-list noLightbox'><li class='av-share-link av-social-link-facebook' ><a target=\"_blank\" aria-label=\"Compartir en Facebook\" href='https:\/\/www.facebook.com\/sharer.php?u=https:\/\/radiorevelacionfm.cl\/?p=42283&#038;t=Ministra%20Toh%C3%A1%20encabez%C3%B3%20entrega%20de%20154%20subsidios%20habitacionales%20para%20familias%20de%20Puerto%20Ays%C3%A9n' aria-hidden='false' data-av_icon='\ue8f3' data-av_iconfont='entypo-fontello' title='' data-avia-related-tooltip='Compartir en Facebook' rel=\"noopener\"><span class='avia_hidden_link_text'>Compartir en Facebook<\/span><\/a><\/li><li class='av-share-link av-social-link-twitter' ><a target=\"_blank\" aria-label=\"Compartir en Twitter\" href='https:\/\/twitter.com\/share?text=Ministra%20Toh%C3%A1%20encabez%C3%B3%20entrega%20de%20154%20subsidios%20habitacionales%20para%20familias%20de%20Puerto%20Ays%C3%A9n&#038;url=https:\/\/radiorevelacionfm.cl\/?p=42283' aria-hidden='false' data-av_icon='\ue8f1' data-av_iconfont='entypo-fontello' title='' data-avia-related-tooltip='Compartir en Twitter' rel=\"noopener\"><span class='avia_hidden_link_text'>Compartir en Twitter<\/span><\/a><\/li><li class='av-share-link av-social-link-whatsapp' ><a target=\"_blank\" aria-label=\"Compartir en Whatsapp\" href='https:\/\/api.whatsapp.com\/send?text=https:\/\/radiorevelacionfm.cl\/?p=42283' aria-hidden='false' data-av_icon='\uf232' data-av_iconfont='entypo-fontello' title='' data-avia-related-tooltip='Compartir en Whatsapp' rel=\"noopener\"><span class='avia_hidden_link_text'>Compartir en Whatsapp<\/span><\/a><\/li><li class='av-share-link av-social-link-linkedin' ><a target=\"_blank\" aria-label=\"Compartir en LinkedIn\" href='https:\/\/linkedin.com\/shareArticle?mini=true&#038;title=Ministra%20Toh%C3%A1%20encabez%C3%B3%20entrega%20de%20154%20subsidios%20habitacionales%20para%20familias%20de%20Puerto%20Ays%C3%A9n&#038;url=https:\/\/radiorevelacionfm.cl\/?p=42283' aria-hidden='false' data-av_icon='\ue8fc' data-av_iconfont='entypo-fontello' title='' data-avia-related-tooltip='Compartir en LinkedIn' rel=\"noopener\"><span class='avia_hidden_link_text'>Compartir en LinkedIn<\/span><\/a><\/li><li class='av-share-link av-social-link-mail' ><a  aria-label=\"Compartir por correo\" href='mailto:?subject=Ministra%20Toh%C3%A1%20encabez%C3%B3%20entrega%20de%20154%20subsidios%20habitacionales%20para%20familias%20de%20Puerto%20Ays%C3%A9n&#038;body=https:\/\/radiorevelacionfm.cl\/?p=42283' aria-hidden='false' data-av_icon='\ue805' data-av_iconfont='entypo-fontello' title='' data-avia-related-tooltip='Compartir por correo'><span class='avia_hidden_link_text'>Compartir por correo<\/span><\/a><\/li><\/ul><\/div><\/div>\n<div  style='height:50px' class='hr hr-invisible   avia-builder-el-8  el_after_av_social_share  el_before_av_comments_list '><span class='hr-inner ' ><span class='hr-inner-style'><\/span><\/span><\/div>\n<div  class='av-buildercomment  av-blog-meta-html-info-disabled av-blog-meta-tag-disabled  '><\/div>\n","protected":false},"excerpt":{"rendered":"","protected":false},"author":1,"featured_media":42284,"comment_status":"open","ping_status":"open","sticky":false,"template":"","format":"standard","meta":{"footnotes":""},"categories":[57],"tags":[],"class_list":["post-42283","post","type-post","status-publish","format-standard","has-post-thumbnail","hentry","category-vivienda"],"jetpack_featured_media_url":"https:\/\/radiorevelacionfm.cl\/wp-content\/uploads\/2024\/05\/Ministra-del-Interior-y-serenmi-de-Vivienda-entrgan-subsidios-a-familias-de-Puerto-Aysen-1-1.jpg","_links":{"self":[{"href":"https:\/\/radiorevelacionfm.cl\/index.php?rest_route=\/wp\/v2\/posts\/42283","targetHints":{"allow":["GET"]}}],"collection":[{"href":"https:\/\/radiorevelacionfm.cl\/index.php?rest_route=\/wp\/v2\/posts"}],"about":[{"href":"https:\/\/radiorevelacionfm.cl\/index.php?rest_route=\/wp\/v2\/types\/post"}],"author":[{"embeddable":true,"href":"https:\/\/radiorevelacionfm.cl\/index.php?rest_route=\/wp\/v2\/users\/1"}],"replies":[{"embeddable":true,"href":"https:\/\/radiorevelacionfm.cl\/index.php?rest_route=%2Fwp%2Fv2%2Fcomments&post=42283"}],"version-history":[{"count":1,"href":"https:\/\/radiorevelacionfm.cl\/index.php?rest_route=\/wp\/v2\/posts\/42283\/revisions"}],"predecessor-version":[{"id":42285,"href":"https:\/\/radiorevelacionfm.cl\/index.php?rest_route=\/wp\/v2\/posts\/42283\/revisions\/42285"}],"wp:featuredmedia":[{"embeddable":true,"href":"https:\/\/radiorevelacionfm.cl\/index.php?rest_route=\/wp\/v2\/media\/42284"}],"wp:attachment":[{"href":"https:\/\/radiorevelacionfm.cl\/index.php?rest_route=%2Fwp%2Fv2%2Fmedia&parent=42283"}],"wp:term":[{"taxonomy":"category","embeddable":true,"href":"https:\/\/radiorevelacionfm.cl\/index.php?rest_route=%2Fwp%2Fv2%2Fcategories&post=42283"},{"taxonomy":"post_tag","embeddable":true,"href":"https:\/\/radiorevelacionfm.cl\/index.php?rest_route=%2Fwp%2Fv2%2Ftags&post=42283"}],"curies":[{"name":"wp","href":"https:\/\/api.w.org\/{rel}","templated":true}]}}