{"id":42280,"date":"2024-05-17T15:53:27","date_gmt":"2024-05-17T18:53:27","guid":{"rendered":"https:\/\/radiorevelacionfm.cl\/?p=42280"},"modified":"2024-05-17T15:53:27","modified_gmt":"2024-05-17T18:53:27","slug":"establecimientos-con-certificacion-ambiental-de-excelencia-participan-en-taller-para-la-resiliencia-en-cambio-climatico-e-incendios-forestales","status":"publish","type":"post","link":"https:\/\/radiorevelacionfm.cl\/?p=42280","title":{"rendered":"Establecimientos con certificaci\u00f3n ambiental de excelencia participan en taller para la resiliencia en Cambio Clim\u00e1tico e Incendios Forestales"},"content":{"rendered":"<div class=\"flex_column av_one_full  flex_column_div av-zero-column-padding first  avia-builder-el-0  el_before_av_one_full  avia-builder-el-first  \" style='border-radius:0px; '><div  class='avia-image-container  av-styling-    avia-builder-el-1  avia-builder-el-no-sibling  avia-align-center '  itemprop=\"image\" itemscope=\"itemscope\" itemtype=\"https:\/\/schema.org\/ImageObject\"  ><div class='avia-image-container-inner'><div class='avia-image-overlay-wrap'><img decoding=\"async\" class='wp-image-42281 avia-img-lazy-loading-not-42281 avia_image' src=\"https:\/\/radiorevelacionfm.cl\/wp-content\/uploads\/2024\/05\/img_6660-1_optimized-1.jpg\" alt='' title='img_6660-(1)_optimized (1)' height=\"600\" width=\"1067\"  itemprop=\"thumbnailUrl\" srcset=\"https:\/\/radiorevelacionfm.cl\/wp-content\/uploads\/2024\/05\/img_6660-1_optimized-1.jpg 1067w, https:\/\/radiorevelacionfm.cl\/wp-content\/uploads\/2024\/05\/img_6660-1_optimized-1-300x169.jpg 300w, https:\/\/radiorevelacionfm.cl\/wp-content\/uploads\/2024\/05\/img_6660-1_optimized-1-1030x579.jpg 1030w, https:\/\/radiorevelacionfm.cl\/wp-content\/uploads\/2024\/05\/img_6660-1_optimized-1-768x432.jpg 768w, https:\/\/radiorevelacionfm.cl\/wp-content\/uploads\/2024\/05\/img_6660-1_optimized-1-705x396.jpg 705w, https:\/\/radiorevelacionfm.cl\/wp-content\/uploads\/2024\/05\/img_6660-1_optimized-1-450x253.jpg 450w, https:\/\/radiorevelacionfm.cl\/wp-content\/uploads\/2024\/05\/img_6660-1_optimized-1-600x337.jpg 600w\" sizes=\"(max-width: 1067px) 100vw, 1067px\" \/><\/div><\/div><\/div><\/div><div class=\"flex_column av_one_full  flex_column_div av-zero-column-padding first  avia-builder-el-2  el_after_av_one_full  el_before_av_one_full  column-top-margin\" style='border-radius:0px; '><section class=\"av_textblock_section \"  itemscope=\"itemscope\" itemtype=\"https:\/\/schema.org\/BlogPosting\" itemprop=\"blogPost\" ><div class='avia_textblock  '   itemprop=\"text\" ><p style=\"text-align: center;\"><strong><span style=\"font-size: 18pt;\">Establecimientos con certificaci\u00f3n ambiental de excelencia participan en taller para la resiliencia en Cambio Clim\u00e1tico e Incendios Forestales<\/span><\/strong><\/p>\n<div id=\"gtx-trans\" style=\"position: absolute; left: -50px; top: 4.31534px;\">\n<div class=\"gtx-trans-icon\"><\/div>\n<\/div>\n<\/div><\/section><\/div><div class=\"flex_column av_one_full  flex_column_div av-zero-column-padding first  avia-builder-el-4  el_after_av_one_full  el_before_av_hr  column-top-margin\" style='border-radius:0px; '><section class=\"av_textblock_section \"  itemscope=\"itemscope\" itemtype=\"https:\/\/schema.org\/BlogPosting\" itemprop=\"blogPost\" ><div class='avia_textblock  '   itemprop=\"text\" ><p style=\"text-align: justify;\">En un esfuerzo tripartito entre la Seremi de Medio Ambiente, Seremi de Educaci\u00f3n y su Direcci\u00f3n Provincial, Seremi de Agricultura a trav\u00e9s de Conaf, se llev\u00f3 a cabo el taller \u201cEducando para la Resiliencia: Taller sobre Cambio Clim\u00e1tico e Incendios Forestales para Docentes y Educadoras de la Regi\u00f3n de Ays\u00e9n\u201d que tuvo como objetivo capacitar a 50 docentes de las localidades de: La Junta, Villa Amengual, Puerto Cisnes, Puerto Ays\u00e9n, Coyhaique, y Villa Cerro Castillo en una jornada presencial, sobre las tem\u00e1ticas ambientales de cambio clim\u00e1tico, prevenci\u00f3n y mitigaci\u00f3n de incendios forestales.<\/p>\n<p style=\"text-align: justify;\">As\u00ed, en compa\u00f1\u00eda de las autoridades regionales, los equipos t\u00e9cnicos de cada instituci\u00f3n se reunieron para entregar a los docentes y educadoras informaci\u00f3n relevante respecto a c\u00f3mo los establecimientos educacionales contribuyen al cambio clim\u00e1tico y como la comunidad escolar est\u00e1 preparada para la amenaza de los incendios forestales.<\/p>\n<p style=\"text-align: justify;\">\u201cMe llev\u00f3 un mont\u00f3n de aprendizajes de este taller de Cambio clim\u00e1tico e incendios forestales, nunca terminamos de aprender cuando tenemos que cuidar nuestro medio ambiente; y sobre los incendios forestales impresiona ante todo lo que nosotros podemos hacer como seres humanos destruyendo nuestro planeta, nosotros somos unos de los mayores peligros para el para el medio ambiente. As\u00ed que ha sido una ma\u00f1ana s\u00faper buena, una tarde fant\u00e1stica y adem\u00e1s con la gente que te relacionas todos en un mismo sentido\u201d, declar\u00f3 la Coordinadora de Medio Ambiente de escuela Altamira de Coyhaique, Maribel Torner\u00eda.<\/p>\n<p style=\"text-align: justify;\">La actividad se realiza en el contexto del Sistema Nacional de Certificaci\u00f3n Ambiental de Establecimientos Educacionales \u2013 SNCAE, programa que a lo largo de sus 21 a\u00f1os en la regi\u00f3n le ha entregado alg\u00fan nivel de certificaci\u00f3n ambiental al 70% de los centros educativos presentes en este territorio y que busca que aborden la educaci\u00f3n ambiental de manera transversal. En esta oportunidad se invit\u00f3 a participar a todos los establecimientos con certificaci\u00f3n de excelencia, para asi profundizar y avanzar a la inclusi\u00f3n de dichas tem\u00e1ticas en el proyecto educativo.<\/p>\n<p style=\"text-align: justify;\">\u201cHoy d\u00eda estamos en presencia de dos grandes talleres que nos han ido nutriendo de aspectos que s\u00ed venimos trabajando, pero que es siempre necesario acercarse mucho m\u00e1s, y en especial cuando estamos con otros establecimientos para intercambiar experiencias. Yo creo que eso es lo m\u00e1s hermoso\u201d, manifest\u00f3 \u00a0el Director de la Escuela Rivera Sur de Puerto Ays\u00e9n, Edgar C\u00e1ceres, a sus palabras se sum\u00f3 la Educadora de Parvulos del jard\u00edn infantil Aiken Yemel de Coyhaique, Daniela Pell\u00f3n, quien tambi\u00e9n destac\u00f3 la posibilidad de intercambiar aprendizajes con otros profesionales de la red \u201cEstoy muy contenta de haber asistido este este a\u00f1o donde hablamos sobre cambio clim\u00e1tico principalmente y incendio forestal. Bueno, todo esto lo hab\u00edamos abordado ya en un taller, as\u00ed que esto nos vuelve a reencantar y a recordar todo lo que aprendimos el a\u00f1o pasado para transferirlo a nuestra misi\u00f3n educacional. Me voy muy contenta por eso, tambi\u00e9n porque nos permite conocer otras experiencias y gestionar algunas articulaciones con otras instituciones para mejorar lo que estamos haciendo en nuestros jardines\u201d.<\/p>\n<p style=\"text-align: justify;\">En efecto el trabajo coordinado entre Medio Ambiente, Conaf y la Seremi del Medio Ambiente ha permitido realizar una serie de talleres en distintas comunas para reforzar de manera permanente los contenidos, buenas pr\u00e1cticas ambientales e ir profundizando cada vez m\u00e1s en el abordaje de dichas tem\u00e1ticas en el curr\u00edculo de cada establecimiento.<\/p>\n<p style=\"text-align: justify;\">Se suma a este trabajo la metodolog\u00eda de Escuela Preparada cuya finalidad es contribuir a la sensibilizaci\u00f3n acerca de los riesgos asociados al surgimiento de incendios forestales y fomentar acciones de prevenci\u00f3n y\u00a0 mitigaci\u00f3n de sus efectos, involucrando la participaci\u00f3n de la comunidad escolar y local.<\/p>\n<p style=\"text-align: justify;\">\u201cMe llevo ense\u00f1arle a mis ni\u00f1os sobre el cambio clim\u00e1tico, que ya estamos haciendo cosas y que vamos a tener que seguir haciendo con ellos all\u00e1 en nuestra escuela. El reciclaje, la compostera y la descontaminaci\u00f3n, lo estamos haciendo, pero ahora con mucha m\u00e1s fuerza, con todo lo que aprend\u00ed\u201d, concluy\u00f3 Maribel Torner\u00eda.<\/p>\n<\/div><\/section><\/div><div  style='height:50px' class='hr hr-invisible   avia-builder-el-6  el_after_av_one_full  el_before_av_social_share '><span class='hr-inner ' ><span class='hr-inner-style'><\/span><\/span><\/div><\/p>\n<div  class='av-social-sharing-box  avia-builder-el-7  el_after_av_hr  el_before_av_hr  '><div class='av-share-box'><h5 class='av-share-link-description av-no-toc '>Compartir esta noticia<\/h5><ul class='av-share-box-list noLightbox'><li class='av-share-link av-social-link-facebook' ><a target=\"_blank\" aria-label=\"Compartir en Facebook\" href='https:\/\/www.facebook.com\/sharer.php?u=https:\/\/radiorevelacionfm.cl\/?p=42280&#038;t=Establecimientos%20con%20certificaci%C3%B3n%20ambiental%20de%20excelencia%20participan%20en%20taller%20para%20la%20resiliencia%20en%20Cambio%20Clim%C3%A1tico%20e%20Incendios%20Forestales' aria-hidden='false' data-av_icon='\ue8f3' data-av_iconfont='entypo-fontello' title='' data-avia-related-tooltip='Compartir en Facebook' rel=\"noopener\"><span class='avia_hidden_link_text'>Compartir en Facebook<\/span><\/a><\/li><li class='av-share-link av-social-link-twitter' ><a target=\"_blank\" aria-label=\"Compartir en Twitter\" href='https:\/\/twitter.com\/share?text=Establecimientos%20con%20certificaci%C3%B3n%20ambiental%20de%20excelencia%20participan%20en%20taller%20para%20la%20resiliencia%20en%20Cambio%20Clim%C3%A1tico%20e%20Incendios%20Forestales&#038;url=https:\/\/radiorevelacionfm.cl\/?p=42280' aria-hidden='false' data-av_icon='\ue8f1' data-av_iconfont='entypo-fontello' title='' data-avia-related-tooltip='Compartir en Twitter' rel=\"noopener\"><span class='avia_hidden_link_text'>Compartir en Twitter<\/span><\/a><\/li><li class='av-share-link av-social-link-whatsapp' ><a target=\"_blank\" aria-label=\"Compartir en Whatsapp\" href='https:\/\/api.whatsapp.com\/send?text=https:\/\/radiorevelacionfm.cl\/?p=42280' aria-hidden='false' data-av_icon='\uf232' data-av_iconfont='entypo-fontello' title='' data-avia-related-tooltip='Compartir en Whatsapp' rel=\"noopener\"><span class='avia_hidden_link_text'>Compartir en Whatsapp<\/span><\/a><\/li><li class='av-share-link av-social-link-linkedin' ><a target=\"_blank\" aria-label=\"Compartir en LinkedIn\" href='https:\/\/linkedin.com\/shareArticle?mini=true&#038;title=Establecimientos%20con%20certificaci%C3%B3n%20ambiental%20de%20excelencia%20participan%20en%20taller%20para%20la%20resiliencia%20en%20Cambio%20Clim%C3%A1tico%20e%20Incendios%20Forestales&#038;url=https:\/\/radiorevelacionfm.cl\/?p=42280' aria-hidden='false' data-av_icon='\ue8fc' data-av_iconfont='entypo-fontello' title='' data-avia-related-tooltip='Compartir en LinkedIn' rel=\"noopener\"><span class='avia_hidden_link_text'>Compartir en LinkedIn<\/span><\/a><\/li><li class='av-share-link av-social-link-mail' ><a  aria-label=\"Compartir por correo\" href='mailto:?subject=Establecimientos%20con%20certificaci%C3%B3n%20ambiental%20de%20excelencia%20participan%20en%20taller%20para%20la%20resiliencia%20en%20Cambio%20Clim%C3%A1tico%20e%20Incendios%20Forestales&#038;body=https:\/\/radiorevelacionfm.cl\/?p=42280' aria-hidden='false' data-av_icon='\ue805' data-av_iconfont='entypo-fontello' title='' data-avia-related-tooltip='Compartir por correo'><span class='avia_hidden_link_text'>Compartir por correo<\/span><\/a><\/li><\/ul><\/div><\/div>\n<div  style='height:50px' class='hr hr-invisible   avia-builder-el-8  el_after_av_social_share  el_before_av_comments_list '><span class='hr-inner ' ><span class='hr-inner-style'><\/span><\/span><\/div>\n<div  class='av-buildercomment  av-blog-meta-html-info-disabled av-blog-meta-tag-disabled  '><\/div>\n","protected":false},"excerpt":{"rendered":"","protected":false},"author":1,"featured_media":42281,"comment_status":"open","ping_status":"open","sticky":false,"template":"","format":"standard","meta":{"footnotes":""},"categories":[39],"tags":[],"class_list":["post-42280","post","type-post","status-publish","format-standard","has-post-thumbnail","hentry","category-medio-ambiente"],"jetpack_featured_media_url":"https:\/\/radiorevelacionfm.cl\/wp-content\/uploads\/2024\/05\/img_6660-1_optimized-1.jpg","_links":{"self":[{"href":"https:\/\/radiorevelacionfm.cl\/index.php?rest_route=\/wp\/v2\/posts\/42280","targetHints":{"allow":["GET"]}}],"collection":[{"href":"https:\/\/radiorevelacionfm.cl\/index.php?rest_route=\/wp\/v2\/posts"}],"about":[{"href":"https:\/\/radiorevelacionfm.cl\/index.php?rest_route=\/wp\/v2\/types\/post"}],"author":[{"embeddable":true,"href":"https:\/\/radiorevelacionfm.cl\/index.php?rest_route=\/wp\/v2\/users\/1"}],"replies":[{"embeddable":true,"href":"https:\/\/radiorevelacionfm.cl\/index.php?rest_route=%2Fwp%2Fv2%2Fcomments&post=42280"}],"version-history":[{"count":1,"href":"https:\/\/radiorevelacionfm.cl\/index.php?rest_route=\/wp\/v2\/posts\/42280\/revisions"}],"predecessor-version":[{"id":42282,"href":"https:\/\/radiorevelacionfm.cl\/index.php?rest_route=\/wp\/v2\/posts\/42280\/revisions\/42282"}],"wp:featuredmedia":[{"embeddable":true,"href":"https:\/\/radiorevelacionfm.cl\/index.php?rest_route=\/wp\/v2\/media\/42281"}],"wp:attachment":[{"href":"https:\/\/radiorevelacionfm.cl\/index.php?rest_route=%2Fwp%2Fv2%2Fmedia&parent=42280"}],"wp:term":[{"taxonomy":"category","embeddable":true,"href":"https:\/\/radiorevelacionfm.cl\/index.php?rest_route=%2Fwp%2Fv2%2Fcategories&post=42280"},{"taxonomy":"post_tag","embeddable":true,"href":"https:\/\/radiorevelacionfm.cl\/index.php?rest_route=%2Fwp%2Fv2%2Ftags&post=42280"}],"curies":[{"name":"wp","href":"https:\/\/api.w.org\/{rel}","templated":true}]}}