{"id":42274,"date":"2024-05-17T11:45:53","date_gmt":"2024-05-17T14:45:53","guid":{"rendered":"https:\/\/radiorevelacionfm.cl\/?p=42274"},"modified":"2024-05-17T11:45:53","modified_gmt":"2024-05-17T14:45:53","slug":"servicio-agricola-ganadero-de-aysen-se-suma-a-programa-patagonia-ponte-las-pilas","status":"publish","type":"post","link":"https:\/\/radiorevelacionfm.cl\/?p=42274","title":{"rendered":"Servicio Agr\u00edcola Ganadero de Ays\u00e9n se suma a programa \u201cPatagonia ponte las pilas\u201d"},"content":{"rendered":"<div class=\"flex_column av_one_full  flex_column_div av-zero-column-padding first  avia-builder-el-0  el_before_av_one_full  avia-builder-el-first  \" style='border-radius:0px; '><div  class='avia-image-container  av-styling-    avia-builder-el-1  avia-builder-el-no-sibling  avia-align-center '  itemprop=\"image\" itemscope=\"itemscope\" itemtype=\"https:\/\/schema.org\/ImageObject\"  ><div class='avia-image-container-inner'><div class='avia-image-overlay-wrap'><img decoding=\"async\" class='wp-image-42275 avia-img-lazy-loading-not-42275 avia_image' src=\"https:\/\/radiorevelacionfm.cl\/wp-content\/uploads\/2024\/05\/alianza-sag1-1_optimized.jpeg\" alt='' title='alianza-sag1-(1)_optimized' height=\"600\" width=\"1043\"  itemprop=\"thumbnailUrl\" srcset=\"https:\/\/radiorevelacionfm.cl\/wp-content\/uploads\/2024\/05\/alianza-sag1-1_optimized.jpeg 1043w, https:\/\/radiorevelacionfm.cl\/wp-content\/uploads\/2024\/05\/alianza-sag1-1_optimized-300x173.jpeg 300w, https:\/\/radiorevelacionfm.cl\/wp-content\/uploads\/2024\/05\/alianza-sag1-1_optimized-1030x593.jpeg 1030w, https:\/\/radiorevelacionfm.cl\/wp-content\/uploads\/2024\/05\/alianza-sag1-1_optimized-768x442.jpeg 768w, https:\/\/radiorevelacionfm.cl\/wp-content\/uploads\/2024\/05\/alianza-sag1-1_optimized-705x406.jpeg 705w, https:\/\/radiorevelacionfm.cl\/wp-content\/uploads\/2024\/05\/alianza-sag1-1_optimized-450x259.jpeg 450w, https:\/\/radiorevelacionfm.cl\/wp-content\/uploads\/2024\/05\/alianza-sag1-1_optimized-600x345.jpeg 600w\" sizes=\"(max-width: 1043px) 100vw, 1043px\" \/><\/div><\/div><\/div><\/div><div class=\"flex_column av_one_full  flex_column_div av-zero-column-padding first  avia-builder-el-2  el_after_av_one_full  el_before_av_one_full  column-top-margin\" style='border-radius:0px; '><section class=\"av_textblock_section \"  itemscope=\"itemscope\" itemtype=\"https:\/\/schema.org\/BlogPosting\" itemprop=\"blogPost\" ><div class='avia_textblock  '   itemprop=\"text\" ><p style=\"text-align: center;\"><strong><span style=\"font-size: 18pt;\">Servicio Agr\u00edcola Ganadero de Ays\u00e9n se suma a programa \u201cPatagonia ponte las pilas\u201d<\/span><\/strong><\/p>\n<div id=\"gtx-trans\" style=\"position: absolute; left: -50px; top: 4.31534px;\">\n<div class=\"gtx-trans-icon\"><\/div>\n<\/div>\n<\/div><\/section><\/div><div class=\"flex_column av_one_full  flex_column_div av-zero-column-padding first  avia-builder-el-4  el_after_av_one_full  el_before_av_hr  column-top-margin\" style='border-radius:0px; '><section class=\"av_textblock_section \"  itemscope=\"itemscope\" itemtype=\"https:\/\/schema.org\/BlogPosting\" itemprop=\"blogPost\" ><div class='avia_textblock  '   itemprop=\"text\" ><p style=\"text-align: justify;\">Recientemente la el\u00e9ctrica firm\u00f3 un convenio de colaboraci\u00f3n con el Servicio Agr\u00edcola Ganadero (SAG) de la regi\u00f3n, enfoc\u00e1ndose en el almacenaje de pilas en desuso. Esta nueva alianza p\u00fablico-privada busca reducir el impacto ambiental de estos elementos nocivos y contribuir a la descontaminaci\u00f3n de las comunas en las que Edelaysen presta sus servicios.<\/p>\n<p style=\"text-align: justify;\">Patricio Raimilla jefe de Servicio al Cliente de Edelaysen destac\u00f3 \u201cEstamos muy contentos de este acuerdo de colaboraci\u00f3n con el SAG para esta importante causa. Creemos en la importancia de las alianzas p\u00fablico-privadas para abordar los desaf\u00edos ambientales, y este convenio es un gran paso hacia una regi\u00f3n m\u00e1s limpia y sostenible\u201d.<\/p>\n<p style=\"text-align: justify;\">El convenio, establece la implementaci\u00f3n de puntos de acopio de pilas en todas las oficinas del SAG, adem\u00e1s de las dependencias de Edelaysen a lo largo de la regi\u00f3n. Esta iniciativa permitir\u00e1 a las distintas comunidades disponer adecuadamente de sus pilas usadas, evitando que estos elementos contaminantes terminen en vertederos y se produzcan da\u00f1os en el medio ambiente.<\/p>\n<p style=\"text-align: justify;\">Por su parte, el director regional de SAG Julio Cerda mencion\u00f3 \u201cPara nosotros como lo expres\u00e1bamos en la inauguraci\u00f3n es una asociaci\u00f3n virtuosa, puesto que persigue un fin en que la regi\u00f3n hace a\u00f1os est\u00e1 interesada en ser una regi\u00f3n limpia, y en este caso se une la iniciativa privada con un servicio de Gobierno como es el Servicio Agr\u00edcola Ganadero, donde vamos a contribuir como instituci\u00f3n y tambi\u00e9n con nuestros funcionarios y familias, entregando a Edelaysen este material tan contaminante como son las pilas para que ellos lo dispongan como corresponde\u201d.<\/p>\n<p style=\"text-align: justify;\">De esta manera, comprometidos con la sostenibilidad, Edelaysen junto a Grupo Saesa, impulsan este programa que fomenta un desarrollo responsable y consciente con el entorno a trav\u00e9s de la recolecci\u00f3n de pilas, las cuales se almacenan y son trasladadas hasta la regi\u00f3n del B\u00edo B\u00edo para su disposici\u00f3n final.<\/p>\n<p style=\"text-align: justify;\"><strong>\u00a0<\/strong><\/p>\n<\/div><\/section><\/div><div  style='height:50px' class='hr hr-invisible   avia-builder-el-6  el_after_av_one_full  el_before_av_social_share '><span class='hr-inner ' ><span class='hr-inner-style'><\/span><\/span><\/div><\/p>\n<div  class='av-social-sharing-box  avia-builder-el-7  el_after_av_hr  el_before_av_hr  '><div class='av-share-box'><h5 class='av-share-link-description av-no-toc '>Compartir esta noticia<\/h5><ul class='av-share-box-list noLightbox'><li class='av-share-link av-social-link-facebook' ><a target=\"_blank\" aria-label=\"Compartir en Facebook\" href='https:\/\/www.facebook.com\/sharer.php?u=https:\/\/radiorevelacionfm.cl\/?p=42274&#038;t=Servicio%20Agr%C3%ADcola%20Ganadero%20de%20Ays%C3%A9n%20se%20suma%20a%20programa%20%E2%80%9CPatagonia%20ponte%20las%20pilas%E2%80%9D' aria-hidden='false' data-av_icon='\ue8f3' data-av_iconfont='entypo-fontello' title='' data-avia-related-tooltip='Compartir en Facebook' rel=\"noopener\"><span class='avia_hidden_link_text'>Compartir en Facebook<\/span><\/a><\/li><li class='av-share-link av-social-link-twitter' ><a target=\"_blank\" aria-label=\"Compartir en Twitter\" href='https:\/\/twitter.com\/share?text=Servicio%20Agr%C3%ADcola%20Ganadero%20de%20Ays%C3%A9n%20se%20suma%20a%20programa%20%E2%80%9CPatagonia%20ponte%20las%20pilas%E2%80%9D&#038;url=https:\/\/radiorevelacionfm.cl\/?p=42274' aria-hidden='false' data-av_icon='\ue8f1' data-av_iconfont='entypo-fontello' title='' data-avia-related-tooltip='Compartir en Twitter' rel=\"noopener\"><span class='avia_hidden_link_text'>Compartir en Twitter<\/span><\/a><\/li><li class='av-share-link av-social-link-whatsapp' ><a target=\"_blank\" aria-label=\"Compartir en Whatsapp\" href='https:\/\/api.whatsapp.com\/send?text=https:\/\/radiorevelacionfm.cl\/?p=42274' aria-hidden='false' data-av_icon='\uf232' data-av_iconfont='entypo-fontello' title='' data-avia-related-tooltip='Compartir en Whatsapp' rel=\"noopener\"><span class='avia_hidden_link_text'>Compartir en Whatsapp<\/span><\/a><\/li><li class='av-share-link av-social-link-linkedin' ><a target=\"_blank\" aria-label=\"Compartir en LinkedIn\" href='https:\/\/linkedin.com\/shareArticle?mini=true&#038;title=Servicio%20Agr%C3%ADcola%20Ganadero%20de%20Ays%C3%A9n%20se%20suma%20a%20programa%20%E2%80%9CPatagonia%20ponte%20las%20pilas%E2%80%9D&#038;url=https:\/\/radiorevelacionfm.cl\/?p=42274' aria-hidden='false' data-av_icon='\ue8fc' data-av_iconfont='entypo-fontello' title='' data-avia-related-tooltip='Compartir en LinkedIn' rel=\"noopener\"><span class='avia_hidden_link_text'>Compartir en LinkedIn<\/span><\/a><\/li><li class='av-share-link av-social-link-mail' ><a  aria-label=\"Compartir por correo\" href='mailto:?subject=Servicio%20Agr%C3%ADcola%20Ganadero%20de%20Ays%C3%A9n%20se%20suma%20a%20programa%20%E2%80%9CPatagonia%20ponte%20las%20pilas%E2%80%9D&#038;body=https:\/\/radiorevelacionfm.cl\/?p=42274' aria-hidden='false' data-av_icon='\ue805' data-av_iconfont='entypo-fontello' title='' data-avia-related-tooltip='Compartir por correo'><span class='avia_hidden_link_text'>Compartir por correo<\/span><\/a><\/li><\/ul><\/div><\/div>\n<div  style='height:50px' class='hr hr-invisible   avia-builder-el-8  el_after_av_social_share  el_before_av_comments_list '><span class='hr-inner ' ><span class='hr-inner-style'><\/span><\/span><\/div>\n<div  class='av-buildercomment  av-blog-meta-html-info-disabled av-blog-meta-tag-disabled  '><\/div>\n","protected":false},"excerpt":{"rendered":"","protected":false},"author":1,"featured_media":42275,"comment_status":"open","ping_status":"open","sticky":false,"template":"","format":"standard","meta":{"footnotes":""},"categories":[38],"tags":[],"class_list":["post-42274","post","type-post","status-publish","format-standard","has-post-thumbnail","hentry","category-regional"],"jetpack_featured_media_url":"https:\/\/radiorevelacionfm.cl\/wp-content\/uploads\/2024\/05\/alianza-sag1-1_optimized.jpeg","_links":{"self":[{"href":"https:\/\/radiorevelacionfm.cl\/index.php?rest_route=\/wp\/v2\/posts\/42274","targetHints":{"allow":["GET"]}}],"collection":[{"href":"https:\/\/radiorevelacionfm.cl\/index.php?rest_route=\/wp\/v2\/posts"}],"about":[{"href":"https:\/\/radiorevelacionfm.cl\/index.php?rest_route=\/wp\/v2\/types\/post"}],"author":[{"embeddable":true,"href":"https:\/\/radiorevelacionfm.cl\/index.php?rest_route=\/wp\/v2\/users\/1"}],"replies":[{"embeddable":true,"href":"https:\/\/radiorevelacionfm.cl\/index.php?rest_route=%2Fwp%2Fv2%2Fcomments&post=42274"}],"version-history":[{"count":1,"href":"https:\/\/radiorevelacionfm.cl\/index.php?rest_route=\/wp\/v2\/posts\/42274\/revisions"}],"predecessor-version":[{"id":42276,"href":"https:\/\/radiorevelacionfm.cl\/index.php?rest_route=\/wp\/v2\/posts\/42274\/revisions\/42276"}],"wp:featuredmedia":[{"embeddable":true,"href":"https:\/\/radiorevelacionfm.cl\/index.php?rest_route=\/wp\/v2\/media\/42275"}],"wp:attachment":[{"href":"https:\/\/radiorevelacionfm.cl\/index.php?rest_route=%2Fwp%2Fv2%2Fmedia&parent=42274"}],"wp:term":[{"taxonomy":"category","embeddable":true,"href":"https:\/\/radiorevelacionfm.cl\/index.php?rest_route=%2Fwp%2Fv2%2Fcategories&post=42274"},{"taxonomy":"post_tag","embeddable":true,"href":"https:\/\/radiorevelacionfm.cl\/index.php?rest_route=%2Fwp%2Fv2%2Ftags&post=42274"}],"curies":[{"name":"wp","href":"https:\/\/api.w.org\/{rel}","templated":true}]}}