{"id":42271,"date":"2024-05-17T11:37:14","date_gmt":"2024-05-17T14:37:14","guid":{"rendered":"https:\/\/radiorevelacionfm.cl\/?p=42271"},"modified":"2024-05-17T11:37:14","modified_gmt":"2024-05-17T14:37:14","slug":"anuncian-la-creacion-de-brigadas-investigadoras-de-lavado-de-activos-a-nivel-nacional","status":"publish","type":"post","link":"https:\/\/radiorevelacionfm.cl\/?p=42271","title":{"rendered":"Anuncian la creaci\u00f3n de Brigadas Investigadoras de Lavado de Activos a nivel nacional"},"content":{"rendered":"<div class=\"flex_column av_one_full  flex_column_div av-zero-column-padding first  avia-builder-el-0  el_before_av_one_full  avia-builder-el-first  \" style='border-radius:0px; '><div  class='avia-image-container  av-styling-    avia-builder-el-1  avia-builder-el-no-sibling  avia-align-center '  itemprop=\"image\" itemscope=\"itemscope\" itemtype=\"https:\/\/schema.org\/ImageObject\"  ><div class='avia-image-container-inner'><div class='avia-image-overlay-wrap'><img decoding=\"async\" class='wp-image-42272 avia-img-lazy-loading-not-42272 avia_image' src=\"https:\/\/radiorevelacionfm.cl\/wp-content\/uploads\/2024\/05\/autoridades-lanzamiento-brilac-1_optimized.jpeg\" alt='' title='autoridades-lanzamiento-brilac-(1)_optimized' height=\"640\" width=\"794\"  itemprop=\"thumbnailUrl\" srcset=\"https:\/\/radiorevelacionfm.cl\/wp-content\/uploads\/2024\/05\/autoridades-lanzamiento-brilac-1_optimized.jpeg 794w, https:\/\/radiorevelacionfm.cl\/wp-content\/uploads\/2024\/05\/autoridades-lanzamiento-brilac-1_optimized-300x242.jpeg 300w, https:\/\/radiorevelacionfm.cl\/wp-content\/uploads\/2024\/05\/autoridades-lanzamiento-brilac-1_optimized-768x619.jpeg 768w, https:\/\/radiorevelacionfm.cl\/wp-content\/uploads\/2024\/05\/autoridades-lanzamiento-brilac-1_optimized-495x400.jpeg 495w, https:\/\/radiorevelacionfm.cl\/wp-content\/uploads\/2024\/05\/autoridades-lanzamiento-brilac-1_optimized-705x568.jpeg 705w, https:\/\/radiorevelacionfm.cl\/wp-content\/uploads\/2024\/05\/autoridades-lanzamiento-brilac-1_optimized-450x363.jpeg 450w, https:\/\/radiorevelacionfm.cl\/wp-content\/uploads\/2024\/05\/autoridades-lanzamiento-brilac-1_optimized-600x484.jpeg 600w\" sizes=\"(max-width: 794px) 100vw, 794px\" \/><\/div><\/div><\/div><\/div><div class=\"flex_column av_one_full  flex_column_div av-zero-column-padding first  avia-builder-el-2  el_after_av_one_full  el_before_av_one_full  column-top-margin\" style='border-radius:0px; '><section class=\"av_textblock_section \"  itemscope=\"itemscope\" itemtype=\"https:\/\/schema.org\/BlogPosting\" itemprop=\"blogPost\" ><div class='avia_textblock  '   itemprop=\"text\" ><p style=\"text-align: center;\"><strong><span style=\"font-size: 18pt;\">Anuncian la creaci\u00f3n de Brigadas Investigadoras de Lavado de Activos a nivel nacional<\/span><\/strong><\/p>\n<div id=\"gtx-trans\" style=\"position: absolute; left: -50px; top: 4.31534px;\">\n<div class=\"gtx-trans-icon\"><\/div>\n<\/div>\n<\/div><\/section><\/div><div class=\"flex_column av_one_full  flex_column_div av-zero-column-padding first  avia-builder-el-4  el_after_av_one_full  el_before_av_hr  column-top-margin\" style='border-radius:0px; '><section class=\"av_textblock_section \"  itemscope=\"itemscope\" itemtype=\"https:\/\/schema.org\/BlogPosting\" itemprop=\"blogPost\" ><div class='avia_textblock  '   itemprop=\"text\" ><p style=\"text-align: justify;\">Este jueves, en el complejo policial de la PDI en Coyhaique, la ministra del Interior y Seguridad P\u00fablica, Carolina Toh\u00e1, junto al Director General de la instituci\u00f3n, Eduardo Cerna, anunciaron la creaci\u00f3n de las Brigadas de Lavado de Activos (Brilac) en todo el pa\u00eds y la entrada en funcionamiento de siete de ellas a partir de hoy.<\/p>\n<p style=\"text-align: justify;\">La decisi\u00f3n, informaron las autoridades, obedece a la necesidad de fortalecer la investigaci\u00f3n del crimen organizado a trav\u00e9s de un proceso de reordenamiento de la estructura org\u00e1nica institucional, que permita esclarecer delitos y la identificaci\u00f3n de grupos que vulneran la ley y afectan la convivencia de toda la poblaci\u00f3n en distintas regiones del pa\u00eds.<\/p>\n<p style=\"text-align: justify;\">\u201cHoy estamos dando a conocer la instalaci\u00f3n de las Brigadas Investigativas de Lavado de Activos aqu\u00ed en Ays\u00e9n. Esfuerzo que estamos haciendo en todas las regiones del pa\u00eds, porque hasta ahora solamente en la Regi\u00f3n Metropolitana exist\u00edan estas brigadas y una de las cosas importantes que tenemos que aprender del crimen organizado es que tiene una gran movilidad. Entonces, puede haber delincuentes de otro pa\u00eds que cometen un delito en Santiago y lavan los activos aqu\u00ed\u201d, explic\u00f3 la ministra Toh\u00e1.<\/p>\n<p style=\"text-align: justify;\">La secretaria de Estado a\u00f1adi\u00f3 que no tiene ning\u00fan sentido ir a buscar el dinero del crimen organizado a los lugares donde cometieron los delitos, porque muchas veces no se va a encontrar ah\u00ed.<\/p>\n<p style=\"text-align: justify;\">\u201cPor eso es tan importante esta iniciativa que ha tomado la Polic\u00eda de Investigaciones, de desarrollar estas capacidades en todas las regiones de Chile. Y no s\u00f3lo aqu\u00ed, tambi\u00e9n a trav\u00e9s de Interpol, de Am\u00e9rica, de nuestros contactos pol\u00edticos y diplom\u00e1ticos para descubrir estos movimientos y darles seguimiento m\u00e1s all\u00e1 de la frontera, porque ciertamente este movimiento del crimen organizado trasciende nuestros l\u00edmites\u201d, afirm\u00f3 la jefa de gabinete.<\/p>\n<p style=\"text-align: justify;\">En tanto, el Director General de la PDI, Eduardo Cerna, recalc\u00f3 que \u201ctenemos que empobrecer a la delincuencia para que no pueda seguir operando y para evitar su poder de articulaci\u00f3n hay que quitarles el patrimonio, con investigaciones robustas, t\u00e9cnicas especializadas y esta din\u00e1mica de la investigaci\u00f3n del delito multidisciplinario\u201d.<\/p>\n<p style=\"text-align: justify;\">Asimismo, sostuvo que en lo que va del a\u00f1o las incautaciones patrimoniales est\u00e1n cerca de los 3 mil millones de pesos. \u201cVamos a seguir fortaleciendo las investigaciones criminales porque tenemos equipos permanentes con capacidades m\u00faltiples para abordar esta nueva din\u00e1mica del delito\u201d y advirti\u00f3 que \u201ctodos los actores vinculados a la persecuci\u00f3n penal tenemos que unirnos para hacer una estrategia en conjunto, porque la solidez de una cadena es tan fuerte como el eslab\u00f3n m\u00e1s d\u00e9bil y ninguno debe serlo\u201d, agreg\u00f3.<\/p>\n<p style=\"text-align: justify;\"><span style=\"font-size: 14pt;\"><strong>El rol de las Brilac<\/strong><\/span><\/p>\n<p style=\"text-align: justify;\">La funci\u00f3n principal de estas brigadas es la investigaci\u00f3n del delito de lavado de activos, que es descrito en la ley como cualquier intento de ocultar o disimular el origen il\u00edcito de bienes que provienen del narcotr\u00e1fico, terrorismo, tr\u00e1fico de armas, delitos financieros, bancarios y tributarios, entre otros.<\/p>\n<p style=\"text-align: justify;\">Esta iniciativa busca potenciar las formas de enfocar una investigaci\u00f3n patrimonial, las tipolog\u00edas propias del lavado de activos y nuevas tendencias. Para hacerlo, la PDI ha dispuesto una dotaci\u00f3n total de 116 funcionarios los que trabajar\u00e1n en brigadas ubicadas en las regiones Tarapac\u00e1, Coquimbo, O\u00b4Higgins, Maule, \u00d1uble, Ays\u00e9n y Magallanes.<\/p>\n<p style=\"text-align: justify;\">Esta brigada, que a la fecha s\u00f3lo exist\u00eda en la Regi\u00f3n Metropolitana, cuenta con investigaciones exitosas como la \u201cOperaci\u00f3n Tributos\u201d, en la que se desarticul\u00f3 una organizaci\u00f3n criminal compuesta por siete clanes empresariales y se logr\u00f3 recuperar un patrimonio de $27.000.000.000 aproximadamente.<\/p>\n<p style=\"text-align: justify;\">Otro de los logros de la Brilac fue la \u201cOperaci\u00f3n Rey Midas\u201d, en que se detuvieron a 35 imputados que formaban parte de una organizaci\u00f3n criminal transnacional que realiz\u00f3 contrabando y extracci\u00f3n ilegal de oro, para su posterior exportaci\u00f3n a Suiza y Dubai- EAU mediante un complejo mecanismo de blanqueo del metal. La desarticulaci\u00f3n de esta agrupaci\u00f3n, que cre\u00f3 una gran red empresarial criminal, se dedic\u00f3 a defraudar al fisco lo que provoc\u00f3 un perjuicio fiscal de $ 4.208.000.000.<\/p>\n<p style=\"text-align: justify;\">La ampliaci\u00f3n de las Brigadas Investigadoras de Lavado de Activos a todas las regiones del pa\u00eds fue uno de los primeros objetivos propuestos por el Director General de la PDI, Eduardo Cerna, al momento de asumir la instituci\u00f3n. Hoy, a meses de su investidura, existen los primeros frutos de este trabajo.<\/p>\n<\/div><\/section><\/div><div  style='height:50px' class='hr hr-invisible   avia-builder-el-6  el_after_av_one_full  el_before_av_social_share '><span class='hr-inner ' ><span class='hr-inner-style'><\/span><\/span><\/div><\/p>\n<div  class='av-social-sharing-box  avia-builder-el-7  el_after_av_hr  el_before_av_hr  '><div class='av-share-box'><h5 class='av-share-link-description av-no-toc '>Compartir esta noticia<\/h5><ul class='av-share-box-list noLightbox'><li class='av-share-link av-social-link-facebook' ><a target=\"_blank\" aria-label=\"Compartir en Facebook\" href='https:\/\/www.facebook.com\/sharer.php?u=https:\/\/radiorevelacionfm.cl\/?p=42271&#038;t=Anuncian%20la%20creaci%C3%B3n%20de%20Brigadas%20Investigadoras%20de%20Lavado%20de%20Activos%20a%20nivel%20nacional' aria-hidden='false' data-av_icon='\ue8f3' data-av_iconfont='entypo-fontello' title='' data-avia-related-tooltip='Compartir en Facebook' rel=\"noopener\"><span class='avia_hidden_link_text'>Compartir en Facebook<\/span><\/a><\/li><li class='av-share-link av-social-link-twitter' ><a target=\"_blank\" aria-label=\"Compartir en Twitter\" href='https:\/\/twitter.com\/share?text=Anuncian%20la%20creaci%C3%B3n%20de%20Brigadas%20Investigadoras%20de%20Lavado%20de%20Activos%20a%20nivel%20nacional&#038;url=https:\/\/radiorevelacionfm.cl\/?p=42271' aria-hidden='false' data-av_icon='\ue8f1' data-av_iconfont='entypo-fontello' title='' data-avia-related-tooltip='Compartir en Twitter' rel=\"noopener\"><span class='avia_hidden_link_text'>Compartir en Twitter<\/span><\/a><\/li><li class='av-share-link av-social-link-whatsapp' ><a target=\"_blank\" aria-label=\"Compartir en Whatsapp\" href='https:\/\/api.whatsapp.com\/send?text=https:\/\/radiorevelacionfm.cl\/?p=42271' aria-hidden='false' data-av_icon='\uf232' data-av_iconfont='entypo-fontello' title='' data-avia-related-tooltip='Compartir en Whatsapp' rel=\"noopener\"><span class='avia_hidden_link_text'>Compartir en Whatsapp<\/span><\/a><\/li><li class='av-share-link av-social-link-linkedin' ><a target=\"_blank\" aria-label=\"Compartir en LinkedIn\" href='https:\/\/linkedin.com\/shareArticle?mini=true&#038;title=Anuncian%20la%20creaci%C3%B3n%20de%20Brigadas%20Investigadoras%20de%20Lavado%20de%20Activos%20a%20nivel%20nacional&#038;url=https:\/\/radiorevelacionfm.cl\/?p=42271' aria-hidden='false' data-av_icon='\ue8fc' data-av_iconfont='entypo-fontello' title='' data-avia-related-tooltip='Compartir en LinkedIn' rel=\"noopener\"><span class='avia_hidden_link_text'>Compartir en LinkedIn<\/span><\/a><\/li><li class='av-share-link av-social-link-mail' ><a  aria-label=\"Compartir por correo\" href='mailto:?subject=Anuncian%20la%20creaci%C3%B3n%20de%20Brigadas%20Investigadoras%20de%20Lavado%20de%20Activos%20a%20nivel%20nacional&#038;body=https:\/\/radiorevelacionfm.cl\/?p=42271' aria-hidden='false' data-av_icon='\ue805' data-av_iconfont='entypo-fontello' title='' data-avia-related-tooltip='Compartir por correo'><span class='avia_hidden_link_text'>Compartir por correo<\/span><\/a><\/li><\/ul><\/div><\/div>\n<div  style='height:50px' class='hr hr-invisible   avia-builder-el-8  el_after_av_social_share  el_before_av_comments_list '><span class='hr-inner ' ><span class='hr-inner-style'><\/span><\/span><\/div>\n<div  class='av-buildercomment  av-blog-meta-html-info-disabled av-blog-meta-tag-disabled  '><\/div>\n","protected":false},"excerpt":{"rendered":"","protected":false},"author":1,"featured_media":42272,"comment_status":"open","ping_status":"open","sticky":false,"template":"","format":"standard","meta":{"footnotes":""},"categories":[38],"tags":[],"class_list":["post-42271","post","type-post","status-publish","format-standard","has-post-thumbnail","hentry","category-regional"],"jetpack_featured_media_url":"https:\/\/radiorevelacionfm.cl\/wp-content\/uploads\/2024\/05\/autoridades-lanzamiento-brilac-1_optimized.jpeg","_links":{"self":[{"href":"https:\/\/radiorevelacionfm.cl\/index.php?rest_route=\/wp\/v2\/posts\/42271","targetHints":{"allow":["GET"]}}],"collection":[{"href":"https:\/\/radiorevelacionfm.cl\/index.php?rest_route=\/wp\/v2\/posts"}],"about":[{"href":"https:\/\/radiorevelacionfm.cl\/index.php?rest_route=\/wp\/v2\/types\/post"}],"author":[{"embeddable":true,"href":"https:\/\/radiorevelacionfm.cl\/index.php?rest_route=\/wp\/v2\/users\/1"}],"replies":[{"embeddable":true,"href":"https:\/\/radiorevelacionfm.cl\/index.php?rest_route=%2Fwp%2Fv2%2Fcomments&post=42271"}],"version-history":[{"count":1,"href":"https:\/\/radiorevelacionfm.cl\/index.php?rest_route=\/wp\/v2\/posts\/42271\/revisions"}],"predecessor-version":[{"id":42273,"href":"https:\/\/radiorevelacionfm.cl\/index.php?rest_route=\/wp\/v2\/posts\/42271\/revisions\/42273"}],"wp:featuredmedia":[{"embeddable":true,"href":"https:\/\/radiorevelacionfm.cl\/index.php?rest_route=\/wp\/v2\/media\/42272"}],"wp:attachment":[{"href":"https:\/\/radiorevelacionfm.cl\/index.php?rest_route=%2Fwp%2Fv2%2Fmedia&parent=42271"}],"wp:term":[{"taxonomy":"category","embeddable":true,"href":"https:\/\/radiorevelacionfm.cl\/index.php?rest_route=%2Fwp%2Fv2%2Fcategories&post=42271"},{"taxonomy":"post_tag","embeddable":true,"href":"https:\/\/radiorevelacionfm.cl\/index.php?rest_route=%2Fwp%2Fv2%2Ftags&post=42271"}],"curies":[{"name":"wp","href":"https:\/\/api.w.org\/{rel}","templated":true}]}}