{"id":4227,"date":"2021-05-17T21:25:41","date_gmt":"2021-05-18T00:25:41","guid":{"rendered":"https:\/\/radiorevelacionfm.cl\/?p=4227"},"modified":"2021-05-17T22:37:58","modified_gmt":"2021-05-18T01:37:58","slug":"democracia-cristiana-gana-en-villa-ohiggins-y-recupera-coyhaique-tras-21-anos","status":"publish","type":"post","link":"https:\/\/radiorevelacionfm.cl\/?p=4227","title":{"rendered":"Democracia Cristiana gana en Villa O\u00b4Higgins y recupera Coyhaique tras 21 a\u00f1os"},"content":{"rendered":"<div class=\"flex_column av_one_full  flex_column_div av-zero-column-padding first  avia-builder-el-0  el_before_av_one_full  avia-builder-el-first  \" style='border-radius:0px; '><div  class='avia-image-container  av-styling-    avia-builder-el-1  avia-builder-el-no-sibling  avia-align-center '  itemprop=\"image\" itemscope=\"itemscope\" itemtype=\"https:\/\/schema.org\/ImageObject\"  ><div class='avia-image-container-inner'><div class='avia-image-overlay-wrap'><img decoding=\"async\" class='wp-image-0 avia-img-lazy-loading-not-0 avia_image' src=\"https:\/\/radiorevelacionfm.cl\/wp-content\/uploads\/2021\/05\/DC-REGIONAL.jpg\" alt='' title=''   itemprop=\"thumbnailUrl\"  \/><\/div><\/div><\/div><\/div>\n<div class=\"flex_column av_one_full  flex_column_div av-zero-column-padding first  avia-builder-el-2  el_after_av_one_full  el_before_av_one_full  column-top-margin\" style='border-radius:0px; '><section class=\"av_textblock_section \"  itemscope=\"itemscope\" itemtype=\"https:\/\/schema.org\/BlogPosting\" itemprop=\"blogPost\" ><div class='avia_textblock  '   itemprop=\"text\" ><p style=\"text-align: center;\"><strong><span style=\"font-size: 18pt;\">Democracia Cristiana gana en Villa O\u00b4Higgins y recupera Coyhaique tras 21 a\u00f1os<\/span><\/strong><\/p>\n<div id=\"gtx-trans\" style=\"position: absolute; left: -50px; top: 4.31534px;\">\n<div class=\"gtx-trans-icon\"><\/div>\n<\/div>\n<\/div><\/section><\/div>\n<div class=\"flex_column av_one_full  flex_column_div av-zero-column-padding first  avia-builder-el-4  el_after_av_one_full  el_before_av_hr  column-top-margin\" style='border-radius:0px; '><section class=\"av_textblock_section \"  itemscope=\"itemscope\" itemtype=\"https:\/\/schema.org\/BlogPosting\" itemprop=\"blogPost\" ><div class='avia_textblock  '   itemprop=\"text\" ><p style=\"font-weight: 400; text-align: justify;\">El diputado Miguel \u00c1ngel Calisto resalt\u00f3 los resultados de alcaldes y concejales y alent\u00f3 a su partido a seguir representado sus intereses desde las regiones. Adem\u00e1s, valor\u00f3 el triunfo de Andrea Mac\u00edas como Gobernadora Regional.<\/p>\n<p style=\"font-weight: 400; text-align: justify;\">Como un triunfo hist\u00f3rico para la Democracia Cristiana calific\u00f3 el diputado Miguel \u00c1ngel Calisto los resultados de las elecciones a la alcald\u00eda de Coyhaique, donde result\u00f3 ganador Carlos Gatica con un 40,67% de los votos, resaltando el hecho que \u201cdespu\u00e9s de 21 a\u00f1os un alcalde DC podr\u00e1 comandar los cambios que la Capital Regional requiere para mejorar la calidad de vida de sus habitantes\u201d.<\/p>\n<p style=\"font-weight: 400; text-align: justify;\">El legislador agreg\u00f3 que \u201cEstamos muy contentos porque tras 21 a\u00f1os logramos recuperar la alcald\u00eda de Coyhaique. Carlos Gatica \u00a0representa el cambio que nuestra ciudad necesitaba, es un profesional joven con iniciativa, ideas propias y mucha energ\u00eda. Estoy seguro que realizar\u00e1 una gesti\u00f3n eficiente, con ideas innovadoras, en base a la probidad y la transparencia, \u00e9l incluso ya ha solicitado una auditor\u00eda externa\u201d.<\/p>\n<p style=\"font-weight: 400; text-align: justify;\">\u201cEl nuevo alcalde adem\u00e1s tiene un fuerte compromiso por el medio ambiente, por lo que espero que en su gesti\u00f3n sea muy importante la lucha para disminuir la contaminaci\u00f3n atmosf\u00e9rica que sufrimos en Coyhaique todos los inviernos. Tambi\u00e9n estoy seguro que potenciar\u00e1 el turismo y el desarrollo del comercio y de las PYMES\u201d.<\/p>\n<p style=\"font-weight: 400; text-align: justify;\"><strong>Villa O\u00b4Higgins<\/strong><\/p>\n<p style=\"font-weight: 400; text-align: justify;\">El parlamentario tambi\u00e9n se refiri\u00f3 al triunfo de Jos\u00e9 Fica en Villa O\u00b4Higgins, afirmando que \u201c\u00e9l tiene la experiencia y el conocimiento para realizar un gran trabajo en esta comuna de la zona sur austral de nuestra regi\u00f3n, comuna que es la puerta de entrada Campos de Hielo Sur. Es necesario centrar la atenci\u00f3n en las personas, en la gente que vive ah\u00ed. En este sentido creo que el nuevo alcalde va a realizar un gran trabajo y contar\u00e1 con todo nuestro apoyo\u201d.<\/p>\n<p style=\"font-weight: 400; text-align: justify;\"><strong>Elecci\u00f3n de Concejales \u00a0\u00a0\u00a0\u00a0<\/strong><\/p>\n<p style=\"font-weight: 400; text-align: justify;\">El legislador adem\u00e1s se refiri\u00f3 a los resultados en la elecci\u00f3n de concejales, afirmando que \u201cvaloramos el triunfo de Alejandra Aguilar en Coyhaique. En Chile Chico, Ariel Keim sac\u00f3 una excelente votaci\u00f3n, lo que permiti\u00f3 tambi\u00e9n elegir a Mario Figueroa y a Arnaldo Cruz\u201d.<\/p>\n<p style=\"font-weight: 400; text-align: justify;\">\u201cEn Cisnes resaltamos el triunfo de Almendra Silva, quien fue reelecta por el gran trabajo que realiza con la comunidad. Lo mismo sucede en Villa O\u00b4Higgins con Mar\u00eda Ang\u00e9lica Cruces, quien tambi\u00e9n ya hab\u00eda sido concejala y ahora la comunidad la volvi\u00f3 a elegir con una gran votaci\u00f3n\u201d, indic\u00f3.<\/p>\n<p style=\"font-weight: 400; text-align: justify;\">El parlamentario tambi\u00e9n afirm\u00f3 que \u201cen Ays\u00e9n Rosa Gonz\u00e1lez logr\u00f3 una gran votaci\u00f3n y ser\u00e1 una nueva concejala para esta ciudad. Lo mismo con Rub\u00e9n Sandoval en Ib\u00e1\u00f1ez, Miguel Aravena en Cochrane, quien fue reelecto, y Nadia Barr\u00eda en Tortel\u201d.<\/p>\n<p style=\"font-weight: 400; text-align: justify;\"><strong>Elecci\u00f3n de la Gobernadora Regional<\/strong><\/p>\n<p style=\"font-weight: 400; text-align: justify;\">El diputado Miguel \u00c1ngel Calisto tuvo palabras para resaltar la gran votaci\u00f3n que obtuvo la Gobernadora electa Andrea Mac\u00edas, indicando que \u201cfue un gran triunfo de la oposici\u00f3n. Este es un cargo importante, un cargo nuevo. Esto nos alienta a que todos, independiente de las posiciones pol\u00edticas, a que nos pongamos a disposici\u00f3n de la Gobernadora para avanzar en los temas que Ays\u00e9n necesita\u201d.<\/p>\n<p style=\"font-weight: 400; text-align: justify;\">Finalmente, Calisto se\u00f1al\u00f3 que \u201cac\u00e1 no podemos tener diferencias en temas de necesidad com\u00fan, como por ejemplo la rebaja de la electricidad domiciliaria, enfrentar los problemas de contaminaci\u00f3n que se viven en varias ciudades, as\u00ed como tambi\u00e9n las necesidades en temas de salud. Ac\u00e1 debemos actuar juntos, independientemente de la posici\u00f3n pol\u00edtica. Me pongo a su disposici\u00f3n para trabajar, porque si a la Gobernadora le va bien, a todos nos va bien.\u00a0 Este es un cargo que apunta al regionalismo, a fortalecer la opini\u00f3n de los Ayseninos frente a las imposiciones del Gobierno central\u201d.<\/p>\n<\/div><\/section><\/div><div  style='height:50px' class='hr hr-invisible   avia-builder-el-6  el_after_av_one_full  el_before_av_social_share '><span class='hr-inner ' ><span class='hr-inner-style'><\/span><\/span><\/div><\/p>\n<div  class='av-social-sharing-box  avia-builder-el-7  el_after_av_hr  el_before_av_hr  '><div class='av-share-box'><h5 class='av-share-link-description av-no-toc '>Compartir esta noticia<\/h5><ul class='av-share-box-list noLightbox'><li class='av-share-link av-social-link-facebook' ><a target=\"_blank\" aria-label=\"Compartir en Facebook\" href='https:\/\/www.facebook.com\/sharer.php?u=https:\/\/radiorevelacionfm.cl\/?p=4227&#038;t=Democracia%20Cristiana%20gana%20en%20Villa%20O%C2%B4Higgins%20y%20recupera%20Coyhaique%20tras%2021%20a%C3%B1os' aria-hidden='false' data-av_icon='\ue8f3' data-av_iconfont='entypo-fontello' title='' data-avia-related-tooltip='Compartir en Facebook' rel=\"noopener\"><span class='avia_hidden_link_text'>Compartir en Facebook<\/span><\/a><\/li><li class='av-share-link av-social-link-twitter' ><a target=\"_blank\" aria-label=\"Compartir en Twitter\" href='https:\/\/twitter.com\/share?text=Democracia%20Cristiana%20gana%20en%20Villa%20O%C2%B4Higgins%20y%20recupera%20Coyhaique%20tras%2021%20a%C3%B1os&#038;url=https:\/\/radiorevelacionfm.cl\/?p=4227' aria-hidden='false' data-av_icon='\ue8f1' data-av_iconfont='entypo-fontello' title='' data-avia-related-tooltip='Compartir en Twitter' rel=\"noopener\"><span class='avia_hidden_link_text'>Compartir en Twitter<\/span><\/a><\/li><li class='av-share-link av-social-link-whatsapp' ><a target=\"_blank\" aria-label=\"Compartir en Whatsapp\" href='https:\/\/api.whatsapp.com\/send?text=https:\/\/radiorevelacionfm.cl\/?p=4227' aria-hidden='false' data-av_icon='\uf232' data-av_iconfont='entypo-fontello' title='' data-avia-related-tooltip='Compartir en Whatsapp' rel=\"noopener\"><span class='avia_hidden_link_text'>Compartir en Whatsapp<\/span><\/a><\/li><li class='av-share-link av-social-link-linkedin' ><a target=\"_blank\" aria-label=\"Compartir en LinkedIn\" href='https:\/\/linkedin.com\/shareArticle?mini=true&#038;title=Democracia%20Cristiana%20gana%20en%20Villa%20O%C2%B4Higgins%20y%20recupera%20Coyhaique%20tras%2021%20a%C3%B1os&#038;url=https:\/\/radiorevelacionfm.cl\/?p=4227' aria-hidden='false' data-av_icon='\ue8fc' data-av_iconfont='entypo-fontello' title='' data-avia-related-tooltip='Compartir en LinkedIn' rel=\"noopener\"><span class='avia_hidden_link_text'>Compartir en LinkedIn<\/span><\/a><\/li><li class='av-share-link av-social-link-mail' ><a  aria-label=\"Compartir por correo\" href='mailto:?subject=Democracia%20Cristiana%20gana%20en%20Villa%20O%C2%B4Higgins%20y%20recupera%20Coyhaique%20tras%2021%20a%C3%B1os&#038;body=https:\/\/radiorevelacionfm.cl\/?p=4227' aria-hidden='false' data-av_icon='\ue805' data-av_iconfont='entypo-fontello' title='' data-avia-related-tooltip='Compartir por correo'><span class='avia_hidden_link_text'>Compartir por correo<\/span><\/a><\/li><\/ul><\/div><\/div>\n<div  style='height:50px' class='hr hr-invisible   avia-builder-el-8  el_after_av_social_share  el_before_av_comments_list '><span class='hr-inner ' ><span class='hr-inner-style'><\/span><\/span><\/div>\n<div  class='av-buildercomment  av-blog-meta-html-info-disabled av-blog-meta-tag-disabled  '><\/div>\n","protected":false},"excerpt":{"rendered":"","protected":false},"author":1,"featured_media":0,"comment_status":"open","ping_status":"open","sticky":false,"template":"","format":"standard","meta":{"footnotes":""},"categories":[35],"tags":[],"class_list":["post-4227","post","type-post","status-publish","format-standard","hentry","category-politica"],"jetpack_featured_media_url":"","_links":{"self":[{"href":"https:\/\/radiorevelacionfm.cl\/index.php?rest_route=\/wp\/v2\/posts\/4227","targetHints":{"allow":["GET"]}}],"collection":[{"href":"https:\/\/radiorevelacionfm.cl\/index.php?rest_route=\/wp\/v2\/posts"}],"about":[{"href":"https:\/\/radiorevelacionfm.cl\/index.php?rest_route=\/wp\/v2\/types\/post"}],"author":[{"embeddable":true,"href":"https:\/\/radiorevelacionfm.cl\/index.php?rest_route=\/wp\/v2\/users\/1"}],"replies":[{"embeddable":true,"href":"https:\/\/radiorevelacionfm.cl\/index.php?rest_route=%2Fwp%2Fv2%2Fcomments&post=4227"}],"version-history":[{"count":3,"href":"https:\/\/radiorevelacionfm.cl\/index.php?rest_route=\/wp\/v2\/posts\/4227\/revisions"}],"predecessor-version":[{"id":4236,"href":"https:\/\/radiorevelacionfm.cl\/index.php?rest_route=\/wp\/v2\/posts\/4227\/revisions\/4236"}],"wp:attachment":[{"href":"https:\/\/radiorevelacionfm.cl\/index.php?rest_route=%2Fwp%2Fv2%2Fmedia&parent=4227"}],"wp:term":[{"taxonomy":"category","embeddable":true,"href":"https:\/\/radiorevelacionfm.cl\/index.php?rest_route=%2Fwp%2Fv2%2Fcategories&post=4227"},{"taxonomy":"post_tag","embeddable":true,"href":"https:\/\/radiorevelacionfm.cl\/index.php?rest_route=%2Fwp%2Fv2%2Ftags&post=4227"}],"curies":[{"name":"wp","href":"https:\/\/api.w.org\/{rel}","templated":true}]}}