{"id":42268,"date":"2024-05-17T12:39:36","date_gmt":"2024-05-17T15:39:36","guid":{"rendered":"https:\/\/radiorevelacionfm.cl\/?p=42268"},"modified":"2024-05-17T12:39:36","modified_gmt":"2024-05-17T15:39:36","slug":"tras-la-firma-del-convenio-para-su-implementacion-en-coyhaique-realizan-primera-reunion-de-la-mesa-regional-del-tribunal-de-tratamiento-de-drogas-y-o-alcohol","status":"publish","type":"post","link":"https:\/\/radiorevelacionfm.cl\/?p=42268","title":{"rendered":"Tras la firma del convenio para su implementaci\u00f3n en Coyhaique: Realizan primera reuni\u00f3n de la Mesa Regional del Tribunal de Tratamiento de Drogas y\/o Alcohol"},"content":{"rendered":"<div class=\"flex_column av_one_full  flex_column_div av-zero-column-padding first  avia-builder-el-0  el_before_av_one_full  avia-builder-el-first  \" style='border-radius:0px; '><div  class='avia-image-container  av-styling-    avia-builder-el-1  avia-builder-el-no-sibling  avia-align-center '  itemprop=\"image\" itemscope=\"itemscope\" itemtype=\"https:\/\/schema.org\/ImageObject\"  ><div class='avia-image-container-inner'><div class='avia-image-overlay-wrap'><img decoding=\"async\" class='wp-image-42269 avia-img-lazy-loading-not-42269 avia_image' src=\"https:\/\/radiorevelacionfm.cl\/wp-content\/uploads\/2024\/05\/ttd-2-1_optimized.jpg\" alt='' title='ttd-2-(1)_optimized' height=\"600\" width=\"800\"  itemprop=\"thumbnailUrl\" srcset=\"https:\/\/radiorevelacionfm.cl\/wp-content\/uploads\/2024\/05\/ttd-2-1_optimized.jpg 800w, https:\/\/radiorevelacionfm.cl\/wp-content\/uploads\/2024\/05\/ttd-2-1_optimized-300x225.jpg 300w, https:\/\/radiorevelacionfm.cl\/wp-content\/uploads\/2024\/05\/ttd-2-1_optimized-768x576.jpg 768w, https:\/\/radiorevelacionfm.cl\/wp-content\/uploads\/2024\/05\/ttd-2-1_optimized-705x529.jpg 705w, https:\/\/radiorevelacionfm.cl\/wp-content\/uploads\/2024\/05\/ttd-2-1_optimized-450x338.jpg 450w, https:\/\/radiorevelacionfm.cl\/wp-content\/uploads\/2024\/05\/ttd-2-1_optimized-600x450.jpg 600w\" sizes=\"(max-width: 800px) 100vw, 800px\" \/><\/div><\/div><\/div><\/div><div class=\"flex_column av_one_full  flex_column_div av-zero-column-padding first  avia-builder-el-2  el_after_av_one_full  el_before_av_one_full  column-top-margin\" style='border-radius:0px; '><section class=\"av_textblock_section \"  itemscope=\"itemscope\" itemtype=\"https:\/\/schema.org\/BlogPosting\" itemprop=\"blogPost\" ><div class='avia_textblock  '   itemprop=\"text\" ><p style=\"text-align: center;\"><span style=\"font-size: 18pt;\"><strong><em>Tras la firma del convenio para su implementaci\u00f3n en Coyhaique: <\/em><\/strong><strong>Realizan primera reuni\u00f3n de la Mesa Regional del Tribunal de Tratamiento de Drogas y\/o Alcohol<\/strong><\/span><\/p>\n<div id=\"gtx-trans\" style=\"position: absolute; left: -50px; top: 4.31534px;\">\n<div class=\"gtx-trans-icon\"><\/div>\n<\/div>\n<\/div><\/section><\/div><div class=\"flex_column av_one_full  flex_column_div av-zero-column-padding first  avia-builder-el-4  el_after_av_one_full  el_before_av_hr  column-top-margin\" style='border-radius:0px; '><section class=\"av_textblock_section \"  itemscope=\"itemscope\" itemtype=\"https:\/\/schema.org\/BlogPosting\" itemprop=\"blogPost\" ><div class='avia_textblock  '   itemprop=\"text\" ><p style=\"text-align: justify;\">Recientemente en dependencias de la Seremi de Justicia y Derechos Humanos se llev\u00f3 a cabo la primera reuni\u00f3n de la Mesa Regional del Tribunal de Tratamiento de Drogas y\/o Alcohol, esto tras la firma del convenio para su instalaci\u00f3n en la ciudad de Coyhaique, dicha instancia fue encabezada por el secretario regional ministerial de Justicia y Derechos Humanos Samuel Navarro Castro.<\/p>\n<p style=\"text-align: justify;\">Respecto a lo abordado en esta primera reuni\u00f3n, el seremi de Justicia y Derechos Humanos Samuel Navarro explic\u00f3 que \u201ccomo comisi\u00f3n del Tribunal de Tratamiento de Drogas y \/o Alcohol tuvimos nuestra primera sesi\u00f3n luego de la firma del convenio entre el Poder Judicial, la Fiscal\u00eda, la Defensor\u00eda Penal, el Servicio de Salud Ays\u00e9n y Senda para ir concretando el objetivo de esta comisi\u00f3n que es instalar el Tribunal de Tratamiento de Drogas en Coyhaique, ya que hasta la fecha solo estaba funcionando en Ays\u00e9n, asimismo vimos como reforzar la implementaci\u00f3n en Puerto Ays\u00e9n dado que hoy d\u00eda hay una baja de usuarios y hay oferta disponible en la materia, as\u00ed que agradecer fundamentalmente la participaci\u00f3n de todos los actores porque nos va a ir permitiendo establecer las etapas a desarrollar para su implementaci\u00f3n y el trabajo que tenemos que realizar con los comisionados para que las contrapartes t\u00e9cnicas vayan avanzando en capacitaci\u00f3n y preparaci\u00f3n para la pronta ejecuci\u00f3n del Tribunal de Tratamiento de Drogas en Coyhaique\u201d.<\/p>\n<p style=\"text-align: justify;\">Mencionar que entre los aspectos abordados estuvo el proceso de capacitaci\u00f3n para los intervinientes directos como indirectos en el funcionamiento de los Tribunales de Tratamiento de Drogas y\/o Alcohol (TTD) en la regi\u00f3n, todo con el fin de reactivar el funcionamiento de la red e involucrar a las instituciones en su implementaci\u00f3n, as\u00ed tambi\u00e9n la instalaci\u00f3n de equipos intervinientes directos e indirectos en las judicaturas de Puerto Ays\u00e9n y Coyhaique con el fin de iniciar procesos con eventuales usuarios, entre otros.<\/p>\n<p style=\"text-align: justify;\">Por su parte, el Fiscal Regional Carlos Palma se\u00f1al\u00f3 que \u201cla reuni\u00f3n ten\u00eda por objeto construir equipos de trabajo que van a participar de aqu\u00ed en adelante en todo el proceso de los TTD en toda la comuna de Coyhaique e ir avanzando en la programaci\u00f3n de las actividades que vienen, se\u00f1alar que los Tribunales de Tratamiento de Drogas (TTD) son fundamentales en el proceso de reinserci\u00f3n social de las personas, una forma de controlar la conducta delictiva es por medio de la sanci\u00f3n penal que es nuestra funci\u00f3n natural, pero hemos impulsado en forma sostenida como Fiscal\u00eda de Chile en la regi\u00f3n de Ays\u00e9n, esta alternativa de realizar tratamiento a aquellas personas que han cometido ciertos tipos de delitos bajo el efecto del alcohol o las drogas, lo hicimos el 2018 en Puerto Ays\u00e9n y lo hicimos este a\u00f1o en Coyhaique y estamos convencidos que es una herramienta eficaz para producir la reinserci\u00f3n social\u201d.<\/p>\n<p style=\"text-align: justify;\">Finalmente cabe mencionar que de este primer encuentro participaron representantes del Poder Judicial, Fiscal\u00eda, Defensor\u00eda Penal, Senda y Sename.<\/p>\n<\/div><\/section><\/div><div  style='height:50px' class='hr hr-invisible   avia-builder-el-6  el_after_av_one_full  el_before_av_social_share '><span class='hr-inner ' ><span class='hr-inner-style'><\/span><\/span><\/div><\/p>\n<div  class='av-social-sharing-box  avia-builder-el-7  el_after_av_hr  el_before_av_hr  '><div class='av-share-box'><h5 class='av-share-link-description av-no-toc '>Compartir esta noticia<\/h5><ul class='av-share-box-list noLightbox'><li class='av-share-link av-social-link-facebook' ><a target=\"_blank\" aria-label=\"Compartir en Facebook\" href='https:\/\/www.facebook.com\/sharer.php?u=https:\/\/radiorevelacionfm.cl\/?p=42268&#038;t=Tras%20la%20firma%20del%20convenio%20para%20su%20implementaci%C3%B3n%20en%20Coyhaique%3A%20Realizan%20primera%20reuni%C3%B3n%20de%20la%20Mesa%20Regional%20del%20Tribunal%20de%20Tratamiento%20de%20Drogas%20y%2Fo%20Alcohol' aria-hidden='false' data-av_icon='\ue8f3' data-av_iconfont='entypo-fontello' title='' data-avia-related-tooltip='Compartir en Facebook' rel=\"noopener\"><span class='avia_hidden_link_text'>Compartir en Facebook<\/span><\/a><\/li><li class='av-share-link av-social-link-twitter' ><a target=\"_blank\" aria-label=\"Compartir en Twitter\" href='https:\/\/twitter.com\/share?text=Tras%20la%20firma%20del%20convenio%20para%20su%20implementaci%C3%B3n%20en%20Coyhaique%3A%20Realizan%20primera%20reuni%C3%B3n%20de%20la%20Mesa%20Regional%20del%20Tribunal%20de%20Tratamiento%20de%20Drogas%20y%2Fo%20Alcohol&#038;url=https:\/\/radiorevelacionfm.cl\/?p=42268' aria-hidden='false' data-av_icon='\ue8f1' data-av_iconfont='entypo-fontello' title='' data-avia-related-tooltip='Compartir en Twitter' rel=\"noopener\"><span class='avia_hidden_link_text'>Compartir en Twitter<\/span><\/a><\/li><li class='av-share-link av-social-link-whatsapp' ><a target=\"_blank\" aria-label=\"Compartir en Whatsapp\" href='https:\/\/api.whatsapp.com\/send?text=https:\/\/radiorevelacionfm.cl\/?p=42268' aria-hidden='false' data-av_icon='\uf232' data-av_iconfont='entypo-fontello' title='' data-avia-related-tooltip='Compartir en Whatsapp' rel=\"noopener\"><span class='avia_hidden_link_text'>Compartir en Whatsapp<\/span><\/a><\/li><li class='av-share-link av-social-link-linkedin' ><a target=\"_blank\" aria-label=\"Compartir en LinkedIn\" href='https:\/\/linkedin.com\/shareArticle?mini=true&#038;title=Tras%20la%20firma%20del%20convenio%20para%20su%20implementaci%C3%B3n%20en%20Coyhaique%3A%20Realizan%20primera%20reuni%C3%B3n%20de%20la%20Mesa%20Regional%20del%20Tribunal%20de%20Tratamiento%20de%20Drogas%20y%2Fo%20Alcohol&#038;url=https:\/\/radiorevelacionfm.cl\/?p=42268' aria-hidden='false' data-av_icon='\ue8fc' data-av_iconfont='entypo-fontello' title='' data-avia-related-tooltip='Compartir en LinkedIn' rel=\"noopener\"><span class='avia_hidden_link_text'>Compartir en LinkedIn<\/span><\/a><\/li><li class='av-share-link av-social-link-mail' ><a  aria-label=\"Compartir por correo\" href='mailto:?subject=Tras%20la%20firma%20del%20convenio%20para%20su%20implementaci%C3%B3n%20en%20Coyhaique%3A%20Realizan%20primera%20reuni%C3%B3n%20de%20la%20Mesa%20Regional%20del%20Tribunal%20de%20Tratamiento%20de%20Drogas%20y%2Fo%20Alcohol&#038;body=https:\/\/radiorevelacionfm.cl\/?p=42268' aria-hidden='false' data-av_icon='\ue805' data-av_iconfont='entypo-fontello' title='' data-avia-related-tooltip='Compartir por correo'><span class='avia_hidden_link_text'>Compartir por correo<\/span><\/a><\/li><\/ul><\/div><\/div>\n<div  style='height:50px' class='hr hr-invisible   avia-builder-el-8  el_after_av_social_share  el_before_av_comments_list '><span class='hr-inner ' ><span class='hr-inner-style'><\/span><\/span><\/div>\n<div  class='av-buildercomment  av-blog-meta-html-info-disabled av-blog-meta-tag-disabled  '><\/div>\n","protected":false},"excerpt":{"rendered":"","protected":false},"author":1,"featured_media":42269,"comment_status":"open","ping_status":"open","sticky":false,"template":"","format":"standard","meta":{"footnotes":""},"categories":[55],"tags":[],"class_list":["post-42268","post","type-post","status-publish","format-standard","has-post-thumbnail","hentry","category-justicia"],"jetpack_featured_media_url":"https:\/\/radiorevelacionfm.cl\/wp-content\/uploads\/2024\/05\/ttd-2-1_optimized.jpg","_links":{"self":[{"href":"https:\/\/radiorevelacionfm.cl\/index.php?rest_route=\/wp\/v2\/posts\/42268","targetHints":{"allow":["GET"]}}],"collection":[{"href":"https:\/\/radiorevelacionfm.cl\/index.php?rest_route=\/wp\/v2\/posts"}],"about":[{"href":"https:\/\/radiorevelacionfm.cl\/index.php?rest_route=\/wp\/v2\/types\/post"}],"author":[{"embeddable":true,"href":"https:\/\/radiorevelacionfm.cl\/index.php?rest_route=\/wp\/v2\/users\/1"}],"replies":[{"embeddable":true,"href":"https:\/\/radiorevelacionfm.cl\/index.php?rest_route=%2Fwp%2Fv2%2Fcomments&post=42268"}],"version-history":[{"count":1,"href":"https:\/\/radiorevelacionfm.cl\/index.php?rest_route=\/wp\/v2\/posts\/42268\/revisions"}],"predecessor-version":[{"id":42270,"href":"https:\/\/radiorevelacionfm.cl\/index.php?rest_route=\/wp\/v2\/posts\/42268\/revisions\/42270"}],"wp:featuredmedia":[{"embeddable":true,"href":"https:\/\/radiorevelacionfm.cl\/index.php?rest_route=\/wp\/v2\/media\/42269"}],"wp:attachment":[{"href":"https:\/\/radiorevelacionfm.cl\/index.php?rest_route=%2Fwp%2Fv2%2Fmedia&parent=42268"}],"wp:term":[{"taxonomy":"category","embeddable":true,"href":"https:\/\/radiorevelacionfm.cl\/index.php?rest_route=%2Fwp%2Fv2%2Fcategories&post=42268"},{"taxonomy":"post_tag","embeddable":true,"href":"https:\/\/radiorevelacionfm.cl\/index.php?rest_route=%2Fwp%2Fv2%2Ftags&post=42268"}],"curies":[{"name":"wp","href":"https:\/\/api.w.org\/{rel}","templated":true}]}}