{"id":42260,"date":"2024-05-16T21:48:30","date_gmt":"2024-05-17T00:48:30","guid":{"rendered":"https:\/\/radiorevelacionfm.cl\/?p=42260"},"modified":"2024-05-16T21:48:30","modified_gmt":"2024-05-17T00:48:30","slug":"medallas-experiencias-y-amistad-sumo-delegacion-deportiva-de-aysen-en-para-araucania","status":"publish","type":"post","link":"https:\/\/radiorevelacionfm.cl\/?p=42260","title":{"rendered":"Medallas, experiencias y amistad sum\u00f3 delegaci\u00f3n deportiva de Ays\u00e9n en Para Araucan\u00eda"},"content":{"rendered":"<div class=\"flex_column av_one_full  flex_column_div av-zero-column-padding first  avia-builder-el-0  el_before_av_one_full  avia-builder-el-first  \" style='border-radius:0px; '><div  class='avia-image-container  av-styling-    avia-builder-el-1  avia-builder-el-no-sibling  avia-align-center '  itemprop=\"image\" itemscope=\"itemscope\" itemtype=\"https:\/\/schema.org\/ImageObject\"  ><div class='avia-image-container-inner'><div class='avia-image-overlay-wrap'><img decoding=\"async\" class='wp-image-42261 avia-img-lazy-loading-not-42261 avia_image' src=\"https:\/\/radiorevelacionfm.cl\/wp-content\/uploads\/2024\/05\/whatsapp-image-2024-05-16-at-4_optimized.43.10-pm-8-1-1.jpeg\" alt='' title='whatsapp-image-2024-05-16-at-4_optimized.43.10-pm-(8)-(1) (1)' height=\"600\" width=\"800\"  itemprop=\"thumbnailUrl\" srcset=\"https:\/\/radiorevelacionfm.cl\/wp-content\/uploads\/2024\/05\/whatsapp-image-2024-05-16-at-4_optimized.43.10-pm-8-1-1.jpeg 800w, https:\/\/radiorevelacionfm.cl\/wp-content\/uploads\/2024\/05\/whatsapp-image-2024-05-16-at-4_optimized.43.10-pm-8-1-1-300x225.jpeg 300w, https:\/\/radiorevelacionfm.cl\/wp-content\/uploads\/2024\/05\/whatsapp-image-2024-05-16-at-4_optimized.43.10-pm-8-1-1-768x576.jpeg 768w, https:\/\/radiorevelacionfm.cl\/wp-content\/uploads\/2024\/05\/whatsapp-image-2024-05-16-at-4_optimized.43.10-pm-8-1-1-705x529.jpeg 705w, https:\/\/radiorevelacionfm.cl\/wp-content\/uploads\/2024\/05\/whatsapp-image-2024-05-16-at-4_optimized.43.10-pm-8-1-1-450x338.jpeg 450w, https:\/\/radiorevelacionfm.cl\/wp-content\/uploads\/2024\/05\/whatsapp-image-2024-05-16-at-4_optimized.43.10-pm-8-1-1-600x450.jpeg 600w\" sizes=\"(max-width: 800px) 100vw, 800px\" \/><\/div><\/div><\/div><\/div><div class=\"flex_column av_one_full  flex_column_div av-zero-column-padding first  avia-builder-el-2  el_after_av_one_full  el_before_av_one_full  column-top-margin\" style='border-radius:0px; '><section class=\"av_textblock_section \"  itemscope=\"itemscope\" itemtype=\"https:\/\/schema.org\/BlogPosting\" itemprop=\"blogPost\" ><div class='avia_textblock  '   itemprop=\"text\" ><p style=\"text-align: center;\"><span style=\"font-size: 18pt;\"><b>Medallas, experiencias y amistad sum\u00f3 delegaci\u00f3n deportiva de Ays\u00e9n en Para Araucan\u00eda<\/b><\/span><\/p>\n<div id=\"gtx-trans\" style=\"position: absolute; left: -50px; top: 4.31534px;\">\n<div class=\"gtx-trans-icon\"><\/div>\n<\/div>\n<\/div><\/section><\/div><div class=\"flex_column av_one_full  flex_column_div av-zero-column-padding first  avia-builder-el-4  el_after_av_one_full  el_before_av_hr  column-top-margin\" style='border-radius:0px; '><section class=\"av_textblock_section \"  itemscope=\"itemscope\" itemtype=\"https:\/\/schema.org\/BlogPosting\" itemprop=\"blogPost\" ><div class='avia_textblock  '   itemprop=\"text\" ><p style=\"text-align: justify;\"><em><span lang=\"ES-MX\">Deportistas obtuvieron 11 medallas en la III edici\u00f3n los\u00a0<\/span>Juegos Binacionales Para Araucan\u00eda que se realizaron en La Pampa, Argentina.<\/em><\/p>\n<p class=\"v1MsoNormal\" style=\"text-align: justify;\">Fueron 9 deportistas representantes de Para Atletismo (3 damas y 6 varones) y 4 deportistas representantes de la disciplina de Para Nataci\u00f3n (2 damas y 2 varones) quienes obtuvieron importantes logros en las pruebas que se disputaron en la pista de solado sint\u00e9tico del Parque Don Tom\u00e1s y las de nataci\u00f3n en la piscina cubierta del club All Boys, en la capital pampeana de Santa Rosa.<\/p>\n<p class=\"v1MsoNormal\" style=\"text-align: justify;\">Tras a su arribo a la regi\u00f3n los deportistas compartieron un desayuno junto al Delegado Presidencial Rodrigo Araya, la Seremi del Deporte \u00a0Mar\u00eda Eugenia Dur\u00e1n y el director regional IND Javier Medina, quienes concordaron en el gran trabajo que se viene desarrollando en la regi\u00f3n en deporte paral\u00edmpico, principalmente por parte de los propios deportistas y sus familias, cuerpo t\u00e9cnico y con el apoyo del IND Ays\u00e9n.<\/p>\n<p class=\"v1MsoNormal\" style=\"text-align: justify;\">As\u00ed lo manifest\u00f3 Mar\u00eda Eugenia Dur\u00e1n Seremi del Deporte, \u00abEstamos muy contentos con esta 3a edici\u00f3n de los Juegos Para Araucan\u00eda que ya comienzan a consolidarse y que por primera vez contaron con la participaci\u00f3n de las seis provincias argentinas y de las siete regiones chilenas de \u00d1uble al sur,\u00a0nuestro compromiso como Gobierno del Pdte. Gabriel Boric con los deportistas est\u00e1 y esta instancia es la antesala de los Juegos Deportivos Nacionales y Paranacionales, anunciados hace unos d\u00edas atr\u00e1s por nuestro Ministro Jaime Pizarro, as\u00ed que esperamos que el deporte paral\u00edmpico siga creciendo en nuestra regi\u00f3n ya que tenemos grandes representantes\u00bb.<\/p>\n<p class=\"v1MsoNormal\" style=\"text-align: justify;\">Asimismo,<b>\u00a0<\/b>el medallista Nicol\u00e1s Jaque Bravo quien obtuvo oro y plata en para nataci\u00f3n se\u00f1al\u00f3 \u00abEs mi segundo a\u00f1o representando a la regi\u00f3n en estos juegos y la experiencia fue muy satisfactoria, muy linda, no pensaba en llegar con medallas, pero se logr\u00f3. Tambi\u00e9n la experiencia de volver a ver a competidores de Argentina, de otras regiones de Chile, fue muy gratificante porque se empezaron a consolidar ya amistades competitivas, espero que ya para el 2025 pueda seguir representando a la regi\u00f3n y no solamente en estos juegos, sino que en las otras competencias que se vienen\u00bb.<\/p>\n<p style=\"text-align: justify;\"><b>Por su parte, Marcelo Rozas, entrenador de Para Atletismo, precis\u00f3\u00a0<\/b>\u00abParticipamos con una delegaci\u00f3n de 9 deportistas, damas y varones, los resultados fueron buenos, hubo podio en algunas pruebas y en otras estuvieron rozando el podio con cuartos y sextos lugares, pero en general el campeonato estuvo bueno. Ahora nos vamos a preparar para el Campeonato Nacional Escolar Sub 14 con un recambio generacional ya que esta categor\u00eda era sobre 15 a\u00f1os y para este nacional que va a ser en octubre ya clasificamos a tres deportistas de la Escuela Espa\u00f1a\u00bb.<\/p>\n<p class=\"v1MsoNormal\" style=\"text-align: justify;\"><b><u>Delegaci\u00f3n<\/u><\/b><\/p>\n<table border=\"0\" width=\"0\" cellspacing=\"0\" cellpadding=\"0\">\n<tbody>\n<tr>\n<td valign=\"bottom\" width=\"183\">\n<p class=\"v1MsoNormal\">\u00a0DEYSI ANDREA<\/p>\n<\/td>\n<td valign=\"bottom\" width=\"112\">\n<p class=\"v1MsoNormal\">ELGUETA<\/p>\n<\/td>\n<td valign=\"bottom\" width=\"79\">\n<p class=\"v1MsoNormal\">\u00a0GARRIDO<\/p>\n<\/td>\n<td width=\"100\">\n<p class=\"v1MsoNormal\">ATLETISMO<\/p>\n<\/td>\n<td width=\"132\">\n<p class=\"v1MsoNormal\">COYHAIQUE<\/p>\n<\/td>\n<\/tr>\n<tr>\n<td valign=\"bottom\" width=\"183\">\n<p class=\"v1MsoNormal\">\u00a0CONSTANZA BEL\u00c9N<\/p>\n<\/td>\n<td valign=\"bottom\" width=\"112\">\n<p class=\"v1MsoNormal\">GODOY<\/p>\n<\/td>\n<td valign=\"bottom\" width=\"79\">\n<p class=\"v1MsoNormal\">AGUILAR<\/p>\n<\/td>\n<td width=\"100\">\n<p class=\"v1MsoNormal\">ATLETISMO<\/p>\n<\/td>\n<td width=\"132\">\n<p class=\"v1MsoNormal\">COYHAIQUE<\/p>\n<\/td>\n<\/tr>\n<tr>\n<td valign=\"bottom\" width=\"183\">\n<p class=\"v1MsoNormal\">\u00a0IVAN ESTEBAN<\/p>\n<\/td>\n<td valign=\"bottom\" width=\"112\">\n<p class=\"v1MsoNormal\">CATAL\u00c1N<\/p>\n<\/td>\n<td valign=\"bottom\" width=\"79\">\n<p class=\"v1MsoNormal\">\u00a0ARIAS<\/p>\n<\/td>\n<td width=\"100\">\n<p class=\"v1MsoNormal\">ATLETISMO<\/p>\n<\/td>\n<td width=\"132\">\n<p class=\"v1MsoNormal\">COYHAIQUE<\/p>\n<\/td>\n<\/tr>\n<tr>\n<td valign=\"bottom\" width=\"183\">\n<p class=\"v1MsoNormal\">ALEJANDRO<\/p>\n<\/td>\n<td valign=\"bottom\" width=\"112\">\n<p class=\"v1MsoNormal\">VIVALLO<\/p>\n<\/td>\n<td valign=\"bottom\" width=\"79\">\n<p class=\"v1MsoNormal\">VIVALLO<\/p>\n<\/td>\n<td width=\"100\">\n<p class=\"v1MsoNormal\">ATLETISMO<\/p>\n<\/td>\n<td width=\"132\">\n<p class=\"v1MsoNormal\">COYHAIQUE<\/p>\n<\/td>\n<\/tr>\n<tr>\n<td width=\"183\">\n<p class=\"v1MsoNormal\">WLADIMIR ALBERTO<\/p>\n<\/td>\n<td width=\"112\">\n<p class=\"v1MsoNormal\">VERGARA<\/p>\n<\/td>\n<td width=\"79\">\n<p class=\"v1MsoNormal\">GONZALEZ<\/p>\n<\/td>\n<td width=\"100\">\n<p class=\"v1MsoNormal\">ATLETISMO<\/p>\n<\/td>\n<td width=\"132\">\n<p class=\"v1MsoNormal\">PUERTO AYS\u00c9N<\/p>\n<\/td>\n<\/tr>\n<tr>\n<td width=\"183\">\n<p class=\"v1MsoNormal\">YOANA BRUNIT<\/p>\n<\/td>\n<td width=\"112\">\n<p class=\"v1MsoNormal\">RETAMAL<\/p>\n<\/td>\n<td width=\"79\">\n<p class=\"v1MsoNormal\">TENORIO<\/p>\n<\/td>\n<td width=\"100\">\n<p class=\"v1MsoNormal\">ATLETISMO<\/p>\n<\/td>\n<td width=\"132\">\n<p class=\"v1MsoNormal\">PUERTO AYS\u00c9N<\/p>\n<\/td>\n<\/tr>\n<tr>\n<td width=\"183\">\n<p class=\"v1MsoNormal\">\u00a0CRISTIAN SEBASTIAN<\/p>\n<\/td>\n<td width=\"112\">\n<p class=\"v1MsoNormal\">LLANCALAHUEN<\/p>\n<\/td>\n<td width=\"79\">\n<p class=\"v1MsoNormal\">PAREDES<\/p>\n<\/td>\n<td width=\"100\">\n<p class=\"v1MsoNormal\">ATLETISMO<\/p>\n<\/td>\n<td width=\"132\">\n<p class=\"v1MsoNormal\">PUERTO AYS\u00c9N<\/p>\n<\/td>\n<\/tr>\n<tr>\n<td width=\"183\">\n<p class=\"v1MsoNormal\">Jimmy Andr\u00e9s<\/p>\n<\/td>\n<td width=\"112\">\n<p class=\"v1MsoNormal\">N\u00fa\u00f1ez<\/p>\n<\/td>\n<td width=\"79\">\n<p class=\"v1MsoNormal\">Barahona<\/p>\n<\/td>\n<td width=\"100\">\n<p class=\"v1MsoNormal\">ATLETISMO<\/p>\n<\/td>\n<td width=\"132\">\n<p class=\"v1MsoNormal\">COYHAIQUE<\/p>\n<\/td>\n<\/tr>\n<tr>\n<td width=\"183\">\n<p class=\"v1MsoNormal\">Luis Mauricio<\/p>\n<\/td>\n<td width=\"112\">\n<p class=\"v1MsoNormal\">Mu\u00f1oz<\/p>\n<\/td>\n<td width=\"79\">\n<p class=\"v1MsoNormal\">Huaquero<\/p>\n<\/td>\n<td width=\"100\">\n<p class=\"v1MsoNormal\">ATLETISMO<\/p>\n<\/td>\n<td width=\"132\">\n<p class=\"v1MsoNormal\">COYHAIQUE<\/p>\n<\/td>\n<\/tr>\n<tr>\n<td valign=\"bottom\" width=\"183\">\n<p class=\"v1MsoNormal\">VALENTINA ESPERANZA<\/p>\n<\/td>\n<td valign=\"bottom\" width=\"112\">\n<p class=\"v1MsoNormal\">CARRE\u00d1O<\/p>\n<\/td>\n<td valign=\"bottom\" width=\"79\">\n<p class=\"v1MsoNormal\">\u00a0CORNEJO<\/p>\n<\/td>\n<td width=\"100\">\n<p class=\"v1MsoNormal\">NATACI\u00d3N<\/p>\n<\/td>\n<td width=\"132\">\n<p class=\"v1MsoNormal\">COYHAIQUE<\/p>\n<\/td>\n<\/tr>\n<tr>\n<td width=\"183\">\n<p class=\"v1MsoNormal\">Mauricio Andr\u00e9s<\/p>\n<\/td>\n<td width=\"112\">\n<p class=\"v1MsoNormal\">Dome<\/p>\n<\/td>\n<td width=\"79\">\n<p class=\"v1MsoNormal\">Uribe<\/p>\n<\/td>\n<td width=\"100\">\n<p class=\"v1MsoNormal\">NATACI\u00d3N<\/p>\n<\/td>\n<td width=\"132\">\n<p class=\"v1MsoNormal\">COYHAIQUE<\/p>\n<\/td>\n<\/tr>\n<tr>\n<td width=\"183\">\n<p class=\"v1MsoNormal\">Catalina Esperanza<\/p>\n<\/td>\n<td width=\"112\">\n<p class=\"v1MsoNormal\">Pozas<\/p>\n<\/td>\n<td width=\"79\">\n<p class=\"v1MsoNormal\">Valdivia<\/p>\n<\/td>\n<td width=\"100\">\n<p class=\"v1MsoNormal\">NATACI\u00d3N<\/p>\n<\/td>\n<td width=\"132\">\n<p class=\"v1MsoNormal\">COYHAIQUE<\/p>\n<\/td>\n<\/tr>\n<tr>\n<td width=\"183\">\n<p class=\"v1MsoNormal\">Nicol\u00e1s Ignacio<\/p>\n<\/td>\n<td width=\"112\">\n<p class=\"v1MsoNormal\">Jaque<\/p>\n<\/td>\n<td width=\"79\">\n<p class=\"v1MsoNormal\">Bravo<\/p>\n<\/td>\n<td width=\"100\">\n<p class=\"v1MsoNormal\">NATACI\u00d3N<\/p>\n<\/td>\n<td width=\"132\">\n<p class=\"v1MsoNormal\">COYHAIQUE<\/p>\n<\/td>\n<\/tr>\n<\/tbody>\n<\/table>\n<p class=\"v1MsoNormal\" style=\"text-align: justify;\"><b><u>Medallero<\/u><\/b><\/p>\n<p class=\"v1MsoNormal\" style=\"text-align: justify;\"><b>Oros de AYSEN<\/b><\/p>\n<p class=\"v1MsoNormal\" style=\"text-align: justify;\"><b>ATLETISMO PCD MASCULINO<\/b><\/p>\n<p class=\"v1MsoNormal\" style=\"text-align: justify;\">LANZ. BALA &#8211; CLASE 55<\/p>\n<p class=\"v1MsoNormal\" style=\"text-align: justify;\"><b>NATACI\u00d3N PCD FEMENINO<\/b><\/p>\n<p class=\"v1MsoNormal\" style=\"text-align: justify;\">25 MTS. LIBRE &#8211; MOTOR &#8211; PC CLASE S5<\/p>\n<p class=\"v1MsoNormal\" style=\"text-align: justify;\">50 MTS. LIBRE &#8211; S 3<\/p>\n<p class=\"v1MsoNormal\" style=\"text-align: justify;\">50 MTS. ESP. &#8211; S 3<\/p>\n<p class=\"v1MsoNormal\" style=\"text-align: justify;\">100 MTS. LIBRE &#8211; S 3<\/p>\n<p class=\"v1MsoNormal\" style=\"text-align: justify;\"><b>NATACI\u00d3N PCD MASCULINO<\/b><\/p>\n<p class=\"v1MsoNormal\" style=\"text-align: justify;\">25 MTS. PECHO -MOTOR &#8211; PC CLASE SB8<\/p>\n<p class=\"v1MsoNormal\" style=\"text-align: justify;\"><b>Platas de AYSEN<\/b><\/p>\n<p class=\"v1MsoNormal\" style=\"text-align: justify;\"><b>ATLETISMO PCD MASCULINO<\/b><\/p>\n<p class=\"v1MsoNormal\" style=\"text-align: justify;\">LANZ. BALA &#8211; CLASE 55\u00a0Jimmy N\u00fa\u00f1ez<\/p>\n<p class=\"v1MsoNormal\" style=\"text-align: justify;\">800 MTS.- CLASE 20<\/p>\n<p class=\"v1MsoNormal\" style=\"text-align: justify;\"><b>NATACI\u00d3N PCD FEMENINO<\/b><\/p>\n<p class=\"v1MsoNormal\" style=\"text-align: justify;\">50 MTS. LIBRE &#8211; S 5<\/p>\n<p class=\"v1MsoNormal\" style=\"text-align: justify;\"><b>NATACI\u00d3N PCD MASCULINO<\/b><\/p>\n<p class=\"v1MsoNormal\" style=\"text-align: justify;\">25 MTS. LIBRE &#8211; MOTOR &#8211; PC CLASE S8<\/p>\n<p class=\"v1MsoNormal\" style=\"text-align: justify;\"><b>Bronces de AYSEN<\/b><\/p>\n<p class=\"v1MsoNormal\" style=\"text-align: justify;\"><b>NATACI\u00d3N PCD MASCULINO<\/b><\/p>\n<p class=\"v1MsoNormal\" style=\"text-align: justify;\">50 MTS. LIBRE &#8211; S 8<\/p>\n<div style=\"text-align: justify;\"><\/div>\n<\/div><\/section><\/div><div  style='height:50px' class='hr hr-invisible   avia-builder-el-6  el_after_av_one_full  el_before_av_social_share '><span class='hr-inner ' ><span class='hr-inner-style'><\/span><\/span><\/div><\/p>\n<div  class='av-social-sharing-box  avia-builder-el-7  el_after_av_hr  el_before_av_hr  '><div class='av-share-box'><h5 class='av-share-link-description av-no-toc '>Compartir esta noticia<\/h5><ul class='av-share-box-list noLightbox'><li class='av-share-link av-social-link-facebook' ><a target=\"_blank\" aria-label=\"Compartir en Facebook\" href='https:\/\/www.facebook.com\/sharer.php?u=https:\/\/radiorevelacionfm.cl\/?p=42260&#038;t=Medallas%2C%20experiencias%20y%20amistad%20sum%C3%B3%20delegaci%C3%B3n%20deportiva%20de%20Ays%C3%A9n%20en%20Para%20Araucan%C3%ADa' aria-hidden='false' data-av_icon='\ue8f3' data-av_iconfont='entypo-fontello' title='' data-avia-related-tooltip='Compartir en Facebook' rel=\"noopener\"><span class='avia_hidden_link_text'>Compartir en Facebook<\/span><\/a><\/li><li class='av-share-link av-social-link-twitter' ><a target=\"_blank\" aria-label=\"Compartir en Twitter\" href='https:\/\/twitter.com\/share?text=Medallas%2C%20experiencias%20y%20amistad%20sum%C3%B3%20delegaci%C3%B3n%20deportiva%20de%20Ays%C3%A9n%20en%20Para%20Araucan%C3%ADa&#038;url=https:\/\/radiorevelacionfm.cl\/?p=42260' aria-hidden='false' data-av_icon='\ue8f1' data-av_iconfont='entypo-fontello' title='' data-avia-related-tooltip='Compartir en Twitter' rel=\"noopener\"><span class='avia_hidden_link_text'>Compartir en Twitter<\/span><\/a><\/li><li class='av-share-link av-social-link-whatsapp' ><a target=\"_blank\" aria-label=\"Compartir en Whatsapp\" href='https:\/\/api.whatsapp.com\/send?text=https:\/\/radiorevelacionfm.cl\/?p=42260' aria-hidden='false' data-av_icon='\uf232' data-av_iconfont='entypo-fontello' title='' data-avia-related-tooltip='Compartir en Whatsapp' rel=\"noopener\"><span class='avia_hidden_link_text'>Compartir en Whatsapp<\/span><\/a><\/li><li class='av-share-link av-social-link-linkedin' ><a target=\"_blank\" aria-label=\"Compartir en LinkedIn\" href='https:\/\/linkedin.com\/shareArticle?mini=true&#038;title=Medallas%2C%20experiencias%20y%20amistad%20sum%C3%B3%20delegaci%C3%B3n%20deportiva%20de%20Ays%C3%A9n%20en%20Para%20Araucan%C3%ADa&#038;url=https:\/\/radiorevelacionfm.cl\/?p=42260' aria-hidden='false' data-av_icon='\ue8fc' data-av_iconfont='entypo-fontello' title='' data-avia-related-tooltip='Compartir en LinkedIn' rel=\"noopener\"><span class='avia_hidden_link_text'>Compartir en LinkedIn<\/span><\/a><\/li><li class='av-share-link av-social-link-mail' ><a  aria-label=\"Compartir por correo\" href='mailto:?subject=Medallas%2C%20experiencias%20y%20amistad%20sum%C3%B3%20delegaci%C3%B3n%20deportiva%20de%20Ays%C3%A9n%20en%20Para%20Araucan%C3%ADa&#038;body=https:\/\/radiorevelacionfm.cl\/?p=42260' aria-hidden='false' data-av_icon='\ue805' data-av_iconfont='entypo-fontello' title='' data-avia-related-tooltip='Compartir por correo'><span class='avia_hidden_link_text'>Compartir por correo<\/span><\/a><\/li><\/ul><\/div><\/div>\n<div  style='height:50px' class='hr hr-invisible   avia-builder-el-8  el_after_av_social_share  el_before_av_comments_list '><span class='hr-inner ' ><span class='hr-inner-style'><\/span><\/span><\/div>\n<div  class='av-buildercomment  av-blog-meta-html-info-disabled av-blog-meta-tag-disabled  '><\/div>\n","protected":false},"excerpt":{"rendered":"","protected":false},"author":1,"featured_media":42261,"comment_status":"open","ping_status":"open","sticky":false,"template":"","format":"standard","meta":{"footnotes":""},"categories":[40],"tags":[],"class_list":["post-42260","post","type-post","status-publish","format-standard","has-post-thumbnail","hentry","category-deportes"],"jetpack_featured_media_url":"https:\/\/radiorevelacionfm.cl\/wp-content\/uploads\/2024\/05\/whatsapp-image-2024-05-16-at-4_optimized.43.10-pm-8-1-1.jpeg","_links":{"self":[{"href":"https:\/\/radiorevelacionfm.cl\/index.php?rest_route=\/wp\/v2\/posts\/42260","targetHints":{"allow":["GET"]}}],"collection":[{"href":"https:\/\/radiorevelacionfm.cl\/index.php?rest_route=\/wp\/v2\/posts"}],"about":[{"href":"https:\/\/radiorevelacionfm.cl\/index.php?rest_route=\/wp\/v2\/types\/post"}],"author":[{"embeddable":true,"href":"https:\/\/radiorevelacionfm.cl\/index.php?rest_route=\/wp\/v2\/users\/1"}],"replies":[{"embeddable":true,"href":"https:\/\/radiorevelacionfm.cl\/index.php?rest_route=%2Fwp%2Fv2%2Fcomments&post=42260"}],"version-history":[{"count":1,"href":"https:\/\/radiorevelacionfm.cl\/index.php?rest_route=\/wp\/v2\/posts\/42260\/revisions"}],"predecessor-version":[{"id":42262,"href":"https:\/\/radiorevelacionfm.cl\/index.php?rest_route=\/wp\/v2\/posts\/42260\/revisions\/42262"}],"wp:featuredmedia":[{"embeddable":true,"href":"https:\/\/radiorevelacionfm.cl\/index.php?rest_route=\/wp\/v2\/media\/42261"}],"wp:attachment":[{"href":"https:\/\/radiorevelacionfm.cl\/index.php?rest_route=%2Fwp%2Fv2%2Fmedia&parent=42260"}],"wp:term":[{"taxonomy":"category","embeddable":true,"href":"https:\/\/radiorevelacionfm.cl\/index.php?rest_route=%2Fwp%2Fv2%2Fcategories&post=42260"},{"taxonomy":"post_tag","embeddable":true,"href":"https:\/\/radiorevelacionfm.cl\/index.php?rest_route=%2Fwp%2Fv2%2Ftags&post=42260"}],"curies":[{"name":"wp","href":"https:\/\/api.w.org\/{rel}","templated":true}]}}