{"id":42257,"date":"2024-05-16T21:34:25","date_gmt":"2024-05-17T00:34:25","guid":{"rendered":"https:\/\/radiorevelacionfm.cl\/?p=42257"},"modified":"2024-05-16T21:34:25","modified_gmt":"2024-05-17T00:34:25","slug":"proyecto-permitira-reunir-la-memoria-territorial-de-raul-marin-balmaceda-y-su-borde-costero","status":"publish","type":"post","link":"https:\/\/radiorevelacionfm.cl\/?p=42257","title":{"rendered":"Proyecto permitir\u00e1 reunir la memoria territorial de Ra\u00fal Mar\u00edn Balmaceda y su borde costero"},"content":{"rendered":"<div class=\"flex_column av_one_full  flex_column_div av-zero-column-padding first  avia-builder-el-0  el_before_av_one_full  avia-builder-el-first  \" style='border-radius:0px; '><div  class='avia-image-container  av-styling-    avia-builder-el-1  avia-builder-el-no-sibling  avia-align-center '  itemprop=\"image\" itemscope=\"itemscope\" itemtype=\"https:\/\/schema.org\/ImageObject\"  ><div class='avia-image-container-inner'><div class='avia-image-overlay-wrap'><img decoding=\"async\" class='wp-image-42258 avia-img-lazy-loading-not-42258 avia_image' src=\"https:\/\/radiorevelacionfm.cl\/wp-content\/uploads\/2024\/05\/imagen-2-1_optimized-1.jpg\" alt='' title='imagen-2-(1)_optimized (1)' height=\"600\" width=\"800\"  itemprop=\"thumbnailUrl\" srcset=\"https:\/\/radiorevelacionfm.cl\/wp-content\/uploads\/2024\/05\/imagen-2-1_optimized-1.jpg 800w, https:\/\/radiorevelacionfm.cl\/wp-content\/uploads\/2024\/05\/imagen-2-1_optimized-1-300x225.jpg 300w, https:\/\/radiorevelacionfm.cl\/wp-content\/uploads\/2024\/05\/imagen-2-1_optimized-1-768x576.jpg 768w, https:\/\/radiorevelacionfm.cl\/wp-content\/uploads\/2024\/05\/imagen-2-1_optimized-1-705x529.jpg 705w, https:\/\/radiorevelacionfm.cl\/wp-content\/uploads\/2024\/05\/imagen-2-1_optimized-1-450x338.jpg 450w, https:\/\/radiorevelacionfm.cl\/wp-content\/uploads\/2024\/05\/imagen-2-1_optimized-1-600x450.jpg 600w\" sizes=\"(max-width: 800px) 100vw, 800px\" \/><\/div><\/div><\/div><\/div><div class=\"flex_column av_one_full  flex_column_div av-zero-column-padding first  avia-builder-el-2  el_after_av_one_full  el_before_av_one_full  column-top-margin\" style='border-radius:0px; '><section class=\"av_textblock_section \"  itemscope=\"itemscope\" itemtype=\"https:\/\/schema.org\/BlogPosting\" itemprop=\"blogPost\" ><div class='avia_textblock  '   itemprop=\"text\" ><p style=\"text-align: center;\"><strong><span style=\"font-size: 18pt;\">Proyecto permitir\u00e1 reunir la memoria territorial de Ra\u00fal Mar\u00edn Balmaceda y su borde costero<\/span><\/strong><\/p>\n<div id=\"gtx-trans\" style=\"position: absolute; left: -50px; top: 4.31534px;\">\n<div class=\"gtx-trans-icon\"><\/div>\n<\/div>\n<\/div><\/section><\/div><div class=\"flex_column av_one_full  flex_column_div av-zero-column-padding first  avia-builder-el-4  el_after_av_one_full  el_before_av_hr  column-top-margin\" style='border-radius:0px; '><section class=\"av_textblock_section \"  itemscope=\"itemscope\" itemtype=\"https:\/\/schema.org\/BlogPosting\" itemprop=\"blogPost\" ><div class='avia_textblock  '   itemprop=\"text\" ><p style=\"text-align: justify;\"><em>CIEP liderar\u00e1 proyecto de arqueolog\u00eda busca registrar la historia remota de Ra\u00fal Mar\u00edn Balmaceda y costa aleda\u00f1a incorporando metodolog\u00eda de ciencia ciudadana con las y los habitantes del territorio.<\/em><\/p>\n<p style=\"text-align: justify;\">La localidad de Puerto Ra\u00fal Mar\u00edn Balmaceda perteneciente a la comuna de Cisnes fue uno de los primeros sitios poblados de manera regular por el Estado chileno en la Regi\u00f3n de Ays\u00e9n, sin embargo, cuenta con escasos registros de su pasado previo a dicha colonizaci\u00f3n. Hoy en d\u00eda esta peque\u00f1a comunidad de cerca de 240 habitantes se caracteriza por el desarrollo de la pesca artesanal y el turismo, mostrando adem\u00e1s un inter\u00e9s comunitario por la conservaci\u00f3n del territorio.<\/p>\n<p style=\"text-align: justify;\">\u201cExploradores de Bordemar: Arqueolog\u00eda y Memoria Territorial en Ra\u00fal Mar\u00edn Balmaceda\u201d es el nombre del proyecto del Fondo del Patrimonio Cultural convocatoria 2023, el cual financiar\u00e1 la investigaci\u00f3n de la arque\u00f3loga Constanza Roa Sol\u00eds y la soci\u00f3loga Antonia Bahamondes Mansilla, ambas pertenecientes al Centro de Investigaci\u00f3n en Ecosistemas de la Patagonia (CIEP), el que busca conocer el uso del borde costero y la forma de ocupaci\u00f3n del paisaje mediante la identificaci\u00f3n de sitios arqueol\u00f3gicos. Procurando con esto aportar a futuras estrategias de conservaci\u00f3n y valoraci\u00f3n del patrimonio arqueol\u00f3gico y el paisaje.<\/p>\n<p style=\"text-align: justify;\"><strong>Comunidad y ciencia para el conocimiento del territorio<\/strong><\/p>\n<p style=\"text-align: justify;\">\u201cEste proyecto tiene un particular inter\u00e9s en contribuir a la identidad y memoria territorial de Ra\u00fal Mar\u00edn, donde comenzaremos por generar un catastro de sitios arqueol\u00f3gicos, de esta forma buscamos articular la historia de la colonizaci\u00f3n reciente, con la historia remota del Puerto, teniendo como hilo conductor la relaci\u00f3n del ser humano con el ecosistema marino y el borde costero\u201d, relata Constanza, la arque\u00f3loga y directora del proyecto.<\/p>\n<p style=\"text-align: justify;\">Uno de los pilares del presente proyecto es el enfoque de Ciencia Ciudadana, una metodolog\u00eda que busca involucrar a la comunidad en la toma de datos y su posterior an\u00e1lisis, propiciando la integraci\u00f3n del conocimiento local que la comunidad del territorio posee. Para Antonia este es un tema fundamental del proyecto; \u201cEstas metodolog\u00edas permiten articular un relato com\u00fan sobre la relaci\u00f3n del ser humano y el borde costero de Puerto Ra\u00fal Mar\u00edn Balmaceda en conjunto con vecinas\/os y organizaciones sociales, nos permiten hacer m\u00e1s vinculantes y participativos los procesos de investigaci\u00f3n, y que las y los habitantes puedan ser parte del conocimiento registrado, as\u00ed como apropiarse del patrimonio cultural del territorio\u201d.<\/p>\n<p style=\"text-align: justify;\">Otro objetivo que buscan las investigadoras es promover la valorizaci\u00f3n del patrimonio arqueol\u00f3gico local y la democratizaci\u00f3n del conocimiento cient\u00edfico, mediante el desarrollo de talleres educativos de arqueolog\u00eda dirigidos a la comunidad y organizaciones sociales, abordando la importancia del cuidado del patrimonio arqueol\u00f3gico y explicando los procesos de investigaci\u00f3n que se desarrollan en la arqueolog\u00eda, como tambi\u00e9n saber qu\u00e9 nos cuentan del pasado los vestigios materiales que se encuentran.<\/p>\n<p style=\"text-align: justify;\">La primera actividad del proyecto de trata del taller de participaci\u00f3n ciudadana \u201cArqueolog\u00eda y Herencia Cultural del Borde Costero\u00bb. \u00c9ste se desarrollar\u00e1 el s\u00e1bado 25 de mayo de 2024 a las 18 horas en la \u00abFeria del Patrimonio Vivo en Pto. Ra\u00fal Mar\u00edn Balmaceda\u00bb, organizada por el colectivo local de mujeres y disidencias Mujer Austral, con ocasi\u00f3n del D\u00eda de los Patrimonios 2024.<\/p>\n<\/div><\/section><\/div><div  style='height:50px' class='hr hr-invisible   avia-builder-el-6  el_after_av_one_full  el_before_av_social_share '><span class='hr-inner ' ><span class='hr-inner-style'><\/span><\/span><\/div><\/p>\n<div  class='av-social-sharing-box  avia-builder-el-7  el_after_av_hr  el_before_av_hr  '><div class='av-share-box'><h5 class='av-share-link-description av-no-toc '>Compartir esta noticia<\/h5><ul class='av-share-box-list noLightbox'><li class='av-share-link av-social-link-facebook' ><a target=\"_blank\" aria-label=\"Compartir en Facebook\" href='https:\/\/www.facebook.com\/sharer.php?u=https:\/\/radiorevelacionfm.cl\/?p=42257&#038;t=Proyecto%20permitir%C3%A1%20reunir%20la%20memoria%20territorial%20de%20Ra%C3%BAl%20Mar%C3%ADn%20Balmaceda%20y%20su%20borde%20costero' aria-hidden='false' data-av_icon='\ue8f3' data-av_iconfont='entypo-fontello' title='' data-avia-related-tooltip='Compartir en Facebook' rel=\"noopener\"><span class='avia_hidden_link_text'>Compartir en Facebook<\/span><\/a><\/li><li class='av-share-link av-social-link-twitter' ><a target=\"_blank\" aria-label=\"Compartir en Twitter\" href='https:\/\/twitter.com\/share?text=Proyecto%20permitir%C3%A1%20reunir%20la%20memoria%20territorial%20de%20Ra%C3%BAl%20Mar%C3%ADn%20Balmaceda%20y%20su%20borde%20costero&#038;url=https:\/\/radiorevelacionfm.cl\/?p=42257' aria-hidden='false' data-av_icon='\ue8f1' data-av_iconfont='entypo-fontello' title='' data-avia-related-tooltip='Compartir en Twitter' rel=\"noopener\"><span class='avia_hidden_link_text'>Compartir en Twitter<\/span><\/a><\/li><li class='av-share-link av-social-link-whatsapp' ><a target=\"_blank\" aria-label=\"Compartir en Whatsapp\" href='https:\/\/api.whatsapp.com\/send?text=https:\/\/radiorevelacionfm.cl\/?p=42257' aria-hidden='false' data-av_icon='\uf232' data-av_iconfont='entypo-fontello' title='' data-avia-related-tooltip='Compartir en Whatsapp' rel=\"noopener\"><span class='avia_hidden_link_text'>Compartir en Whatsapp<\/span><\/a><\/li><li class='av-share-link av-social-link-linkedin' ><a target=\"_blank\" aria-label=\"Compartir en LinkedIn\" href='https:\/\/linkedin.com\/shareArticle?mini=true&#038;title=Proyecto%20permitir%C3%A1%20reunir%20la%20memoria%20territorial%20de%20Ra%C3%BAl%20Mar%C3%ADn%20Balmaceda%20y%20su%20borde%20costero&#038;url=https:\/\/radiorevelacionfm.cl\/?p=42257' aria-hidden='false' data-av_icon='\ue8fc' data-av_iconfont='entypo-fontello' title='' data-avia-related-tooltip='Compartir en LinkedIn' rel=\"noopener\"><span class='avia_hidden_link_text'>Compartir en LinkedIn<\/span><\/a><\/li><li class='av-share-link av-social-link-mail' ><a  aria-label=\"Compartir por correo\" href='mailto:?subject=Proyecto%20permitir%C3%A1%20reunir%20la%20memoria%20territorial%20de%20Ra%C3%BAl%20Mar%C3%ADn%20Balmaceda%20y%20su%20borde%20costero&#038;body=https:\/\/radiorevelacionfm.cl\/?p=42257' aria-hidden='false' data-av_icon='\ue805' data-av_iconfont='entypo-fontello' title='' data-avia-related-tooltip='Compartir por correo'><span class='avia_hidden_link_text'>Compartir por correo<\/span><\/a><\/li><\/ul><\/div><\/div>\n<div  style='height:50px' class='hr hr-invisible   avia-builder-el-8  el_after_av_social_share  el_before_av_comments_list '><span class='hr-inner ' ><span class='hr-inner-style'><\/span><\/span><\/div>\n<div  class='av-buildercomment  av-blog-meta-html-info-disabled av-blog-meta-tag-disabled  '><\/div>\n","protected":false},"excerpt":{"rendered":"","protected":false},"author":1,"featured_media":42258,"comment_status":"open","ping_status":"open","sticky":false,"template":"","format":"standard","meta":{"footnotes":""},"categories":[38],"tags":[],"class_list":["post-42257","post","type-post","status-publish","format-standard","has-post-thumbnail","hentry","category-regional"],"jetpack_featured_media_url":"https:\/\/radiorevelacionfm.cl\/wp-content\/uploads\/2024\/05\/imagen-2-1_optimized-1.jpg","_links":{"self":[{"href":"https:\/\/radiorevelacionfm.cl\/index.php?rest_route=\/wp\/v2\/posts\/42257","targetHints":{"allow":["GET"]}}],"collection":[{"href":"https:\/\/radiorevelacionfm.cl\/index.php?rest_route=\/wp\/v2\/posts"}],"about":[{"href":"https:\/\/radiorevelacionfm.cl\/index.php?rest_route=\/wp\/v2\/types\/post"}],"author":[{"embeddable":true,"href":"https:\/\/radiorevelacionfm.cl\/index.php?rest_route=\/wp\/v2\/users\/1"}],"replies":[{"embeddable":true,"href":"https:\/\/radiorevelacionfm.cl\/index.php?rest_route=%2Fwp%2Fv2%2Fcomments&post=42257"}],"version-history":[{"count":1,"href":"https:\/\/radiorevelacionfm.cl\/index.php?rest_route=\/wp\/v2\/posts\/42257\/revisions"}],"predecessor-version":[{"id":42259,"href":"https:\/\/radiorevelacionfm.cl\/index.php?rest_route=\/wp\/v2\/posts\/42257\/revisions\/42259"}],"wp:featuredmedia":[{"embeddable":true,"href":"https:\/\/radiorevelacionfm.cl\/index.php?rest_route=\/wp\/v2\/media\/42258"}],"wp:attachment":[{"href":"https:\/\/radiorevelacionfm.cl\/index.php?rest_route=%2Fwp%2Fv2%2Fmedia&parent=42257"}],"wp:term":[{"taxonomy":"category","embeddable":true,"href":"https:\/\/radiorevelacionfm.cl\/index.php?rest_route=%2Fwp%2Fv2%2Fcategories&post=42257"},{"taxonomy":"post_tag","embeddable":true,"href":"https:\/\/radiorevelacionfm.cl\/index.php?rest_route=%2Fwp%2Fv2%2Ftags&post=42257"}],"curies":[{"name":"wp","href":"https:\/\/api.w.org\/{rel}","templated":true}]}}