{"id":42254,"date":"2024-05-16T21:18:56","date_gmt":"2024-05-17T00:18:56","guid":{"rendered":"https:\/\/radiorevelacionfm.cl\/?p=42254"},"modified":"2024-05-16T21:18:56","modified_gmt":"2024-05-17T00:18:56","slug":"la-region-de-aysen-tendra-nuevo-y-moderno-bibliobus","status":"publish","type":"post","link":"https:\/\/radiorevelacionfm.cl\/?p=42254","title":{"rendered":"La Regi\u00f3n de Ays\u00e9n tendr\u00e1 nuevo y moderno Bibliob\u00fas"},"content":{"rendered":"<div class=\"flex_column av_one_full  flex_column_div av-zero-column-padding first  avia-builder-el-0  el_before_av_one_full  avia-builder-el-first  \" style='border-radius:0px; '><div  class='avia-image-container  av-styling-    avia-builder-el-1  avia-builder-el-no-sibling  avia-align-center '  itemprop=\"image\" itemscope=\"itemscope\" itemtype=\"https:\/\/schema.org\/ImageObject\"  ><div class='avia-image-container-inner'><div class='avia-image-overlay-wrap'><img decoding=\"async\" class='wp-image-42255 avia-img-lazy-loading-not-42255 avia_image' src=\"https:\/\/radiorevelacionfm.cl\/wp-content\/uploads\/2024\/05\/bibliobus-1_optimized-1.jpg\" alt='' title='bibliobus-(1)_optimized (1)' height=\"600\" width=\"910\"  itemprop=\"thumbnailUrl\" srcset=\"https:\/\/radiorevelacionfm.cl\/wp-content\/uploads\/2024\/05\/bibliobus-1_optimized-1.jpg 910w, https:\/\/radiorevelacionfm.cl\/wp-content\/uploads\/2024\/05\/bibliobus-1_optimized-1-300x198.jpg 300w, https:\/\/radiorevelacionfm.cl\/wp-content\/uploads\/2024\/05\/bibliobus-1_optimized-1-768x506.jpg 768w, https:\/\/radiorevelacionfm.cl\/wp-content\/uploads\/2024\/05\/bibliobus-1_optimized-1-705x465.jpg 705w, https:\/\/radiorevelacionfm.cl\/wp-content\/uploads\/2024\/05\/bibliobus-1_optimized-1-450x297.jpg 450w, https:\/\/radiorevelacionfm.cl\/wp-content\/uploads\/2024\/05\/bibliobus-1_optimized-1-600x396.jpg 600w\" sizes=\"(max-width: 910px) 100vw, 910px\" \/><\/div><\/div><\/div><\/div><div class=\"flex_column av_one_full  flex_column_div av-zero-column-padding first  avia-builder-el-2  el_after_av_one_full  el_before_av_one_full  column-top-margin\" style='border-radius:0px; '><section class=\"av_textblock_section \"  itemscope=\"itemscope\" itemtype=\"https:\/\/schema.org\/BlogPosting\" itemprop=\"blogPost\" ><div class='avia_textblock  '   itemprop=\"text\" ><p style=\"text-align: center;\"><strong><span style=\"font-size: 18pt;\">La Regi\u00f3n de Ays\u00e9n tendr\u00e1 nuevo y moderno Bibliob\u00fas <\/span><\/strong><\/p>\n<div id=\"gtx-trans\" style=\"position: absolute; left: -50px; top: 4.31534px;\">\n<div class=\"gtx-trans-icon\"><\/div>\n<\/div>\n<\/div><\/section><\/div><div class=\"flex_column av_one_full  flex_column_div av-zero-column-padding first  avia-builder-el-4  el_after_av_one_full  el_before_av_hr  column-top-margin\" style='border-radius:0px; '><section class=\"av_textblock_section \"  itemscope=\"itemscope\" itemtype=\"https:\/\/schema.org\/BlogPosting\" itemprop=\"blogPost\" ><div class='avia_textblock  '   itemprop=\"text\" ><p class=\"v1elementToProof\" style=\"text-align: justify;\">Un\u00e1nime fue la aprobaci\u00f3n por parte del Gobierno Regional de Ays\u00e9n y su Consejo para la renovaci\u00f3n de la biblioteca m\u00f3vil de la Red de Bibliotecas P\u00fablica de la regi\u00f3n: el Bibliob\u00fas.<\/p>\n<p style=\"text-align: justify;\">La inversi\u00f3n de 161 millones de pesos dar\u00e1 paso a un moderno veh\u00edculo que entregar\u00e1 mejores condiciones de seguridad y desplazamiento para llegar a los rincones donde es m\u00e1s dif\u00edcil acceder con el fomento lector. Adem\u00e1s, sumar\u00e1 mejoras en calefacci\u00f3n.<\/p>\n<p style=\"text-align: justify;\">Se trata de una gran noticia para Ays\u00e9n que fue la primera regi\u00f3n en Chile en contar con un Bibliob\u00fas en 1995 y ya hab\u00eda sido actualizado en 2001 y 2009.<\/p>\n<p style=\"text-align: justify;\">Marcos Almonacid est\u00e1 muy emocionado y no es para menos: ha pasado largas jornadas, cruzando la Patagonia, acercando la lectura a distintas comunidades ayseninas, como conductor del Bibliob\u00fas. Dice que \u00abes un proyecto anhelado, un bibliob\u00fas con caracter\u00edsticas para el terreno, 4 \u00d7 4. Agradecer a las personas que colaboraron con este proyecto, que son muchas, cada cual aport\u00f3 su granito de arena. Este proyecto pretende recorrer otras partes de la regi\u00f3n donde antes no llegaba el Bibliob\u00fas por las condiciones de los caminos. Ahora podemos proyectar nuestro itinerario y abordar otras comunas. Estoy muy contento de poder entregar un mejor servicio a la comunidad con el nuevo veh\u00edculo\u00bb.<\/p>\n<p style=\"text-align: justify;\">Jos\u00e9 Mansilla, director (s) de Patrimonio Regional Ays\u00e9n, manifest\u00f3 que \u00abcomo Servicio del Patrimonio estamos content\u00edsimos porque es una se\u00f1al que nos dan los consejeros regionales y la gobernadora Andrea Mac\u00edas para seguir avanzando en el acceso a la lectura, a trav\u00e9s de esta biblioteca m\u00f3vil que recorrer\u00e1 varias comunas de la regi\u00f3n. Para nosotros es muy importante que exista este apoyo. Esta disposici\u00f3n del Consejo Regional permitir\u00e1 que podamos seguir desarrollando nuestro trabajo en funci\u00f3n de la lectura, en funci\u00f3n de actividades y de conectar a las diferentes localidades con el trabajo cultural, con el trabajo patrimonial\u00bb.<\/p>\n<p style=\"text-align: justify;\">La gobernadora regional de Ays\u00e9n, Andrea Mac\u00edas, puso el acento en lo significativo que resulta el proyecto para los territorios m\u00e1s aislados: \u00abEstamos muy contentos porque esta es una aprobaci\u00f3n que en n\u00fameros quiz\u00e1s no es tan alta, pero el impacto en el desarrollo humano es tremendo. Y un ni\u00f1o, una ni\u00f1a de una localidad extrema, de un lugar rural, de un sector donde no tienen otros accesos pueda recibir la visita de este Bibliob\u00fas, es un potencial para cambiar la vida. Sabemos que lo decimos siempre, pero la lectura le abre mundos a las personas y al ser humano, por lo tanto, Bibliob\u00fas con este foco adem\u00e1s que tiene en la primera infancia, pero tambi\u00e9n en toda la familia, es una oportunidad de que el Estado llegue con un compromiso para que las personas puedan ejercer su derecho de acceso a la lectura. En eso como Gobierno Regional, nuestra opci\u00f3n es ponernos del lado de la soluci\u00f3n y dar estas alternativas\u00bb.<\/p>\n<\/div><\/section><\/div><div  style='height:50px' class='hr hr-invisible   avia-builder-el-6  el_after_av_one_full  el_before_av_social_share '><span class='hr-inner ' ><span class='hr-inner-style'><\/span><\/span><\/div><\/p>\n<div  class='av-social-sharing-box  avia-builder-el-7  el_after_av_hr  el_before_av_hr  '><div class='av-share-box'><h5 class='av-share-link-description av-no-toc '>Compartir esta noticia<\/h5><ul class='av-share-box-list noLightbox'><li class='av-share-link av-social-link-facebook' ><a target=\"_blank\" aria-label=\"Compartir en Facebook\" href='https:\/\/www.facebook.com\/sharer.php?u=https:\/\/radiorevelacionfm.cl\/?p=42254&#038;t=La%20Regi%C3%B3n%20de%20Ays%C3%A9n%20tendr%C3%A1%20nuevo%20y%20moderno%20Bibliob%C3%BAs' aria-hidden='false' data-av_icon='\ue8f3' data-av_iconfont='entypo-fontello' title='' data-avia-related-tooltip='Compartir en Facebook' rel=\"noopener\"><span class='avia_hidden_link_text'>Compartir en Facebook<\/span><\/a><\/li><li class='av-share-link av-social-link-twitter' ><a target=\"_blank\" aria-label=\"Compartir en Twitter\" href='https:\/\/twitter.com\/share?text=La%20Regi%C3%B3n%20de%20Ays%C3%A9n%20tendr%C3%A1%20nuevo%20y%20moderno%20Bibliob%C3%BAs&#038;url=https:\/\/radiorevelacionfm.cl\/?p=42254' aria-hidden='false' data-av_icon='\ue8f1' data-av_iconfont='entypo-fontello' title='' data-avia-related-tooltip='Compartir en Twitter' rel=\"noopener\"><span class='avia_hidden_link_text'>Compartir en Twitter<\/span><\/a><\/li><li class='av-share-link av-social-link-whatsapp' ><a target=\"_blank\" aria-label=\"Compartir en Whatsapp\" href='https:\/\/api.whatsapp.com\/send?text=https:\/\/radiorevelacionfm.cl\/?p=42254' aria-hidden='false' data-av_icon='\uf232' data-av_iconfont='entypo-fontello' title='' data-avia-related-tooltip='Compartir en Whatsapp' rel=\"noopener\"><span class='avia_hidden_link_text'>Compartir en Whatsapp<\/span><\/a><\/li><li class='av-share-link av-social-link-linkedin' ><a target=\"_blank\" aria-label=\"Compartir en LinkedIn\" href='https:\/\/linkedin.com\/shareArticle?mini=true&#038;title=La%20Regi%C3%B3n%20de%20Ays%C3%A9n%20tendr%C3%A1%20nuevo%20y%20moderno%20Bibliob%C3%BAs&#038;url=https:\/\/radiorevelacionfm.cl\/?p=42254' aria-hidden='false' data-av_icon='\ue8fc' data-av_iconfont='entypo-fontello' title='' data-avia-related-tooltip='Compartir en LinkedIn' rel=\"noopener\"><span class='avia_hidden_link_text'>Compartir en LinkedIn<\/span><\/a><\/li><li class='av-share-link av-social-link-mail' ><a  aria-label=\"Compartir por correo\" href='mailto:?subject=La%20Regi%C3%B3n%20de%20Ays%C3%A9n%20tendr%C3%A1%20nuevo%20y%20moderno%20Bibliob%C3%BAs&#038;body=https:\/\/radiorevelacionfm.cl\/?p=42254' aria-hidden='false' data-av_icon='\ue805' data-av_iconfont='entypo-fontello' title='' data-avia-related-tooltip='Compartir por correo'><span class='avia_hidden_link_text'>Compartir por correo<\/span><\/a><\/li><\/ul><\/div><\/div>\n<div  style='height:50px' class='hr hr-invisible   avia-builder-el-8  el_after_av_social_share  el_before_av_comments_list '><span class='hr-inner ' ><span class='hr-inner-style'><\/span><\/span><\/div>\n<div  class='av-buildercomment  av-blog-meta-html-info-disabled av-blog-meta-tag-disabled  '><\/div>\n","protected":false},"excerpt":{"rendered":"","protected":false},"author":1,"featured_media":42255,"comment_status":"open","ping_status":"open","sticky":false,"template":"","format":"standard","meta":{"footnotes":""},"categories":[52],"tags":[],"class_list":["post-42254","post","type-post","status-publish","format-standard","has-post-thumbnail","hentry","category-cultura"],"jetpack_featured_media_url":"https:\/\/radiorevelacionfm.cl\/wp-content\/uploads\/2024\/05\/bibliobus-1_optimized-1.jpg","_links":{"self":[{"href":"https:\/\/radiorevelacionfm.cl\/index.php?rest_route=\/wp\/v2\/posts\/42254","targetHints":{"allow":["GET"]}}],"collection":[{"href":"https:\/\/radiorevelacionfm.cl\/index.php?rest_route=\/wp\/v2\/posts"}],"about":[{"href":"https:\/\/radiorevelacionfm.cl\/index.php?rest_route=\/wp\/v2\/types\/post"}],"author":[{"embeddable":true,"href":"https:\/\/radiorevelacionfm.cl\/index.php?rest_route=\/wp\/v2\/users\/1"}],"replies":[{"embeddable":true,"href":"https:\/\/radiorevelacionfm.cl\/index.php?rest_route=%2Fwp%2Fv2%2Fcomments&post=42254"}],"version-history":[{"count":1,"href":"https:\/\/radiorevelacionfm.cl\/index.php?rest_route=\/wp\/v2\/posts\/42254\/revisions"}],"predecessor-version":[{"id":42256,"href":"https:\/\/radiorevelacionfm.cl\/index.php?rest_route=\/wp\/v2\/posts\/42254\/revisions\/42256"}],"wp:featuredmedia":[{"embeddable":true,"href":"https:\/\/radiorevelacionfm.cl\/index.php?rest_route=\/wp\/v2\/media\/42255"}],"wp:attachment":[{"href":"https:\/\/radiorevelacionfm.cl\/index.php?rest_route=%2Fwp%2Fv2%2Fmedia&parent=42254"}],"wp:term":[{"taxonomy":"category","embeddable":true,"href":"https:\/\/radiorevelacionfm.cl\/index.php?rest_route=%2Fwp%2Fv2%2Fcategories&post=42254"},{"taxonomy":"post_tag","embeddable":true,"href":"https:\/\/radiorevelacionfm.cl\/index.php?rest_route=%2Fwp%2Fv2%2Ftags&post=42254"}],"curies":[{"name":"wp","href":"https:\/\/api.w.org\/{rel}","templated":true}]}}