{"id":42248,"date":"2024-05-17T10:58:08","date_gmt":"2024-05-17T13:58:08","guid":{"rendered":"https:\/\/radiorevelacionfm.cl\/?p=42248"},"modified":"2024-05-17T10:58:08","modified_gmt":"2024-05-17T13:58:08","slug":"corfo-lanza-programa-para-potenciar-la-inversion-productiva-de-cooperativas","status":"publish","type":"post","link":"https:\/\/radiorevelacionfm.cl\/?p=42248","title":{"rendered":"Corfo Lanza Programa para Potenciar la Inversi\u00f3n Productiva de Cooperativas"},"content":{"rendered":"<div class=\"flex_column av_one_full  flex_column_div av-zero-column-padding first  avia-builder-el-0  el_before_av_one_full  avia-builder-el-first  \" style='border-radius:0px; '><div  class='avia-image-container  av-styling-    avia-builder-el-1  avia-builder-el-no-sibling  avia-align-center '  itemprop=\"image\" itemscope=\"itemscope\" itemtype=\"https:\/\/schema.org\/ImageObject\"  ><div class='avia-image-container-inner'><div class='avia-image-overlay-wrap'><img decoding=\"async\" class='wp-image-42249 avia-img-lazy-loading-not-42249 avia_image' src=\"https:\/\/radiorevelacionfm.cl\/wp-content\/uploads\/2024\/05\/pexels-gerzonpinatamx-9405431-1_optimized.jpg\" alt='' title='pexels-gerzonpinatamx-9405431-(1)_optimized' height=\"600\" width=\"900\"  itemprop=\"thumbnailUrl\" srcset=\"https:\/\/radiorevelacionfm.cl\/wp-content\/uploads\/2024\/05\/pexels-gerzonpinatamx-9405431-1_optimized.jpg 900w, https:\/\/radiorevelacionfm.cl\/wp-content\/uploads\/2024\/05\/pexels-gerzonpinatamx-9405431-1_optimized-300x200.jpg 300w, https:\/\/radiorevelacionfm.cl\/wp-content\/uploads\/2024\/05\/pexels-gerzonpinatamx-9405431-1_optimized-768x512.jpg 768w, https:\/\/radiorevelacionfm.cl\/wp-content\/uploads\/2024\/05\/pexels-gerzonpinatamx-9405431-1_optimized-705x470.jpg 705w, https:\/\/radiorevelacionfm.cl\/wp-content\/uploads\/2024\/05\/pexels-gerzonpinatamx-9405431-1_optimized-450x300.jpg 450w, https:\/\/radiorevelacionfm.cl\/wp-content\/uploads\/2024\/05\/pexels-gerzonpinatamx-9405431-1_optimized-600x400.jpg 600w\" sizes=\"(max-width: 900px) 100vw, 900px\" \/><\/div><\/div><\/div><\/div><div class=\"flex_column av_one_full  flex_column_div av-zero-column-padding first  avia-builder-el-2  el_after_av_one_full  el_before_av_one_full  column-top-margin\" style='border-radius:0px; '><section class=\"av_textblock_section \"  itemscope=\"itemscope\" itemtype=\"https:\/\/schema.org\/BlogPosting\" itemprop=\"blogPost\" ><div class='avia_textblock  '   itemprop=\"text\" ><p style=\"text-align: center;\"><span style=\"font-size: 18pt;\"><b><span lang=\"es-419\">Corfo Lanza Programa para Potenciar la Inversi\u00f3n Productiva de Cooperativas<\/span><\/b><\/span><\/p>\n<div id=\"gtx-trans\" style=\"position: absolute; left: -50px; top: 4.31534px;\">\n<div class=\"gtx-trans-icon\"><\/div>\n<\/div>\n<\/div><\/section><\/div><div class=\"flex_column av_one_full  flex_column_div av-zero-column-padding first  avia-builder-el-4  el_after_av_one_full  el_before_av_hr  column-top-margin\" style='border-radius:0px; '><section class=\"av_textblock_section \"  itemscope=\"itemscope\" itemtype=\"https:\/\/schema.org\/BlogPosting\" itemprop=\"blogPost\" ><div class='avia_textblock  '   itemprop=\"text\" ><p style=\"font-weight: 400; text-align: justify;\"><em>En el marco de la celebraci\u00f3n de los 85 a\u00f1os de la Corporaci\u00f3n, la Subsecretaria de Econom\u00eda y Empresas de Menor Tama\u00f1o, Javiera Petersen, anunci\u00f3 la creaci\u00f3n del Comit\u00e9 para el Fomento de la Econom\u00eda Asociativa y el Cooperativismo, que ser\u00e1 coordinado por la Corfo.<\/em><\/p>\n<p style=\"font-weight: 400; text-align: justify;\">Corfo ha abierto una nueva convocatoria para el programa Desarrollo Inversi\u00f3n Productiva para Cooperativas, con el objetivo de materializar inversiones que favorezcan la competitividad de las empresas cooperativas. La iniciativa ofrece cofinanciamiento para la adquisici\u00f3n de activos fijos, habilitaci\u00f3n de infraestructura productiva y capital de trabajo, buscando generar externalidades positivas en la econom\u00eda.<\/p>\n<p style=\"font-weight: 400; text-align: justify;\">Humberto Mar\u00edn Leiva, director de Corfo Ays\u00e9n explic\u00f3 los alcances de esta convocatoria. \u201cEste programa representa una oportunidad clave para que nuestras cooperativas regionales puedan incrementar su competitividad y sostenibilidad a largo plazo, mediante inversiones estrat\u00e9gicas en infraestructura y capital de trabajo\u201d. Agreg\u00f3 que \u201cesperamos que esta iniciativa no solo impulse el desarrollo econ\u00f3mico local, sino que tambi\u00e9n fomente la colaboraci\u00f3n y el crecimiento de nuestras cooperativas, generando un impacto positivo en toda la comunidad. El apoyo financiero de hasta el 70% del costo del proyecto, con un tope de $40 millones, es una herramienta esencial para alcanzar estos objetivos\u201d.<\/p>\n<p style=\"font-weight: 400; text-align: justify;\">El programa est\u00e1 disponible en nueve regiones del pa\u00eds: Arica y Parinacota, Coquimbo, Valpara\u00edso, Metropolitana, O\u2019Higgins, Maule, La Araucan\u00eda, Los Lagos y Ays\u00e9n. Las entidades interesadas deben postular a trav\u00e9s de los Agentes Operadores Intermedios de Corfo en cada regi\u00f3n, como Codesser y Fudea, en el caso de Ays\u00e9n.<\/p>\n<p style=\"font-weight: 400; text-align: justify;\">Entre las caracter\u00edsticas m\u00e1s destacadas, el cofinanciamiento puede cubrir hasta el 70% del costo total del proyecto, con un l\u00edmite de $40 millones. El aporte empresarial debe ser al menos 50% valorado y el resto en efectivo. Adem\u00e1s, se puede destinar hasta el 30% del costo total del proyecto a capital de trabajo, con un plazo de ejecuci\u00f3n m\u00e1ximo de 8 meses, extendible por 2 meses m\u00e1s.<\/p>\n<p style=\"font-weight: 400; text-align: justify;\">Las postulaciones estar\u00e1n abiertas hasta el 3 de junio. Para m\u00e1s informaci\u00f3n y postulaciones,\u00a0<a href=\"https:\/\/www.corfo.cl\/sites\/cpp\/convocatorias\/movil\/desarrolla-inversion-productiva-primera-conv-zonal-2024-coop\" data-saferedirecturl=\"https:\/\/www.google.com\/url?q=https:\/\/www.corfo.cl\/sites\/cpp\/convocatorias\/movil\/desarrolla-inversion-productiva-primera-conv-zonal-2024-coop&amp;source=gmail&amp;ust=1715960312802000&amp;usg=AOvVaw3MT8nt3xlU6SBav_gASXE_\">pinchar aqu\u00ed<\/a>.<\/p>\n<p style=\"font-weight: 400; text-align: justify;\"><strong>NUEVO COMIT\u00c9 DE COOPERATIVAS<\/strong><\/p>\n<p style=\"font-weight: 400; text-align: justify;\">Durante la celebraci\u00f3n de los 85 a\u00f1os de la Corporaci\u00f3n de Fomento de la Producci\u00f3n, en La Moneda, la Subsecretaria de Econom\u00eda y Empresas de Menor Tama\u00f1o, Javiera Petersen, anunci\u00f3 la creaci\u00f3n del \u201cComit\u00e9 para el Fomento de la Econom\u00eda Asociativa y el Cooperativismo\u201d. Este comit\u00e9, coordinado por Corfo y surgido del mandato del Instituto Nacional de Asociatividad y Cooperativismo (INAC), es un esfuerzo in\u00e9dito para impulsar el cooperativismo en Chile, cumpliendo as\u00ed un compromiso del Gobierno de desarrollar el sector cooperativo en todas las \u00e1reas de la econom\u00eda.<\/p>\n<p style=\"font-weight: 400; text-align: justify;\">El Comit\u00e9 ser\u00e1 responsable de dise\u00f1ar acciones y programas que refuercen la promoci\u00f3n y el fomento del sector cooperativo, complementando las iniciativas de diversos organismos p\u00fablicos y privados. Estar\u00e1 integrado por representantes del sector p\u00fablico y privado, designados a partir de una n\u00f3mina presentada por confederaciones de cooperativas con al menos cinco a\u00f1os de existencia. Este esfuerzo coordinado busca fortalecer el cooperativismo y su impacto positivo en la econom\u00eda nacional.<\/p>\n<\/div><\/section><\/div><div  style='height:50px' class='hr hr-invisible   avia-builder-el-6  el_after_av_one_full  el_before_av_social_share '><span class='hr-inner ' ><span class='hr-inner-style'><\/span><\/span><\/div><\/p>\n<div  class='av-social-sharing-box  avia-builder-el-7  el_after_av_hr  el_before_av_hr  '><div class='av-share-box'><h5 class='av-share-link-description av-no-toc '>Compartir esta noticia<\/h5><ul class='av-share-box-list noLightbox'><li class='av-share-link av-social-link-facebook' ><a target=\"_blank\" aria-label=\"Compartir en Facebook\" href='https:\/\/www.facebook.com\/sharer.php?u=https:\/\/radiorevelacionfm.cl\/?p=42248&#038;t=Corfo%20Lanza%20Programa%20para%20Potenciar%20la%20Inversi%C3%B3n%20Productiva%20de%20Cooperativas' aria-hidden='false' data-av_icon='\ue8f3' data-av_iconfont='entypo-fontello' title='' data-avia-related-tooltip='Compartir en Facebook' rel=\"noopener\"><span class='avia_hidden_link_text'>Compartir en Facebook<\/span><\/a><\/li><li class='av-share-link av-social-link-twitter' ><a target=\"_blank\" aria-label=\"Compartir en Twitter\" href='https:\/\/twitter.com\/share?text=Corfo%20Lanza%20Programa%20para%20Potenciar%20la%20Inversi%C3%B3n%20Productiva%20de%20Cooperativas&#038;url=https:\/\/radiorevelacionfm.cl\/?p=42248' aria-hidden='false' data-av_icon='\ue8f1' data-av_iconfont='entypo-fontello' title='' data-avia-related-tooltip='Compartir en Twitter' rel=\"noopener\"><span class='avia_hidden_link_text'>Compartir en Twitter<\/span><\/a><\/li><li class='av-share-link av-social-link-whatsapp' ><a target=\"_blank\" aria-label=\"Compartir en Whatsapp\" href='https:\/\/api.whatsapp.com\/send?text=https:\/\/radiorevelacionfm.cl\/?p=42248' aria-hidden='false' data-av_icon='\uf232' data-av_iconfont='entypo-fontello' title='' data-avia-related-tooltip='Compartir en Whatsapp' rel=\"noopener\"><span class='avia_hidden_link_text'>Compartir en Whatsapp<\/span><\/a><\/li><li class='av-share-link av-social-link-linkedin' ><a target=\"_blank\" aria-label=\"Compartir en LinkedIn\" href='https:\/\/linkedin.com\/shareArticle?mini=true&#038;title=Corfo%20Lanza%20Programa%20para%20Potenciar%20la%20Inversi%C3%B3n%20Productiva%20de%20Cooperativas&#038;url=https:\/\/radiorevelacionfm.cl\/?p=42248' aria-hidden='false' data-av_icon='\ue8fc' data-av_iconfont='entypo-fontello' title='' data-avia-related-tooltip='Compartir en LinkedIn' rel=\"noopener\"><span class='avia_hidden_link_text'>Compartir en LinkedIn<\/span><\/a><\/li><li class='av-share-link av-social-link-mail' ><a  aria-label=\"Compartir por correo\" href='mailto:?subject=Corfo%20Lanza%20Programa%20para%20Potenciar%20la%20Inversi%C3%B3n%20Productiva%20de%20Cooperativas&#038;body=https:\/\/radiorevelacionfm.cl\/?p=42248' aria-hidden='false' data-av_icon='\ue805' data-av_iconfont='entypo-fontello' title='' data-avia-related-tooltip='Compartir por correo'><span class='avia_hidden_link_text'>Compartir por correo<\/span><\/a><\/li><\/ul><\/div><\/div>\n<div  style='height:50px' class='hr hr-invisible   avia-builder-el-8  el_after_av_social_share  el_before_av_comments_list '><span class='hr-inner ' ><span class='hr-inner-style'><\/span><\/span><\/div>\n<div  class='av-buildercomment  av-blog-meta-html-info-disabled av-blog-meta-tag-disabled  '><\/div>\n","protected":false},"excerpt":{"rendered":"","protected":false},"author":1,"featured_media":42249,"comment_status":"open","ping_status":"open","sticky":false,"template":"","format":"standard","meta":{"footnotes":""},"categories":[38],"tags":[],"class_list":["post-42248","post","type-post","status-publish","format-standard","has-post-thumbnail","hentry","category-regional"],"jetpack_featured_media_url":"https:\/\/radiorevelacionfm.cl\/wp-content\/uploads\/2024\/05\/pexels-gerzonpinatamx-9405431-1_optimized.jpg","_links":{"self":[{"href":"https:\/\/radiorevelacionfm.cl\/index.php?rest_route=\/wp\/v2\/posts\/42248","targetHints":{"allow":["GET"]}}],"collection":[{"href":"https:\/\/radiorevelacionfm.cl\/index.php?rest_route=\/wp\/v2\/posts"}],"about":[{"href":"https:\/\/radiorevelacionfm.cl\/index.php?rest_route=\/wp\/v2\/types\/post"}],"author":[{"embeddable":true,"href":"https:\/\/radiorevelacionfm.cl\/index.php?rest_route=\/wp\/v2\/users\/1"}],"replies":[{"embeddable":true,"href":"https:\/\/radiorevelacionfm.cl\/index.php?rest_route=%2Fwp%2Fv2%2Fcomments&post=42248"}],"version-history":[{"count":1,"href":"https:\/\/radiorevelacionfm.cl\/index.php?rest_route=\/wp\/v2\/posts\/42248\/revisions"}],"predecessor-version":[{"id":42250,"href":"https:\/\/radiorevelacionfm.cl\/index.php?rest_route=\/wp\/v2\/posts\/42248\/revisions\/42250"}],"wp:featuredmedia":[{"embeddable":true,"href":"https:\/\/radiorevelacionfm.cl\/index.php?rest_route=\/wp\/v2\/media\/42249"}],"wp:attachment":[{"href":"https:\/\/radiorevelacionfm.cl\/index.php?rest_route=%2Fwp%2Fv2%2Fmedia&parent=42248"}],"wp:term":[{"taxonomy":"category","embeddable":true,"href":"https:\/\/radiorevelacionfm.cl\/index.php?rest_route=%2Fwp%2Fv2%2Fcategories&post=42248"},{"taxonomy":"post_tag","embeddable":true,"href":"https:\/\/radiorevelacionfm.cl\/index.php?rest_route=%2Fwp%2Fv2%2Ftags&post=42248"}],"curies":[{"name":"wp","href":"https:\/\/api.w.org\/{rel}","templated":true}]}}