{"id":42245,"date":"2024-05-16T13:20:12","date_gmt":"2024-05-16T16:20:12","guid":{"rendered":"https:\/\/radiorevelacionfm.cl\/?p=42245"},"modified":"2024-05-16T13:20:12","modified_gmt":"2024-05-16T16:20:12","slug":"calisto-vuelve-a-la-carga-en-contra-del-bono-de-calefaccion-no-alcanza-para-nada","status":"publish","type":"post","link":"https:\/\/radiorevelacionfm.cl\/?p=42245","title":{"rendered":"Calisto vuelve a la carga en contra del bono de calefacci\u00f3n: \u201cNo alcanza para nada\u201d"},"content":{"rendered":"<div class=\"flex_column av_one_full  flex_column_div av-zero-column-padding first  avia-builder-el-0  el_before_av_one_full  avia-builder-el-first  \" style='border-radius:0px; '><div  class='avia-image-container  av-styling-    avia-builder-el-1  avia-builder-el-no-sibling  avia-align-center '  itemprop=\"image\" itemscope=\"itemscope\" itemtype=\"https:\/\/schema.org\/ImageObject\"  ><div class='avia-image-container-inner'><div class='avia-image-overlay-wrap'><img decoding=\"async\" class='wp-image-42246 avia-img-lazy-loading-not-42246 avia_image' src=\"https:\/\/radiorevelacionfm.cl\/wp-content\/uploads\/2024\/05\/CALISTO-CONGRESO-COMISION-1-1.jpeg\" alt='' title='CALISTO CONGRESO COMISI\u00d3N (1) (1)' height=\"600\" width=\"900\"  itemprop=\"thumbnailUrl\" srcset=\"https:\/\/radiorevelacionfm.cl\/wp-content\/uploads\/2024\/05\/CALISTO-CONGRESO-COMISION-1-1.jpeg 900w, https:\/\/radiorevelacionfm.cl\/wp-content\/uploads\/2024\/05\/CALISTO-CONGRESO-COMISION-1-1-300x200.jpeg 300w, https:\/\/radiorevelacionfm.cl\/wp-content\/uploads\/2024\/05\/CALISTO-CONGRESO-COMISION-1-1-768x512.jpeg 768w, https:\/\/radiorevelacionfm.cl\/wp-content\/uploads\/2024\/05\/CALISTO-CONGRESO-COMISION-1-1-705x470.jpeg 705w, https:\/\/radiorevelacionfm.cl\/wp-content\/uploads\/2024\/05\/CALISTO-CONGRESO-COMISION-1-1-450x300.jpeg 450w, https:\/\/radiorevelacionfm.cl\/wp-content\/uploads\/2024\/05\/CALISTO-CONGRESO-COMISION-1-1-600x400.jpeg 600w\" sizes=\"(max-width: 900px) 100vw, 900px\" \/><\/div><\/div><\/div><\/div><div class=\"flex_column av_one_full  flex_column_div av-zero-column-padding first  avia-builder-el-2  el_after_av_one_full  el_before_av_one_full  column-top-margin\" style='border-radius:0px; '><section class=\"av_textblock_section \"  itemscope=\"itemscope\" itemtype=\"https:\/\/schema.org\/BlogPosting\" itemprop=\"blogPost\" ><div class='avia_textblock  '   itemprop=\"text\" ><p style=\"text-align: center;\"><strong><span style=\"font-size: 18pt;\">Calisto vuelve a la carga en contra del bono de calefacci\u00f3n: \u201cNo alcanza para nada\u201d<\/span><\/strong><\/p>\n<div id=\"gtx-trans\" style=\"position: absolute; left: -50px; top: 4.31534px;\">\n<div class=\"gtx-trans-icon\"><\/div>\n<\/div>\n<\/div><\/section><\/div><div class=\"flex_column av_one_full  flex_column_div av-zero-column-padding first  avia-builder-el-4  el_after_av_one_full  el_before_av_hr  column-top-margin\" style='border-radius:0px; '><section class=\"av_textblock_section \"  itemscope=\"itemscope\" itemtype=\"https:\/\/schema.org\/BlogPosting\" itemprop=\"blogPost\" ><div class='avia_textblock  '   itemprop=\"text\" ><p style=\"font-weight: 400; text-align: justify;\"><em>El legislador plante\u00f3 el tema en la sala de la C\u00e1mara de Diputados, donde solicit\u00f3 que se oficie formalmente a la Ministra de Desarrollo Social pidiendo aumentar el monto y la cobertura.<\/em><\/p>\n<p style=\"font-weight: 400; text-align: justify;\">El diputado Miguel \u00c1ngel Calisto volvi\u00f3 a la carga en contra del bono de calefacci\u00f3n o bono le\u00f1a, esta vez en su intervenci\u00f3n en la sala de la C\u00e1mara de Diputados, donde critic\u00f3 al gobierno por su negativa a aumentar el monto y la cobertura de este beneficio, asegurando que \u201cdesde que se cre\u00f3 no ha tenido ning\u00fan reajuste\u201d.<\/p>\n<p style=\"font-weight: 400; text-align: justify;\">Seg\u00fan el legislador, \u201cnosotros en Ays\u00e9n tenemos un grave problema, que acrecienta. Son muchas familias en la regi\u00f3n que no tienen un apoyo concreto por parte del Estado. Este es un gobierno que se jacta de su sentido social, pero en la pr\u00e1ctica ha defraudado a los m\u00e1s pobres. El bono de calefacci\u00f3n va a beneficiar a 34 mil familias, pero nuevamente ser\u00e1 de 100 mil pesos. Eso no alcanza para nada\u201d.<\/p>\n<p style=\"font-weight: 400; text-align: justify;\">\u201cEn este Congreso, en el marco de la discusi\u00f3n de la ley de presupuesto, aprobamos el aumento a 200 mil pesos de este bono en la C\u00e1mara de Diputados, pero fue el gobierno el que le puso la l\u00e1pida. Hoy lo que est\u00e1n haciendo es entregar un bono que es el mismo monto de hace 10 a\u00f1os. Hoy en d\u00eda, el metro de le\u00f1a puede llegar a costar 70 mil pesos\u201d, afirm\u00f3.<\/p>\n<p style=\"font-weight: 400; text-align: justify;\">El parlamentario agreg\u00f3 que \u201cestamos en medio de una crisis social y econ\u00f3mica, es momento que se aumente el monto de este bono para la regi\u00f3n de Ays\u00e9n. Por eso, pido que se oficie desde la C\u00e1mara de Diputados a la Ministra de Desarrollo Social, solicitando formalmente que el gobierno aumente el monto, y tambi\u00e9n aumente la cantidad de beneficiarios, porque tampoco lo est\u00e1 llegando a todos los que lo necesitan y cumplen los requisitos\u201d.<\/p>\n<p style=\"font-weight: 400; text-align: justify;\">Finalmente, Miguel \u00c1ngel Calisto se\u00f1al\u00f3 que \u201cpido mayor consciencia social por parte del gobierno, que entienda que tiene que abrir la billetera, sobre todo con los m\u00e1s pobres. Para que hablar del precio del combustible, que ac\u00e1 en la regi\u00f3n est\u00e1 superando los $1800, y en el litoral puede llegar incluso a los $2000. Esta es la realidad de la pobreza que vive Ays\u00e9n y el gobierno no reacciona\u201d.<\/p>\n<\/div><\/section><\/div><div  style='height:50px' class='hr hr-invisible   avia-builder-el-6  el_after_av_one_full  el_before_av_social_share '><span class='hr-inner ' ><span class='hr-inner-style'><\/span><\/span><\/div><\/p>\n<div  class='av-social-sharing-box  avia-builder-el-7  el_after_av_hr  el_before_av_hr  '><div class='av-share-box'><h5 class='av-share-link-description av-no-toc '>Compartir esta noticia<\/h5><ul class='av-share-box-list noLightbox'><li class='av-share-link av-social-link-facebook' ><a target=\"_blank\" aria-label=\"Compartir en Facebook\" href='https:\/\/www.facebook.com\/sharer.php?u=https:\/\/radiorevelacionfm.cl\/?p=42245&#038;t=Calisto%20vuelve%20a%20la%20carga%20en%20contra%20del%20bono%20de%20calefacci%C3%B3n%3A%20%E2%80%9CNo%20alcanza%20para%20nada%E2%80%9D' aria-hidden='false' data-av_icon='\ue8f3' data-av_iconfont='entypo-fontello' title='' data-avia-related-tooltip='Compartir en Facebook' rel=\"noopener\"><span class='avia_hidden_link_text'>Compartir en Facebook<\/span><\/a><\/li><li class='av-share-link av-social-link-twitter' ><a target=\"_blank\" aria-label=\"Compartir en Twitter\" href='https:\/\/twitter.com\/share?text=Calisto%20vuelve%20a%20la%20carga%20en%20contra%20del%20bono%20de%20calefacci%C3%B3n%3A%20%E2%80%9CNo%20alcanza%20para%20nada%E2%80%9D&#038;url=https:\/\/radiorevelacionfm.cl\/?p=42245' aria-hidden='false' data-av_icon='\ue8f1' data-av_iconfont='entypo-fontello' title='' data-avia-related-tooltip='Compartir en Twitter' rel=\"noopener\"><span class='avia_hidden_link_text'>Compartir en Twitter<\/span><\/a><\/li><li class='av-share-link av-social-link-whatsapp' ><a target=\"_blank\" aria-label=\"Compartir en Whatsapp\" href='https:\/\/api.whatsapp.com\/send?text=https:\/\/radiorevelacionfm.cl\/?p=42245' aria-hidden='false' data-av_icon='\uf232' data-av_iconfont='entypo-fontello' title='' data-avia-related-tooltip='Compartir en Whatsapp' rel=\"noopener\"><span class='avia_hidden_link_text'>Compartir en Whatsapp<\/span><\/a><\/li><li class='av-share-link av-social-link-linkedin' ><a target=\"_blank\" aria-label=\"Compartir en LinkedIn\" href='https:\/\/linkedin.com\/shareArticle?mini=true&#038;title=Calisto%20vuelve%20a%20la%20carga%20en%20contra%20del%20bono%20de%20calefacci%C3%B3n%3A%20%E2%80%9CNo%20alcanza%20para%20nada%E2%80%9D&#038;url=https:\/\/radiorevelacionfm.cl\/?p=42245' aria-hidden='false' data-av_icon='\ue8fc' data-av_iconfont='entypo-fontello' title='' data-avia-related-tooltip='Compartir en LinkedIn' rel=\"noopener\"><span class='avia_hidden_link_text'>Compartir en LinkedIn<\/span><\/a><\/li><li class='av-share-link av-social-link-mail' ><a  aria-label=\"Compartir por correo\" href='mailto:?subject=Calisto%20vuelve%20a%20la%20carga%20en%20contra%20del%20bono%20de%20calefacci%C3%B3n%3A%20%E2%80%9CNo%20alcanza%20para%20nada%E2%80%9D&#038;body=https:\/\/radiorevelacionfm.cl\/?p=42245' aria-hidden='false' data-av_icon='\ue805' data-av_iconfont='entypo-fontello' title='' data-avia-related-tooltip='Compartir por correo'><span class='avia_hidden_link_text'>Compartir por correo<\/span><\/a><\/li><\/ul><\/div><\/div>\n<div  style='height:50px' class='hr hr-invisible   avia-builder-el-8  el_after_av_social_share  el_before_av_comments_list '><span class='hr-inner ' ><span class='hr-inner-style'><\/span><\/span><\/div>\n<div  class='av-buildercomment  av-blog-meta-html-info-disabled av-blog-meta-tag-disabled  '><\/div>\n","protected":false},"excerpt":{"rendered":"","protected":false},"author":1,"featured_media":42246,"comment_status":"open","ping_status":"open","sticky":false,"template":"","format":"standard","meta":{"footnotes":""},"categories":[35],"tags":[],"class_list":["post-42245","post","type-post","status-publish","format-standard","has-post-thumbnail","hentry","category-politica"],"jetpack_featured_media_url":"https:\/\/radiorevelacionfm.cl\/wp-content\/uploads\/2024\/05\/CALISTO-CONGRESO-COMISION-1-1.jpeg","_links":{"self":[{"href":"https:\/\/radiorevelacionfm.cl\/index.php?rest_route=\/wp\/v2\/posts\/42245","targetHints":{"allow":["GET"]}}],"collection":[{"href":"https:\/\/radiorevelacionfm.cl\/index.php?rest_route=\/wp\/v2\/posts"}],"about":[{"href":"https:\/\/radiorevelacionfm.cl\/index.php?rest_route=\/wp\/v2\/types\/post"}],"author":[{"embeddable":true,"href":"https:\/\/radiorevelacionfm.cl\/index.php?rest_route=\/wp\/v2\/users\/1"}],"replies":[{"embeddable":true,"href":"https:\/\/radiorevelacionfm.cl\/index.php?rest_route=%2Fwp%2Fv2%2Fcomments&post=42245"}],"version-history":[{"count":1,"href":"https:\/\/radiorevelacionfm.cl\/index.php?rest_route=\/wp\/v2\/posts\/42245\/revisions"}],"predecessor-version":[{"id":42247,"href":"https:\/\/radiorevelacionfm.cl\/index.php?rest_route=\/wp\/v2\/posts\/42245\/revisions\/42247"}],"wp:featuredmedia":[{"embeddable":true,"href":"https:\/\/radiorevelacionfm.cl\/index.php?rest_route=\/wp\/v2\/media\/42246"}],"wp:attachment":[{"href":"https:\/\/radiorevelacionfm.cl\/index.php?rest_route=%2Fwp%2Fv2%2Fmedia&parent=42245"}],"wp:term":[{"taxonomy":"category","embeddable":true,"href":"https:\/\/radiorevelacionfm.cl\/index.php?rest_route=%2Fwp%2Fv2%2Fcategories&post=42245"},{"taxonomy":"post_tag","embeddable":true,"href":"https:\/\/radiorevelacionfm.cl\/index.php?rest_route=%2Fwp%2Fv2%2Ftags&post=42245"}],"curies":[{"name":"wp","href":"https:\/\/api.w.org\/{rel}","templated":true}]}}