{"id":42243,"date":"2024-05-18T13:15:13","date_gmt":"2024-05-18T16:15:13","guid":{"rendered":"https:\/\/radiorevelacionfm.cl\/?p=42243"},"modified":"2024-05-18T13:15:13","modified_gmt":"2024-05-18T16:15:13","slug":"aprueban-mas-de-700-millones-para-proyecto-de-reposicion-del-centro-de-faenamiento-para-autoconsumo-de-puerto-ibanez","status":"publish","type":"post","link":"https:\/\/radiorevelacionfm.cl\/?p=42243","title":{"rendered":"Aprueban m\u00e1s de 700 millones para proyecto de reposici\u00f3n del Centro de Faenamiento para Autoconsumo de Puerto Ib\u00e1\u00f1ez"},"content":{"rendered":"<div class=\"flex_column av_one_full  flex_column_div av-zero-column-padding first  avia-builder-el-0  el_before_av_one_full  avia-builder-el-first  \" style='border-radius:0px; '><div  class='avia-image-container  av-styling-    avia-builder-el-1  avia-builder-el-no-sibling  avia-align-center '  itemprop=\"image\" itemscope=\"itemscope\" itemtype=\"https:\/\/schema.org\/ImageObject\"  ><div class='avia-image-container-inner'><div class='avia-image-overlay-wrap'><img decoding=\"async\" class='wp-image-35927 avia-img-lazy-loading-not-35927 avia_image' src=\"https:\/\/radiorevelacionfm.cl\/wp-content\/uploads\/2023\/10\/Puerto-Ibanez-2-2.jpg\" alt='' title='Puerto Iba\u00f1ez-2-2' height=\"600\" width=\"771\"  itemprop=\"thumbnailUrl\" srcset=\"https:\/\/radiorevelacionfm.cl\/wp-content\/uploads\/2023\/10\/Puerto-Ibanez-2-2.jpg 771w, https:\/\/radiorevelacionfm.cl\/wp-content\/uploads\/2023\/10\/Puerto-Ibanez-2-2-300x233.jpg 300w, https:\/\/radiorevelacionfm.cl\/wp-content\/uploads\/2023\/10\/Puerto-Ibanez-2-2-768x598.jpg 768w, https:\/\/radiorevelacionfm.cl\/wp-content\/uploads\/2023\/10\/Puerto-Ibanez-2-2-705x549.jpg 705w, https:\/\/radiorevelacionfm.cl\/wp-content\/uploads\/2023\/10\/Puerto-Ibanez-2-2-450x350.jpg 450w, https:\/\/radiorevelacionfm.cl\/wp-content\/uploads\/2023\/10\/Puerto-Ibanez-2-2-600x467.jpg 600w\" sizes=\"(max-width: 771px) 100vw, 771px\" \/><\/div><\/div><\/div><\/div><div class=\"flex_column av_one_full  flex_column_div av-zero-column-padding first  avia-builder-el-2  el_after_av_one_full  el_before_av_one_full  column-top-margin\" style='border-radius:0px; '><section class=\"av_textblock_section \"  itemscope=\"itemscope\" itemtype=\"https:\/\/schema.org\/BlogPosting\" itemprop=\"blogPost\" ><div class='avia_textblock  '   itemprop=\"text\" ><p style=\"text-align: center;\"><strong><span style=\"font-size: 18pt;\">Aprueban m\u00e1s de 700 millones para proyecto de reposici\u00f3n del Centro de Faenamiento para Autoconsumo de Puerto Ib\u00e1\u00f1ez<\/span><\/strong><\/p>\n<div id=\"gtx-trans\" style=\"position: absolute; left: -50px; top: 4.31534px;\">\n<div class=\"gtx-trans-icon\"><\/div>\n<\/div>\n<\/div><\/section><\/div><div class=\"flex_column av_one_full  flex_column_div av-zero-column-padding first  avia-builder-el-4  el_after_av_one_full  el_before_av_hr  column-top-margin\" style='border-radius:0px; '><section class=\"av_textblock_section \"  itemscope=\"itemscope\" itemtype=\"https:\/\/schema.org\/BlogPosting\" itemprop=\"blogPost\" ><div class='avia_textblock  '   itemprop=\"text\" ><p style=\"text-align: justify;\">El pleno del Consejo Regional, este mi\u00e9rcoles aprob\u00f3 poco m\u00e1s de 700 millones de pesos para proyecto de reposici\u00f3n del Centro de Faenamiento para Autoconsumo de Puerto Ib\u00e1\u00f1ez, el que de acuerdo al consejero Omar Mu\u00f1oz, generar\u00e1 un impacto favorable a la econom\u00eda de la comuna.<\/p>\n<p dir=\"ltr\" style=\"text-align: justify;\">\u00abEs un proyecto muy anhelado por la comunidad, que se lleva ya varios a\u00f1os trabajando y que viene a resolver un problema para la productividad y la competitividad del sector en esa comuna, pero a la vez a resolver temas sanitarios puesto que ahora van a poder tener productos de carne que provienen de un centro legal y autorizado por la autoridad sanitaria\u00bb, asegur\u00f3 el presidente de la comisi\u00f3n de Fomento Productivo.<\/p>\n<p dir=\"ltr\" style=\"text-align: justify;\">Adem\u00e1s, entre otros temas, el CORE aprob\u00f3 el traspaso de recursos por m\u00e1s de 4 mil millones de pesos para apoyar a los municipios en el programa de Pavimentos Participativos del Ministerio de Vivienda y Urbanismo.<\/p>\n<p dir=\"ltr\" style=\"text-align: justify;\">Ante esto la seremi del MINVU, Paulina Ruz, expres\u00f3 que con esto \u00abmejoramos la calidad de vida de las familias\u00bb, de casi todas las comunas de la Regi\u00f3n. \u00abEn el caso del llamado 32 est\u00e1 casi la totalidad de obras ya en ejecuci\u00f3n, todas cuentan con su RS, solamente nos queda pendiente una por iniciar y con el llamado 33 gracias a este acuerdo ya se puede comenzar a firmar los convenios\u00bb, agreg\u00f3.<\/p>\n<p dir=\"ltr\" style=\"text-align: justify;\">Finalmente, el CORE de este mi\u00e9rcoles 15 de mayo tambi\u00e9n aprob\u00f3 el traspaso de recursos para la adquisici\u00f3n de maquinaria para el Parque Urbano Municipal de Coyhaique, para la reposici\u00f3n del Bibliob\u00fas del Servicio Nacional del Patrimonio de la Regi\u00f3n de Ays\u00e9n, y en materia de asignaciones directas, se financiar\u00e1n los proyectos \u00abCampeonato F\u00fatbol Rural Puerto Cisnes 2024\u00bb y \u00abPreuniversitario Educativo de Apoyo Complementario del Liceo Austral Lord Cochrane\u00bb de Cochrane.<\/p>\n<\/div><\/section><\/div><div  style='height:50px' class='hr hr-invisible   avia-builder-el-6  el_after_av_one_full  el_before_av_social_share '><span class='hr-inner ' ><span class='hr-inner-style'><\/span><\/span><\/div><\/p>\n<div  class='av-social-sharing-box  avia-builder-el-7  el_after_av_hr  el_before_av_hr  '><div class='av-share-box'><h5 class='av-share-link-description av-no-toc '>Compartir esta noticia<\/h5><ul class='av-share-box-list noLightbox'><li class='av-share-link av-social-link-facebook' ><a target=\"_blank\" aria-label=\"Compartir en Facebook\" href='https:\/\/www.facebook.com\/sharer.php?u=https:\/\/radiorevelacionfm.cl\/?p=42243&#038;t=Aprueban%20m%C3%A1s%20de%20700%20millones%20para%20proyecto%20de%20reposici%C3%B3n%20del%20Centro%20de%20Faenamiento%20para%20Autoconsumo%20de%20Puerto%20Ib%C3%A1%C3%B1ez' aria-hidden='false' data-av_icon='\ue8f3' data-av_iconfont='entypo-fontello' title='' data-avia-related-tooltip='Compartir en Facebook' rel=\"noopener\"><span class='avia_hidden_link_text'>Compartir en Facebook<\/span><\/a><\/li><li class='av-share-link av-social-link-twitter' ><a target=\"_blank\" aria-label=\"Compartir en Twitter\" href='https:\/\/twitter.com\/share?text=Aprueban%20m%C3%A1s%20de%20700%20millones%20para%20proyecto%20de%20reposici%C3%B3n%20del%20Centro%20de%20Faenamiento%20para%20Autoconsumo%20de%20Puerto%20Ib%C3%A1%C3%B1ez&#038;url=https:\/\/radiorevelacionfm.cl\/?p=42243' aria-hidden='false' data-av_icon='\ue8f1' data-av_iconfont='entypo-fontello' title='' data-avia-related-tooltip='Compartir en Twitter' rel=\"noopener\"><span class='avia_hidden_link_text'>Compartir en Twitter<\/span><\/a><\/li><li class='av-share-link av-social-link-whatsapp' ><a target=\"_blank\" aria-label=\"Compartir en Whatsapp\" href='https:\/\/api.whatsapp.com\/send?text=https:\/\/radiorevelacionfm.cl\/?p=42243' aria-hidden='false' data-av_icon='\uf232' data-av_iconfont='entypo-fontello' title='' data-avia-related-tooltip='Compartir en Whatsapp' rel=\"noopener\"><span class='avia_hidden_link_text'>Compartir en Whatsapp<\/span><\/a><\/li><li class='av-share-link av-social-link-linkedin' ><a target=\"_blank\" aria-label=\"Compartir en LinkedIn\" href='https:\/\/linkedin.com\/shareArticle?mini=true&#038;title=Aprueban%20m%C3%A1s%20de%20700%20millones%20para%20proyecto%20de%20reposici%C3%B3n%20del%20Centro%20de%20Faenamiento%20para%20Autoconsumo%20de%20Puerto%20Ib%C3%A1%C3%B1ez&#038;url=https:\/\/radiorevelacionfm.cl\/?p=42243' aria-hidden='false' data-av_icon='\ue8fc' data-av_iconfont='entypo-fontello' title='' data-avia-related-tooltip='Compartir en LinkedIn' rel=\"noopener\"><span class='avia_hidden_link_text'>Compartir en LinkedIn<\/span><\/a><\/li><li class='av-share-link av-social-link-mail' ><a  aria-label=\"Compartir por correo\" href='mailto:?subject=Aprueban%20m%C3%A1s%20de%20700%20millones%20para%20proyecto%20de%20reposici%C3%B3n%20del%20Centro%20de%20Faenamiento%20para%20Autoconsumo%20de%20Puerto%20Ib%C3%A1%C3%B1ez&#038;body=https:\/\/radiorevelacionfm.cl\/?p=42243' aria-hidden='false' data-av_icon='\ue805' data-av_iconfont='entypo-fontello' title='' data-avia-related-tooltip='Compartir por correo'><span class='avia_hidden_link_text'>Compartir por correo<\/span><\/a><\/li><\/ul><\/div><\/div>\n<div  style='height:50px' class='hr hr-invisible   avia-builder-el-8  el_after_av_social_share  el_before_av_comments_list '><span class='hr-inner ' ><span class='hr-inner-style'><\/span><\/span><\/div>\n<div  class='av-buildercomment  av-blog-meta-html-info-disabled av-blog-meta-tag-disabled  '><\/div>\n","protected":false},"excerpt":{"rendered":"","protected":false},"author":1,"featured_media":35927,"comment_status":"open","ping_status":"open","sticky":false,"template":"","format":"standard","meta":{"footnotes":""},"categories":[38],"tags":[],"class_list":["post-42243","post","type-post","status-publish","format-standard","has-post-thumbnail","hentry","category-regional"],"jetpack_featured_media_url":"https:\/\/radiorevelacionfm.cl\/wp-content\/uploads\/2023\/10\/Puerto-Ibanez-2-2.jpg","_links":{"self":[{"href":"https:\/\/radiorevelacionfm.cl\/index.php?rest_route=\/wp\/v2\/posts\/42243","targetHints":{"allow":["GET"]}}],"collection":[{"href":"https:\/\/radiorevelacionfm.cl\/index.php?rest_route=\/wp\/v2\/posts"}],"about":[{"href":"https:\/\/radiorevelacionfm.cl\/index.php?rest_route=\/wp\/v2\/types\/post"}],"author":[{"embeddable":true,"href":"https:\/\/radiorevelacionfm.cl\/index.php?rest_route=\/wp\/v2\/users\/1"}],"replies":[{"embeddable":true,"href":"https:\/\/radiorevelacionfm.cl\/index.php?rest_route=%2Fwp%2Fv2%2Fcomments&post=42243"}],"version-history":[{"count":1,"href":"https:\/\/radiorevelacionfm.cl\/index.php?rest_route=\/wp\/v2\/posts\/42243\/revisions"}],"predecessor-version":[{"id":42244,"href":"https:\/\/radiorevelacionfm.cl\/index.php?rest_route=\/wp\/v2\/posts\/42243\/revisions\/42244"}],"wp:featuredmedia":[{"embeddable":true,"href":"https:\/\/radiorevelacionfm.cl\/index.php?rest_route=\/wp\/v2\/media\/35927"}],"wp:attachment":[{"href":"https:\/\/radiorevelacionfm.cl\/index.php?rest_route=%2Fwp%2Fv2%2Fmedia&parent=42243"}],"wp:term":[{"taxonomy":"category","embeddable":true,"href":"https:\/\/radiorevelacionfm.cl\/index.php?rest_route=%2Fwp%2Fv2%2Fcategories&post=42243"},{"taxonomy":"post_tag","embeddable":true,"href":"https:\/\/radiorevelacionfm.cl\/index.php?rest_route=%2Fwp%2Fv2%2Ftags&post=42243"}],"curies":[{"name":"wp","href":"https:\/\/api.w.org\/{rel}","templated":true}]}}