{"id":42240,"date":"2024-05-16T11:57:41","date_gmt":"2024-05-16T14:57:41","guid":{"rendered":"https:\/\/radiorevelacionfm.cl\/?p=42240"},"modified":"2024-05-17T21:55:02","modified_gmt":"2024-05-18T00:55:02","slug":"volcamiento-de-vehiculo-en-ruta-aysen-chacabuco-dejo-cuatro-personas-lesionadas","status":"publish","type":"post","link":"https:\/\/radiorevelacionfm.cl\/?p=42240","title":{"rendered":"Volcamiento de veh\u00edculo en Ruta Ays\u00e9n &#8211; Chacabuco dej\u00f3 cinco personas lesionadas"},"content":{"rendered":"<div class=\"flex_column av_one_full  flex_column_div av-zero-column-padding first  avia-builder-el-0  el_before_av_one_full  avia-builder-el-first  \" style='border-radius:0px; '><div  class='avia-image-container  av-styling-    avia-builder-el-1  avia-builder-el-no-sibling  avia-align-center '  itemprop=\"image\" itemscope=\"itemscope\" itemtype=\"https:\/\/schema.org\/ImageObject\"  ><div class='avia-image-container-inner'><div class='avia-image-overlay-wrap'><img decoding=\"async\" class='wp-image-42241 avia-img-lazy-loading-not-42241 avia_image' src=\"https:\/\/radiorevelacionfm.cl\/wp-content\/uploads\/2024\/05\/Accidente-Aysen-CH-16.05.24-F1-1-1.jpg\" alt='' title='Accidente Aysen-CH 16.05.24-F1 (1) (1)' height=\"640\" width=\"802\"  itemprop=\"thumbnailUrl\" srcset=\"https:\/\/radiorevelacionfm.cl\/wp-content\/uploads\/2024\/05\/Accidente-Aysen-CH-16.05.24-F1-1-1.jpg 802w, https:\/\/radiorevelacionfm.cl\/wp-content\/uploads\/2024\/05\/Accidente-Aysen-CH-16.05.24-F1-1-1-300x239.jpg 300w, https:\/\/radiorevelacionfm.cl\/wp-content\/uploads\/2024\/05\/Accidente-Aysen-CH-16.05.24-F1-1-1-768x613.jpg 768w, https:\/\/radiorevelacionfm.cl\/wp-content\/uploads\/2024\/05\/Accidente-Aysen-CH-16.05.24-F1-1-1-705x563.jpg 705w, https:\/\/radiorevelacionfm.cl\/wp-content\/uploads\/2024\/05\/Accidente-Aysen-CH-16.05.24-F1-1-1-450x359.jpg 450w, https:\/\/radiorevelacionfm.cl\/wp-content\/uploads\/2024\/05\/Accidente-Aysen-CH-16.05.24-F1-1-1-600x479.jpg 600w\" sizes=\"(max-width: 802px) 100vw, 802px\" \/><\/div><\/div><\/div><\/div>\n<div class=\"flex_column av_one_full  flex_column_div av-zero-column-padding first  avia-builder-el-2  el_after_av_one_full  el_before_av_one_full  column-top-margin\" style='border-radius:0px; '><section class=\"av_textblock_section \"  itemscope=\"itemscope\" itemtype=\"https:\/\/schema.org\/BlogPosting\" itemprop=\"blogPost\" ><div class='avia_textblock  '   itemprop=\"text\" ><p style=\"text-align: center;\"><strong><span style=\"font-size: 18pt;\">Volcamiento de veh\u00edculo en Ruta Ays\u00e9n &#8211; Chacabuco dej\u00f3 cinco personas lesionadas<\/span><\/strong><\/p>\n<div id=\"gtx-trans\" style=\"position: absolute; left: -50px; top: 4.31534px;\">\n<div class=\"gtx-trans-icon\"><\/div>\n<\/div>\n<\/div><\/section><\/div><div class=\"flex_column av_one_full  flex_column_div av-zero-column-padding first  avia-builder-el-4  el_after_av_one_full  el_before_av_hr  column-top-margin\" style='border-radius:0px; '><section class=\"av_textblock_section \"  itemscope=\"itemscope\" itemtype=\"https:\/\/schema.org\/BlogPosting\" itemprop=\"blogPost\" ><div class='avia_textblock  '   itemprop=\"text\" ><p style=\"text-align: justify;\">Alrededor de las 08:00 horas de esta ma\u00f1ana, jueves 16 de mayo 2024, un accidente de tr\u00e1nsito activ\u00f3 el ABC de la Emergencia en la ciudad de Puerto Ays\u00e9n.<\/p>\n<p style=\"text-align: justify;\">En la Ruta CH 240 Ays\u00e9n &#8211; Puerto Chacabuco, sector Puente Prieto, se registr\u00f3 volcamiento de veh\u00edculo menor, resultando 05 personas con lesiones de car\u00e1cter reservado, tres de ellos menores de edad y dos adultos.<\/p>\n<p style=\"text-align: justify;\">Los que fueron asistidos por personal de SAMU, siendo trasladados hasta el Hospital de Ays\u00e9n.<\/p>\n<p style=\"text-align: justify;\">De acuerdo a informaci\u00f3n entregada por el Comisario de Ays\u00e9n, mayor Patricio Parada, \u201cAlrededor de 08:00 horas, por comunicado de conductores, se da aviso de un accidente de tr\u00e1nsito, que habr\u00eda ocurrido momentos antes en la ruta CH 240, que une a Puerto Ays\u00e9n con Chacabuco, dando cuenta que a la altura del kil\u00f3metro 7, una camioneta color rojo, que se desplazaba desde Chacabuco hasta Ays\u00e9n, al parecer y por causas que se tienen que investigar, por condiciones de la calzada, neblina y las condiciones clim\u00e1ticas existentes en el lugar, la conductora habr\u00eda perdido el control del m\u00f3vil, terminando por proyecci\u00f3n cayendo en una zanja existente a un costado de la ruta\u201d.<\/p>\n<p style=\"text-align: justify;\">Respecto a la condici\u00f3n preliminar de los ocupantes del m\u00f3vil, el oficial de Carabineros, se\u00f1al\u00f3 que, \u201clos cinco ocupantes del veh\u00edculo, que corresponden a la conductora mayor de edad, su acompa\u00f1ante hombre mayor de edad y tres menores de 17, 9 y 6 a\u00f1os, fueron trasladados en forma inmediata al centro asistencial para constatar sus lesiones. Hasta el momento, al parecer mantendr\u00edamos una menor de 17 a\u00f1os con lesiones, las cuales se encuentran en evaluaci\u00f3n, sin un car\u00e1cter definitivo y el resto de los ocupantes se encuentran constatando lesiones, para descartar alguna condici\u00f3n o gravedad mayor. Nadie al momento en riesgo vital\u201d.<\/p>\n<p style=\"text-align: justify;\">El Mayor Patricio Parada, tambi\u00e9n remarc\u00f3 la importancia del autocuidado y la precauci\u00f3n al momento de conducir, principalmente en \u00e9pocas donde el clima genera complicaciones.<\/p>\n<p style=\"text-align: justify;\">\u201cSe hace un llamado, se reitera a los conductores, el cuidado que debemos tener en la conducci\u00f3n, en especial en esta \u00e9poca del a\u00f1o, donde las condiciones clim\u00e1ticas afectan notablemente el estado de las calzadas y tambi\u00e9n la visualizaci\u00f3n producto de la neblina, llam\u00e1ndolos a conducir con precauci\u00f3n, responsabilidad y a una velocidad prudente, siempre atento a las condiciones del tr\u00e1nsito\u201d.<\/p>\n<p style=\"text-align: justify;\">Tambi\u00e9n recalc\u00f3 el llamado en el uso responsable de los medios tecnol\u00f3gicos, sobre todo al momento de la conducci\u00f3n y a estar pendientes respecto al comportamiento de otros conductores que podr\u00edan ocasionar un accidente.<\/p>\n<p style=\"text-align: justify;\">Reiteramos el llamado a todos los conductores y conductoras, a conducir con suma precauci\u00f3n, debido a la presencia de escarcha en las diferentes rutas de la regi\u00f3n.<\/p>\n<\/div><\/section><\/div><div  style='height:50px' class='hr hr-invisible   avia-builder-el-6  el_after_av_one_full  el_before_av_social_share '><span class='hr-inner ' ><span class='hr-inner-style'><\/span><\/span><\/div><\/p>\n<div  class='av-social-sharing-box  avia-builder-el-7  el_after_av_hr  el_before_av_hr  '><div class='av-share-box'><h5 class='av-share-link-description av-no-toc '>Compartir esta noticia<\/h5><ul class='av-share-box-list noLightbox'><li class='av-share-link av-social-link-facebook' ><a target=\"_blank\" aria-label=\"Compartir en Facebook\" href='https:\/\/www.facebook.com\/sharer.php?u=https:\/\/radiorevelacionfm.cl\/?p=42240&#038;t=Volcamiento%20de%20veh%C3%ADculo%20en%20Ruta%20Ays%C3%A9n%20%E2%80%93%20Chacabuco%20dej%C3%B3%20cinco%20personas%20lesionadas' aria-hidden='false' data-av_icon='\ue8f3' data-av_iconfont='entypo-fontello' title='' data-avia-related-tooltip='Compartir en Facebook' rel=\"noopener\"><span class='avia_hidden_link_text'>Compartir en Facebook<\/span><\/a><\/li><li class='av-share-link av-social-link-twitter' ><a target=\"_blank\" aria-label=\"Compartir en Twitter\" href='https:\/\/twitter.com\/share?text=Volcamiento%20de%20veh%C3%ADculo%20en%20Ruta%20Ays%C3%A9n%20%E2%80%93%20Chacabuco%20dej%C3%B3%20cinco%20personas%20lesionadas&#038;url=https:\/\/radiorevelacionfm.cl\/?p=42240' aria-hidden='false' data-av_icon='\ue8f1' data-av_iconfont='entypo-fontello' title='' data-avia-related-tooltip='Compartir en Twitter' rel=\"noopener\"><span class='avia_hidden_link_text'>Compartir en Twitter<\/span><\/a><\/li><li class='av-share-link av-social-link-whatsapp' ><a target=\"_blank\" aria-label=\"Compartir en Whatsapp\" href='https:\/\/api.whatsapp.com\/send?text=https:\/\/radiorevelacionfm.cl\/?p=42240' aria-hidden='false' data-av_icon='\uf232' data-av_iconfont='entypo-fontello' title='' data-avia-related-tooltip='Compartir en Whatsapp' rel=\"noopener\"><span class='avia_hidden_link_text'>Compartir en Whatsapp<\/span><\/a><\/li><li class='av-share-link av-social-link-linkedin' ><a target=\"_blank\" aria-label=\"Compartir en LinkedIn\" href='https:\/\/linkedin.com\/shareArticle?mini=true&#038;title=Volcamiento%20de%20veh%C3%ADculo%20en%20Ruta%20Ays%C3%A9n%20%E2%80%93%20Chacabuco%20dej%C3%B3%20cinco%20personas%20lesionadas&#038;url=https:\/\/radiorevelacionfm.cl\/?p=42240' aria-hidden='false' data-av_icon='\ue8fc' data-av_iconfont='entypo-fontello' title='' data-avia-related-tooltip='Compartir en LinkedIn' rel=\"noopener\"><span class='avia_hidden_link_text'>Compartir en LinkedIn<\/span><\/a><\/li><li class='av-share-link av-social-link-mail' ><a  aria-label=\"Compartir por correo\" href='mailto:?subject=Volcamiento%20de%20veh%C3%ADculo%20en%20Ruta%20Ays%C3%A9n%20%E2%80%93%20Chacabuco%20dej%C3%B3%20cinco%20personas%20lesionadas&#038;body=https:\/\/radiorevelacionfm.cl\/?p=42240' aria-hidden='false' data-av_icon='\ue805' data-av_iconfont='entypo-fontello' title='' data-avia-related-tooltip='Compartir por correo'><span class='avia_hidden_link_text'>Compartir por correo<\/span><\/a><\/li><\/ul><\/div><\/div>\n<div  style='height:50px' class='hr hr-invisible   avia-builder-el-8  el_after_av_social_share  el_before_av_comments_list '><span class='hr-inner ' ><span class='hr-inner-style'><\/span><\/span><\/div>\n<div  class='av-buildercomment  av-blog-meta-html-info-disabled av-blog-meta-tag-disabled  '><\/div>\n","protected":false},"excerpt":{"rendered":"","protected":false},"author":1,"featured_media":42241,"comment_status":"open","ping_status":"open","sticky":false,"template":"","format":"standard","meta":{"footnotes":""},"categories":[38],"tags":[],"class_list":["post-42240","post","type-post","status-publish","format-standard","has-post-thumbnail","hentry","category-regional"],"jetpack_featured_media_url":"https:\/\/radiorevelacionfm.cl\/wp-content\/uploads\/2024\/05\/Accidente-Aysen-CH-16.05.24-F1-1-1.jpg","_links":{"self":[{"href":"https:\/\/radiorevelacionfm.cl\/index.php?rest_route=\/wp\/v2\/posts\/42240","targetHints":{"allow":["GET"]}}],"collection":[{"href":"https:\/\/radiorevelacionfm.cl\/index.php?rest_route=\/wp\/v2\/posts"}],"about":[{"href":"https:\/\/radiorevelacionfm.cl\/index.php?rest_route=\/wp\/v2\/types\/post"}],"author":[{"embeddable":true,"href":"https:\/\/radiorevelacionfm.cl\/index.php?rest_route=\/wp\/v2\/users\/1"}],"replies":[{"embeddable":true,"href":"https:\/\/radiorevelacionfm.cl\/index.php?rest_route=%2Fwp%2Fv2%2Fcomments&post=42240"}],"version-history":[{"count":3,"href":"https:\/\/radiorevelacionfm.cl\/index.php?rest_route=\/wp\/v2\/posts\/42240\/revisions"}],"predecessor-version":[{"id":42299,"href":"https:\/\/radiorevelacionfm.cl\/index.php?rest_route=\/wp\/v2\/posts\/42240\/revisions\/42299"}],"wp:featuredmedia":[{"embeddable":true,"href":"https:\/\/radiorevelacionfm.cl\/index.php?rest_route=\/wp\/v2\/media\/42241"}],"wp:attachment":[{"href":"https:\/\/radiorevelacionfm.cl\/index.php?rest_route=%2Fwp%2Fv2%2Fmedia&parent=42240"}],"wp:term":[{"taxonomy":"category","embeddable":true,"href":"https:\/\/radiorevelacionfm.cl\/index.php?rest_route=%2Fwp%2Fv2%2Fcategories&post=42240"},{"taxonomy":"post_tag","embeddable":true,"href":"https:\/\/radiorevelacionfm.cl\/index.php?rest_route=%2Fwp%2Fv2%2Ftags&post=42240"}],"curies":[{"name":"wp","href":"https:\/\/api.w.org\/{rel}","templated":true}]}}