{"id":42232,"date":"2024-05-16T12:02:12","date_gmt":"2024-05-16T15:02:12","guid":{"rendered":"https:\/\/radiorevelacionfm.cl\/?p=42232"},"modified":"2024-05-16T12:02:12","modified_gmt":"2024-05-16T15:02:12","slug":"iniciativas-de-carabineros-aysen-marcan-aspiraciones-de-un-buen-servicio","status":"publish","type":"post","link":"https:\/\/radiorevelacionfm.cl\/?p=42232","title":{"rendered":"Iniciativas de Carabineros Ays\u00e9n marcan aspiraciones de un buen servicio"},"content":{"rendered":"<div class=\"flex_column av_one_full  flex_column_div av-zero-column-padding first  avia-builder-el-0  el_before_av_one_full  avia-builder-el-first  \" style='border-radius:0px; '><div  class='avia-image-container  av-styling-    avia-builder-el-1  avia-builder-el-no-sibling  avia-align-center '  itemprop=\"image\" itemscope=\"itemscope\" itemtype=\"https:\/\/schema.org\/ImageObject\"  ><div class='avia-image-container-inner'><div class='avia-image-overlay-wrap'><img decoding=\"async\" class='wp-image-42233 avia-img-lazy-loading-not-42233 avia_image' src=\"https:\/\/radiorevelacionfm.cl\/wp-content\/uploads\/2024\/05\/f8f7b4b3-cded-472b-b80a-50d95d605104-1_optimized-1.jpg\" alt='' title='f8f7b4b3-cded-472b-b80a-50d95d605104-(1)_optimized (1)' height=\"600\" width=\"800\"  itemprop=\"thumbnailUrl\" srcset=\"https:\/\/radiorevelacionfm.cl\/wp-content\/uploads\/2024\/05\/f8f7b4b3-cded-472b-b80a-50d95d605104-1_optimized-1.jpg 800w, https:\/\/radiorevelacionfm.cl\/wp-content\/uploads\/2024\/05\/f8f7b4b3-cded-472b-b80a-50d95d605104-1_optimized-1-300x225.jpg 300w, https:\/\/radiorevelacionfm.cl\/wp-content\/uploads\/2024\/05\/f8f7b4b3-cded-472b-b80a-50d95d605104-1_optimized-1-768x576.jpg 768w, https:\/\/radiorevelacionfm.cl\/wp-content\/uploads\/2024\/05\/f8f7b4b3-cded-472b-b80a-50d95d605104-1_optimized-1-705x529.jpg 705w, https:\/\/radiorevelacionfm.cl\/wp-content\/uploads\/2024\/05\/f8f7b4b3-cded-472b-b80a-50d95d605104-1_optimized-1-450x338.jpg 450w, https:\/\/radiorevelacionfm.cl\/wp-content\/uploads\/2024\/05\/f8f7b4b3-cded-472b-b80a-50d95d605104-1_optimized-1-600x450.jpg 600w\" sizes=\"(max-width: 800px) 100vw, 800px\" \/><\/div><\/div><\/div><\/div><div class=\"flex_column av_one_full  flex_column_div av-zero-column-padding first  avia-builder-el-2  el_after_av_one_full  el_before_av_one_full  column-top-margin\" style='border-radius:0px; '><section class=\"av_textblock_section \"  itemscope=\"itemscope\" itemtype=\"https:\/\/schema.org\/BlogPosting\" itemprop=\"blogPost\" ><div class='avia_textblock  '   itemprop=\"text\" ><div style=\"text-align: center;\"><span style=\"font-size: 18pt;\"><b>Iniciativas de Carabineros Ays\u00e9n marcan aspiraciones de un buen servicio<\/b><\/span><\/div>\n<div id=\"gtx-trans\" style=\"position: absolute; left: -50px; top: 4.31534px;\">\n<div class=\"gtx-trans-icon\"><\/div>\n<\/div>\n<\/div><\/section><\/div><div class=\"flex_column av_one_full  flex_column_div av-zero-column-padding first  avia-builder-el-4  el_after_av_one_full  el_before_av_hr  column-top-margin\" style='border-radius:0px; '><section class=\"av_textblock_section \"  itemscope=\"itemscope\" itemtype=\"https:\/\/schema.org\/BlogPosting\" itemprop=\"blogPost\" ><div class='avia_textblock  '   itemprop=\"text\" ><div>\n<p class=\"v1MsoNormal\" style=\"text-align: justify;\"><em><span lang=\"ES-MX\">La Instituci\u00f3n proyecta a futuro siete iniciativas como parte del proceso de modernizaci\u00f3n bajo altos est\u00e1ndares de calidad para satisfacer las necesidades actuales y demandas del servicio policial.<\/span><\/em><\/p>\n<p class=\"v1MsoNormal\" style=\"text-align: justify;\"><em><span lang=\"ES-MX\">Un Grupo de Formaci\u00f3n, reposici\u00f3n y relocalizaci\u00f3n de cuarteles, reposici\u00f3n de veh\u00edculos, creaci\u00f3n de salas de familia y un pol\u00edgono de tiro policial virtual, destacan entre las iniciativas que han sido proyectadas. \u00a0<\/span><\/em><\/p>\n<p class=\"v1MsoNormal\" style=\"text-align: justify;\"><span lang=\"ES-MX\">Una Instituci\u00f3n moderna con altos est\u00e1ndares de calidad en la entrega de un servicio oportuno y eficiente, requiere no solo de un carabinero m\u00e1s y mejor preparado, sino tambi\u00e9n de tecnolog\u00eda, recursos, medios y protecci\u00f3n para atender los requerimientos tanto del servicio como de la comunidad, brindando las necesarias condiciones de paz y seguridad que permitan a las personas vivir mejor y alcanzar su desarrollo pleno.<\/span><\/p>\n<p class=\"v1MsoNormal\" style=\"text-align: justify;\"><span lang=\"ES-MX\">A trav\u00e9s de nuestro Plan Estrat\u00e9gico de Desarrollo Policial 2021 \u2013 2028 Carabinero del Centenario, para progresar en nuestros desaf\u00edos es ineludible avanzar en determinadas \u00e1reas, entre estas, la educaci\u00f3n junto con potenciar las capacidades de nuestro capital humano. \u00a0\u00a0<\/span><\/p>\n<p class=\"v1MsoNormal\" style=\"text-align: justify;\"><b><span lang=\"ES-MX\">Grupo de Formaci\u00f3n<\/span><\/b><\/p>\n<p class=\"v1MsoNormal\" style=\"text-align: justify;\"><span lang=\"ES-MX\">Los procesos que llevan al futuro a la Instituci\u00f3n parten en el aula y se consolidan en procesos de mejora continua, involucrando a las estructuras sociales. Para ello Carabineros visualiza su proyecci\u00f3n en la regi\u00f3n de Ays\u00e9n a trav\u00e9s de siete proyectos que buscan posicionar a Carabineros como una Instituci\u00f3n moderna y con capacidad para responder a las necesidades y desaf\u00edos, servir a la comunidad y a las demandas del pa\u00eds en materias de seguridad.<\/span><\/p>\n<p class=\"v1MsoNormal\" style=\"text-align: justify;\"><span lang=\"ES-MX\">En el \u00e1mbito de formaci\u00f3n y doctrina, la creaci\u00f3n de un Grupo de Formaci\u00f3n de Carabineros Patagonia, Sede de Especializaci\u00f3n de Fronteras Austral, es una de las ideas que ha sido proyectada en el largo plazo, propuesta que busca -a trav\u00e9s de infraestructura- formar y especializar a los futuros carabineros contando con capacidad para 150 carabineros y 40 cabos en Sede Frontera Austral para obtenci\u00f3n de esta especialidad, generando una oportunidad laboral para los j\u00f3venes de esta regi\u00f3n y el desarrollo de una carrera policial.<\/span><\/p>\n<p class=\"v1MsoNormal\" style=\"text-align: justify;\"><span lang=\"ES-MX\">En materia de infraestructura, Carabineros cuenta con cuarteles de antigua data, muchos de los cuales promedian los 65 a\u00f1os de servicio ininterrumpido. Tal es el caso de la 2da Comisar\u00eda de Puerto Ays\u00e9n y 1ra Comisar\u00eda de Coyhaique, los cuales requieren de su reposici\u00f3n y relocalizaci\u00f3n para responder a los requerimientos y necesidades de la sociedad actual.<\/span><\/p>\n<p class=\"v1MsoNormal\" style=\"text-align: justify;\"><b><span lang=\"ES-MX\">Mejora de nuestras capacidades<\/span><\/b><\/p>\n<p class=\"v1MsoNormal\" style=\"text-align: justify;\"><span lang=\"ES-MX\">Nuestra capacidad de respuesta operativa y estar donde la comunidad nos necesita, requiere de contar con un parque vehicular que garantice aquello y tambi\u00e9n la seguridad de los propios carabineros. En tal sentido un tercer proyecto busca la reposici\u00f3n de 77 veh\u00edculos que han llegado al t\u00e9rmino de su vida \u00fatil, sumado a tres veh\u00edculos log\u00edsticos para apoyar las labores operativas e investigativas, mejorando as\u00ed la oferta de servicios en la regi\u00f3n.<\/span><\/p>\n<p class=\"v1MsoNormal\" style=\"text-align: justify;\"><span lang=\"ES-MX\">Como parte de este proceso modernizador, a trav\u00e9s de una cuarta iniciativa, la Instituci\u00f3n busca mejorar la capacidad de trabajo fronterizo en los puestos de control subsidiario que desarrollamos en 9 pasos, orientado a prevenir delitos transnacionales y crimen organizado, para lo cual se requiere contar con mejores instalaciones (sistemas modulares), autonom\u00eda energ\u00e9tica (generadores el\u00e9ctricos) y tecnol\u00f3gicas (drones de alto est\u00e1ndar, antenas satelitales), lo anterior, gracias al financiamiento con recursos del Gobierno Regional, lo que se traduce en m\u00e1s seguridad.<\/span><\/p>\n<p class=\"v1MsoNormal\" style=\"text-align: justify;\"><b><span lang=\"ES-MX\">Atenci\u00f3n digna<\/span><\/b><\/p>\n<p class=\"v1MsoNormal\" style=\"text-align: justify;\"><span lang=\"ES-MX\">Carabineros en la actualidad adopta 29 procedimientos por hora en la regi\u00f3n de Ays\u00e9n, muchos de los cuales tienen que ver con atenci\u00f3n a grupos vulnerables y v\u00edctimas de delitos violentos, violencia intrafamiliar y aquellos delitos que afectan a mujeres, ni\u00f1os y ni\u00f1as, haciendo necesario contar con una sala de familia y espacios comunitarios de atenci\u00f3n en nuestros 31 cuarteles operativos.<\/span><\/p>\n<p class=\"v1MsoNormal\" style=\"text-align: justify;\"><span lang=\"ES-MX\">Otras de las propuestas proyectadas son la conservaci\u00f3n de cuarteles operativos a trav\u00e9s de la mantenci\u00f3n y reparaci\u00f3n de estas 31 estructuras, con la finalidad de brindar un est\u00e1ndar de calidad y con ello mejorar las condiciones de dignidad tanto a los usuarios de los servicios institucionales como a los carabineros que cumplen dicha misi\u00f3n.<\/span><\/p>\n<p class=\"v1MsoNormal\" style=\"text-align: justify;\"><b><span lang=\"ES-MX\">Pol\u00edgono virtual<\/span><\/b><\/p>\n<p class=\"v1MsoNormal\" style=\"text-align: justify;\"><span lang=\"ES-MX\">Asimismo, en el \u00e1mbito de la modernizaci\u00f3n y como parte del proceso de mejoramiento permanente y continuo de las habilidades de los Carabineros, un \u00faltimo proyecto apunta a la creaci\u00f3n de un pol\u00edgono de tiro policial virtual, permitiendo adquirir y reforzar las competencias derivadas del ejercicio de la funci\u00f3n policial operativa.<\/span><\/p>\n<p class=\"v1MsoNormal\" style=\"text-align: justify;\"><span lang=\"ES-MX\">Carabineros es una Instituci\u00f3n que en muchos rincones de nuestra accidentada geograf\u00eda es la \u00fanica presencia del Estado, siendo igualmente uno de los actores relevantes del sistema de seguridad p\u00fablica, siendo el primer contacto con las personas que sufren, con las v\u00edctimas de delito, con quien requiere ayuda, donde muchas veces las expectativas ciudadanas descansan en la capacidad institucional de conectar con ese dolor y con ese problema.<\/span><\/p>\n<p class=\"v1MsoNormal\" style=\"text-align: justify;\"><b><span lang=\"ES-MX\">Mejora continua<\/span><\/b><\/p>\n<p class=\"v1MsoNormal\" style=\"text-align: justify;\"><span lang=\"ES-MX\">Se suma a ello las capacitaciones en materias de derechos humanos, g\u00e9nero, persecuci\u00f3n penal, sobre el 90% del capital humano el a\u00f1o 2023.<\/span><\/p>\n<p class=\"v1MsoNormal\" style=\"text-align: justify;\"><span lang=\"ES-MX\">En tal sentido, junto a la Defensor\u00eda Penal P\u00fablica han sido efectuadas 27 capacitaciones en las que 560 carabineros han mejorado sus competencias en diversas \u00e1reas con apego y respeto de las garant\u00edas fundamentales.<\/span><\/p>\n<p class=\"v1MsoNormal\" style=\"text-align: justify;\"><span lang=\"ES-MX\">A trav\u00e9s de la Seremi de la Mujer, han sido efectuadas 12 capacitaciones con un alcance de 380 funcionarios capacitados en materia de g\u00e9nero, sumado a un convenio en proceso de tramitaci\u00f3n.<\/span><\/p>\n<p class=\"v1MsoNormal\" style=\"text-align: justify;\"><span lang=\"ES-MX\">Asimismo, se suscribi\u00f3 un convenio de colaboraci\u00f3n interinstitucional con la Seremi de Salud, sumado a la capacitaci\u00f3n de 160 carabineros en tratamiento de personas con trastorno del espectro autista (TEA).<\/span><\/p>\n<p class=\"v1MsoNormal\" style=\"text-align: justify;\"><span lang=\"ES-MX\">De igual forma, a trav\u00e9s de la Fiscal\u00eda Regional se han efectuado 35 capacitaciones con 580 carabineros capacitados, sumado a 148 funcionarios certificados y la participaci\u00f3n en las XVII Jornadas Patag\u00f3nicas de Derecho Penal Contempor\u00e1neo.<\/span><\/p>\n<p class=\"v1MsoNormal\" style=\"text-align: justify;\"><span lang=\"ES-MX\">Durante el a\u00f1o 2023 Carabineros adopt\u00f3 en la regi\u00f3n de Ays\u00e9n 202.216 procedimientos, atendi\u00f3 71.773 llamados de emergencia, efectu\u00f3 184.518 controles, detuvo a 4.754 personas por diversos delitos, desarticul\u00f3 75 bandas delictuales, decomis\u00f3 17,2 kg de droga y recuper\u00f3 32 veh\u00edculos sustra\u00eddos.<\/span><\/p>\n<\/div>\n<div><\/div>\n<\/div><\/section><\/div><div  style='height:50px' class='hr hr-invisible   avia-builder-el-6  el_after_av_one_full  el_before_av_social_share '><span class='hr-inner ' ><span class='hr-inner-style'><\/span><\/span><\/div><\/p>\n<div  class='av-social-sharing-box  avia-builder-el-7  el_after_av_hr  el_before_av_hr  '><div class='av-share-box'><h5 class='av-share-link-description av-no-toc '>Compartir esta noticia<\/h5><ul class='av-share-box-list noLightbox'><li class='av-share-link av-social-link-facebook' ><a target=\"_blank\" aria-label=\"Compartir en Facebook\" href='https:\/\/www.facebook.com\/sharer.php?u=https:\/\/radiorevelacionfm.cl\/?p=42232&#038;t=Iniciativas%20de%20Carabineros%20Ays%C3%A9n%20marcan%20aspiraciones%20de%20un%20buen%20servicio' aria-hidden='false' data-av_icon='\ue8f3' data-av_iconfont='entypo-fontello' title='' data-avia-related-tooltip='Compartir en Facebook' rel=\"noopener\"><span class='avia_hidden_link_text'>Compartir en Facebook<\/span><\/a><\/li><li class='av-share-link av-social-link-twitter' ><a target=\"_blank\" aria-label=\"Compartir en Twitter\" href='https:\/\/twitter.com\/share?text=Iniciativas%20de%20Carabineros%20Ays%C3%A9n%20marcan%20aspiraciones%20de%20un%20buen%20servicio&#038;url=https:\/\/radiorevelacionfm.cl\/?p=42232' aria-hidden='false' data-av_icon='\ue8f1' data-av_iconfont='entypo-fontello' title='' data-avia-related-tooltip='Compartir en Twitter' rel=\"noopener\"><span class='avia_hidden_link_text'>Compartir en Twitter<\/span><\/a><\/li><li class='av-share-link av-social-link-whatsapp' ><a target=\"_blank\" aria-label=\"Compartir en Whatsapp\" href='https:\/\/api.whatsapp.com\/send?text=https:\/\/radiorevelacionfm.cl\/?p=42232' aria-hidden='false' data-av_icon='\uf232' data-av_iconfont='entypo-fontello' title='' data-avia-related-tooltip='Compartir en Whatsapp' rel=\"noopener\"><span class='avia_hidden_link_text'>Compartir en Whatsapp<\/span><\/a><\/li><li class='av-share-link av-social-link-linkedin' ><a target=\"_blank\" aria-label=\"Compartir en LinkedIn\" href='https:\/\/linkedin.com\/shareArticle?mini=true&#038;title=Iniciativas%20de%20Carabineros%20Ays%C3%A9n%20marcan%20aspiraciones%20de%20un%20buen%20servicio&#038;url=https:\/\/radiorevelacionfm.cl\/?p=42232' aria-hidden='false' data-av_icon='\ue8fc' data-av_iconfont='entypo-fontello' title='' data-avia-related-tooltip='Compartir en LinkedIn' rel=\"noopener\"><span class='avia_hidden_link_text'>Compartir en LinkedIn<\/span><\/a><\/li><li class='av-share-link av-social-link-mail' ><a  aria-label=\"Compartir por correo\" href='mailto:?subject=Iniciativas%20de%20Carabineros%20Ays%C3%A9n%20marcan%20aspiraciones%20de%20un%20buen%20servicio&#038;body=https:\/\/radiorevelacionfm.cl\/?p=42232' aria-hidden='false' data-av_icon='\ue805' data-av_iconfont='entypo-fontello' title='' data-avia-related-tooltip='Compartir por correo'><span class='avia_hidden_link_text'>Compartir por correo<\/span><\/a><\/li><\/ul><\/div><\/div>\n<div  style='height:50px' class='hr hr-invisible   avia-builder-el-8  el_after_av_social_share  el_before_av_comments_list '><span class='hr-inner ' ><span class='hr-inner-style'><\/span><\/span><\/div>\n<div  class='av-buildercomment  av-blog-meta-html-info-disabled av-blog-meta-tag-disabled  '><\/div>\n","protected":false},"excerpt":{"rendered":"","protected":false},"author":1,"featured_media":42233,"comment_status":"open","ping_status":"open","sticky":false,"template":"","format":"standard","meta":{"footnotes":""},"categories":[36],"tags":[],"class_list":["post-42232","post","type-post","status-publish","format-standard","has-post-thumbnail","hentry","category-policial"],"jetpack_featured_media_url":"https:\/\/radiorevelacionfm.cl\/wp-content\/uploads\/2024\/05\/f8f7b4b3-cded-472b-b80a-50d95d605104-1_optimized-1.jpg","_links":{"self":[{"href":"https:\/\/radiorevelacionfm.cl\/index.php?rest_route=\/wp\/v2\/posts\/42232","targetHints":{"allow":["GET"]}}],"collection":[{"href":"https:\/\/radiorevelacionfm.cl\/index.php?rest_route=\/wp\/v2\/posts"}],"about":[{"href":"https:\/\/radiorevelacionfm.cl\/index.php?rest_route=\/wp\/v2\/types\/post"}],"author":[{"embeddable":true,"href":"https:\/\/radiorevelacionfm.cl\/index.php?rest_route=\/wp\/v2\/users\/1"}],"replies":[{"embeddable":true,"href":"https:\/\/radiorevelacionfm.cl\/index.php?rest_route=%2Fwp%2Fv2%2Fcomments&post=42232"}],"version-history":[{"count":1,"href":"https:\/\/radiorevelacionfm.cl\/index.php?rest_route=\/wp\/v2\/posts\/42232\/revisions"}],"predecessor-version":[{"id":42234,"href":"https:\/\/radiorevelacionfm.cl\/index.php?rest_route=\/wp\/v2\/posts\/42232\/revisions\/42234"}],"wp:featuredmedia":[{"embeddable":true,"href":"https:\/\/radiorevelacionfm.cl\/index.php?rest_route=\/wp\/v2\/media\/42233"}],"wp:attachment":[{"href":"https:\/\/radiorevelacionfm.cl\/index.php?rest_route=%2Fwp%2Fv2%2Fmedia&parent=42232"}],"wp:term":[{"taxonomy":"category","embeddable":true,"href":"https:\/\/radiorevelacionfm.cl\/index.php?rest_route=%2Fwp%2Fv2%2Fcategories&post=42232"},{"taxonomy":"post_tag","embeddable":true,"href":"https:\/\/radiorevelacionfm.cl\/index.php?rest_route=%2Fwp%2Fv2%2Ftags&post=42232"}],"curies":[{"name":"wp","href":"https:\/\/api.w.org\/{rel}","templated":true}]}}