{"id":4223,"date":"2021-05-17T19:00:11","date_gmt":"2021-05-17T22:00:11","guid":{"rendered":"https:\/\/radiorevelacionfm.cl\/?p=4223"},"modified":"2021-05-17T19:02:49","modified_gmt":"2021-05-17T22:02:49","slug":"confirman-variante-p1-brasilena-en-la-region-de-aysen","status":"publish","type":"post","link":"https:\/\/radiorevelacionfm.cl\/?p=4223","title":{"rendered":"Confirman Variante P1 Brasile\u00f1a en la Regi\u00f3n de Ays\u00e9n"},"content":{"rendered":"<div class=\"flex_column av_one_full  flex_column_div av-zero-column-padding first  avia-builder-el-0  el_before_av_one_full  avia-builder-el-first  \" style='border-radius:0px; '><div  class='avia-image-container  av-styling-    avia-builder-el-1  avia-builder-el-no-sibling  avia-align-center '  itemprop=\"image\" itemscope=\"itemscope\" itemtype=\"https:\/\/schema.org\/ImageObject\"  ><div class='avia-image-container-inner'><div class='avia-image-overlay-wrap'><img decoding=\"async\" class='wp-image-0 avia-img-lazy-loading-not-0 avia_image' src=\"https:\/\/radiorevelacionfm.cl\/wp-content\/uploads\/2021\/05\/seremi-salud_1_optimized.jpg\" alt='' title=''   itemprop=\"thumbnailUrl\"  \/><\/div><\/div><\/div><\/div>\n<div class=\"flex_column av_one_full  flex_column_div av-zero-column-padding first  avia-builder-el-2  el_after_av_one_full  el_before_av_one_full  column-top-margin\" style='border-radius:0px; '><section class=\"av_textblock_section \"  itemscope=\"itemscope\" itemtype=\"https:\/\/schema.org\/BlogPosting\" itemprop=\"blogPost\" ><div class='avia_textblock  '   itemprop=\"text\" ><p style=\"text-align: center;\"><strong><span style=\"font-size: 18pt;\">Confirman Variante P1 Brasile\u00f1a en la Regi\u00f3n de Ays\u00e9n<\/span><\/strong><\/p>\n<div id=\"gtx-trans\" style=\"position: absolute; left: -50px; top: 4.31534px;\">\n<div class=\"gtx-trans-icon\"><\/div>\n<\/div>\n<\/div><\/section><\/div>\n<div class=\"flex_column av_one_full  flex_column_div av-zero-column-padding first  avia-builder-el-4  el_after_av_one_full  el_before_av_hr  column-top-margin\" style='border-radius:0px; '><section class=\"av_textblock_section \"  itemscope=\"itemscope\" itemtype=\"https:\/\/schema.org\/BlogPosting\" itemprop=\"blogPost\" ><div class='avia_textblock  '   itemprop=\"text\" ><p style=\"text-align: justify;\">Se trata de 4 casos COVID(+) que en abril pasado presentaron el virus, sin riesgo vital para dichas personas. Las muestras\u00a0 fueron confirmadas por el Instituto de Salud P\u00fablica.<\/p>\n<p style=\"text-align: justify;\">En las \u00faltimas horas el Instituto de Salud P\u00fablica. ISP,\u00a0 confirm\u00f3 que cuatro muestras COVID( +) que fueron enviadas desde la regi\u00f3n de Ays\u00e9n corresponden a la variante P1 brasile\u00f1a, informaci\u00f3n que fue entregada por la Autoridad Sanitaria regional, a trav\u00e9s de la Unidad de Testeo, Trazabilidad y Aislamiento, UTTA.<\/p>\n<p style=\"text-align: justify;\">Para el epidemi\u00f3logo de la Seremi de Salud y coordinador regional de la UTTA, Marco Acu\u00f1a,\u00a0 los casos detectados en la regi\u00f3n de Ays\u00e9n corresponden a residentes de las ciudades de Coyhaique y Puerto Ays\u00e9n, sin viajes al extranjero ni fuera de la regi\u00f3n.\u00a0 Por lo tanto, comenta el profesional, se puede plantear la transmisi\u00f3n comunitaria.<\/p>\n<p style=\"text-align: justify;\">Diversos estudios han demostrado que la variante P1 es hasta 2,5 veces m\u00e1s contagiosa que la cepa original del virus y muestra una mayor resistencia a los anticuerpos. El virus ha afectado en Brasil a personas cada vez m\u00e1s j\u00f3venes como demuestra el hecho de que en el pasado mes de marzo m\u00e1s de la mitad de todos los pacientes ingresados en unidades de cuidados intensivos ten\u00eda menos de 40 a\u00f1os.<\/p>\n<p style=\"text-align: justify;\">Existe evidencia, menciona el profesional, que sugiere que algunas de las mutaciones en la variante P1 pueden afectar su transmisibilidad y perfil antig\u00e9nico, lo que a su vez podr\u00eda afectar la capacidad de respuesta de los anticuerpos generados a trav\u00e9s de la infecci\u00f3n natural previa o mediante la vacunaci\u00f3n para reconocer y neutralizar el virus, pero a\u00fan se necesitan estudios adicionales.<\/p>\n<p style=\"text-align: justify;\">Hasta el momento, afirma Acu\u00f1a,\u00a0 las vacunas desarrolladas como la de Sinovac o AstraZeneca han demostrado su efectividad contra la variante P1.<\/p>\n<p style=\"text-align: justify;\"><strong>Autocuidado y B\u00fasqueda Activa de Casos<\/strong><\/p>\n<p style=\"text-align: justify;\">Ante esta situaci\u00f3n la Seremi de Salud Ays\u00e9n, Alejandra Valdebenito Torres, puso \u00e9nfasis en la importancia de reforzar el autocuidado y acercarse a los diferentes puntos de PCR m\u00f3viles de la capital regional a realizarse el examen, as\u00ed como\u00a0 la disponibilidad en toda la Red de Salud distribuida en\u00a0 todo el territorio regional. \u201c Es relevante que nos cuidamos a\u00fan m\u00e1s, sabiendo que variantes como la brasile\u00f1a est\u00e1n presentes en nuestra regi\u00f3n. Invitamos a los ayseninos a realizarse ex\u00e1menes preventivos y resguardar la salud de sus cercanos\u201d, dijo la Seremi.<\/p>\n<p style=\"text-align: justify;\">La Autoridad Sanitaria adem\u00e1s, recalc\u00f3 \u201c la importancia de respetar la cuarentena en la capital regional para lograr disminuir el aumento de casos, la ocupaci\u00f3n de camas cr\u00edticas y as\u00ed avanzar de fase en el plan Paso a Paso, en beneficio de todos los habitantes de Ays\u00e9n\u201d, concluy\u00f3 Valdebenito.<\/p>\n<\/div><\/section><\/div><div  style='height:50px' class='hr hr-invisible   avia-builder-el-6  el_after_av_one_full  el_before_av_social_share '><span class='hr-inner ' ><span class='hr-inner-style'><\/span><\/span><\/div><\/p>\n<div  class='av-social-sharing-box  avia-builder-el-7  el_after_av_hr  el_before_av_hr  '><div class='av-share-box'><h5 class='av-share-link-description av-no-toc '>Compartir esta noticia<\/h5><ul class='av-share-box-list noLightbox'><li class='av-share-link av-social-link-facebook' ><a target=\"_blank\" aria-label=\"Compartir en Facebook\" href='https:\/\/www.facebook.com\/sharer.php?u=https:\/\/radiorevelacionfm.cl\/?p=4223&#038;t=Confirman%20Variante%20P1%20Brasile%C3%B1a%20en%20la%20Regi%C3%B3n%20de%20Ays%C3%A9n' aria-hidden='false' data-av_icon='\ue8f3' data-av_iconfont='entypo-fontello' title='' data-avia-related-tooltip='Compartir en Facebook' rel=\"noopener\"><span class='avia_hidden_link_text'>Compartir en Facebook<\/span><\/a><\/li><li class='av-share-link av-social-link-twitter' ><a target=\"_blank\" aria-label=\"Compartir en Twitter\" href='https:\/\/twitter.com\/share?text=Confirman%20Variante%20P1%20Brasile%C3%B1a%20en%20la%20Regi%C3%B3n%20de%20Ays%C3%A9n&#038;url=https:\/\/radiorevelacionfm.cl\/?p=4223' aria-hidden='false' data-av_icon='\ue8f1' data-av_iconfont='entypo-fontello' title='' data-avia-related-tooltip='Compartir en Twitter' rel=\"noopener\"><span class='avia_hidden_link_text'>Compartir en Twitter<\/span><\/a><\/li><li class='av-share-link av-social-link-whatsapp' ><a target=\"_blank\" aria-label=\"Compartir en Whatsapp\" href='https:\/\/api.whatsapp.com\/send?text=https:\/\/radiorevelacionfm.cl\/?p=4223' aria-hidden='false' data-av_icon='\uf232' data-av_iconfont='entypo-fontello' title='' data-avia-related-tooltip='Compartir en Whatsapp' rel=\"noopener\"><span class='avia_hidden_link_text'>Compartir en Whatsapp<\/span><\/a><\/li><li class='av-share-link av-social-link-linkedin' ><a target=\"_blank\" aria-label=\"Compartir en LinkedIn\" href='https:\/\/linkedin.com\/shareArticle?mini=true&#038;title=Confirman%20Variante%20P1%20Brasile%C3%B1a%20en%20la%20Regi%C3%B3n%20de%20Ays%C3%A9n&#038;url=https:\/\/radiorevelacionfm.cl\/?p=4223' aria-hidden='false' data-av_icon='\ue8fc' data-av_iconfont='entypo-fontello' title='' data-avia-related-tooltip='Compartir en LinkedIn' rel=\"noopener\"><span class='avia_hidden_link_text'>Compartir en LinkedIn<\/span><\/a><\/li><li class='av-share-link av-social-link-mail' ><a  aria-label=\"Compartir por correo\" href='mailto:?subject=Confirman%20Variante%20P1%20Brasile%C3%B1a%20en%20la%20Regi%C3%B3n%20de%20Ays%C3%A9n&#038;body=https:\/\/radiorevelacionfm.cl\/?p=4223' aria-hidden='false' data-av_icon='\ue805' data-av_iconfont='entypo-fontello' title='' data-avia-related-tooltip='Compartir por correo'><span class='avia_hidden_link_text'>Compartir por correo<\/span><\/a><\/li><\/ul><\/div><\/div>\n<div  style='height:50px' class='hr hr-invisible   avia-builder-el-8  el_after_av_social_share  el_before_av_comments_list '><span class='hr-inner ' ><span class='hr-inner-style'><\/span><\/span><\/div>\n<div  class='av-buildercomment  av-blog-meta-html-info-disabled av-blog-meta-tag-disabled  '><\/div>\n","protected":false},"excerpt":{"rendered":"","protected":false},"author":1,"featured_media":0,"comment_status":"open","ping_status":"open","sticky":false,"template":"","format":"standard","meta":{"footnotes":""},"categories":[46],"tags":[],"class_list":["post-4223","post","type-post","status-publish","format-standard","hentry","category-salud"],"jetpack_featured_media_url":"","_links":{"self":[{"href":"https:\/\/radiorevelacionfm.cl\/index.php?rest_route=\/wp\/v2\/posts\/4223","targetHints":{"allow":["GET"]}}],"collection":[{"href":"https:\/\/radiorevelacionfm.cl\/index.php?rest_route=\/wp\/v2\/posts"}],"about":[{"href":"https:\/\/radiorevelacionfm.cl\/index.php?rest_route=\/wp\/v2\/types\/post"}],"author":[{"embeddable":true,"href":"https:\/\/radiorevelacionfm.cl\/index.php?rest_route=\/wp\/v2\/users\/1"}],"replies":[{"embeddable":true,"href":"https:\/\/radiorevelacionfm.cl\/index.php?rest_route=%2Fwp%2Fv2%2Fcomments&post=4223"}],"version-history":[{"count":2,"href":"https:\/\/radiorevelacionfm.cl\/index.php?rest_route=\/wp\/v2\/posts\/4223\/revisions"}],"predecessor-version":[{"id":4226,"href":"https:\/\/radiorevelacionfm.cl\/index.php?rest_route=\/wp\/v2\/posts\/4223\/revisions\/4226"}],"wp:attachment":[{"href":"https:\/\/radiorevelacionfm.cl\/index.php?rest_route=%2Fwp%2Fv2%2Fmedia&parent=4223"}],"wp:term":[{"taxonomy":"category","embeddable":true,"href":"https:\/\/radiorevelacionfm.cl\/index.php?rest_route=%2Fwp%2Fv2%2Fcategories&post=4223"},{"taxonomy":"post_tag","embeddable":true,"href":"https:\/\/radiorevelacionfm.cl\/index.php?rest_route=%2Fwp%2Fv2%2Ftags&post=4223"}],"curies":[{"name":"wp","href":"https:\/\/api.w.org\/{rel}","templated":true}]}}