{"id":42229,"date":"2024-05-16T11:03:57","date_gmt":"2024-05-16T14:03:57","guid":{"rendered":"https:\/\/radiorevelacionfm.cl\/?p=42229"},"modified":"2024-05-16T11:15:21","modified_gmt":"2024-05-16T14:15:21","slug":"gobierno-regional-aysen-financiara-equipamiento-para-upc-pediatrica-en-el-hospital-regional","status":"publish","type":"post","link":"https:\/\/radiorevelacionfm.cl\/?p=42229","title":{"rendered":"Gobierno Regional Ays\u00e9n financiar\u00e1 equipamiento para UPC Pedi\u00e1trica del Hospital Regional Coyhaique"},"content":{"rendered":"<div class=\"flex_column av_one_full  flex_column_div av-zero-column-padding first  avia-builder-el-0  el_before_av_one_full  avia-builder-el-first  \" style='border-radius:0px; '><div  class='avia-image-container  av-styling-    avia-builder-el-1  avia-builder-el-no-sibling  avia-align-center '  itemprop=\"image\" itemscope=\"itemscope\" itemtype=\"https:\/\/schema.org\/ImageObject\"  ><div class='avia-image-container-inner'><div class='avia-image-overlay-wrap'><img decoding=\"async\" class='wp-image-42230 avia-img-lazy-loading-not-42230 avia_image' src=\"https:\/\/radiorevelacionfm.cl\/wp-content\/uploads\/2024\/05\/WhatsApp-Image-2024-05-15-at-11.59.42-AM-2-1-1.jpeg\" alt='' title='WhatsApp Image 2024-05-15 at 11.59.42 AM (2) (1) (1)' height=\"600\" width=\"1067\"  itemprop=\"thumbnailUrl\" srcset=\"https:\/\/radiorevelacionfm.cl\/wp-content\/uploads\/2024\/05\/WhatsApp-Image-2024-05-15-at-11.59.42-AM-2-1-1.jpeg 1067w, https:\/\/radiorevelacionfm.cl\/wp-content\/uploads\/2024\/05\/WhatsApp-Image-2024-05-15-at-11.59.42-AM-2-1-1-300x169.jpeg 300w, https:\/\/radiorevelacionfm.cl\/wp-content\/uploads\/2024\/05\/WhatsApp-Image-2024-05-15-at-11.59.42-AM-2-1-1-1030x579.jpeg 1030w, https:\/\/radiorevelacionfm.cl\/wp-content\/uploads\/2024\/05\/WhatsApp-Image-2024-05-15-at-11.59.42-AM-2-1-1-768x432.jpeg 768w, https:\/\/radiorevelacionfm.cl\/wp-content\/uploads\/2024\/05\/WhatsApp-Image-2024-05-15-at-11.59.42-AM-2-1-1-705x396.jpeg 705w, https:\/\/radiorevelacionfm.cl\/wp-content\/uploads\/2024\/05\/WhatsApp-Image-2024-05-15-at-11.59.42-AM-2-1-1-450x253.jpeg 450w, https:\/\/radiorevelacionfm.cl\/wp-content\/uploads\/2024\/05\/WhatsApp-Image-2024-05-15-at-11.59.42-AM-2-1-1-600x337.jpeg 600w\" sizes=\"(max-width: 1067px) 100vw, 1067px\" \/><\/div><\/div><\/div><\/div>\n<div class=\"flex_column av_one_full  flex_column_div av-zero-column-padding first  avia-builder-el-2  el_after_av_one_full  el_before_av_one_full  column-top-margin\" style='border-radius:0px; '><section class=\"av_textblock_section \"  itemscope=\"itemscope\" itemtype=\"https:\/\/schema.org\/BlogPosting\" itemprop=\"blogPost\" ><div class='avia_textblock  '   itemprop=\"text\" ><p style=\"text-align: center;\"><strong><span style=\"font-size: 18pt;\">Gobierno Regional Ays\u00e9n financiar\u00e1 equipamiento para UPC Pedi\u00e1trica del Hospital Regional Coyhaique<\/span><\/strong><\/p>\n<div id=\"gtx-trans\" style=\"position: absolute; left: -50px; top: 4.31534px;\">\n<div class=\"gtx-trans-icon\"><\/div>\n<\/div>\n<\/div><\/section><\/div><div class=\"flex_column av_one_full  flex_column_div av-zero-column-padding first  avia-builder-el-4  el_after_av_one_full  el_before_av_hr  column-top-margin\" style='border-radius:0px; '><section class=\"av_textblock_section \"  itemscope=\"itemscope\" itemtype=\"https:\/\/schema.org\/BlogPosting\" itemprop=\"blogPost\" ><div class='avia_textblock  '   itemprop=\"text\" ><p dir=\"ltr\" style=\"text-align: justify;\">Importantes avances en resolutividad para el sector salud significar\u00e1n las \u00faltimas aprobaciones en el pleno del Consejo Regional, que este mi\u00e9rcoles aprob\u00f3 iniciativas por casi mil 500 millones de pesos para el Servicio de Salud Ays\u00e9n.<\/p>\n<p dir=\"ltr\" style=\"text-align: justify;\">Se trata de la adquisici\u00f3n de equipos y equipamiento para la Unidad de Paciente Cr\u00edtico (UPC) Pedi\u00e1trica y la reposici\u00f3n del microscopio neuroquir\u00fargico para el Hospital Regional Coyhaique, adem\u00e1s de la adquisici\u00f3n de computadores para toda la red de Atenci\u00f3n Primaria en la regi\u00f3n.<\/p>\n<p dir=\"ltr\" style=\"text-align: justify;\">En septiembre del a\u00f1o pasado la Gobernadora, Andrea Mac\u00edas Palma, comprometi\u00f3 la gesti\u00f3n del financiamiento para equipar una UCI Pedi\u00e1trica Transitoria por lo que ahora destac\u00f3 el apoyo del Consejo para aportar recursos que otorgar\u00e1n mayor resolutividad para resolver las problem\u00e1ticas en la atenci\u00f3n.<\/p>\n<p dir=\"ltr\" style=\"text-align: justify;\">La primera autoridad regional record\u00f3 que el GORE Ays\u00e9n ha respondido con el financiamiento del estudio preinversional para un nuevo Hospital Regional, para dar respuesta a las problem\u00e1ticas de fondo de la red asistencial, pero \u00abpara llegar a ese momento debemos seguir avanzando y complementando, sobre todo con equipamiento que permita aumentar la capacidad resolutiva en nuestra propia regi\u00f3n\u00bb.<\/p>\n<p dir=\"ltr\" style=\"text-align: justify;\">Por su parte el director del Servicio de Salud Ays\u00e9n, Juan Pablo Bravo y su equipo destacaron que estas tres iniciativas van en directo beneficio de la ciudadan\u00eda, resolviendo inconvenientes tecnol\u00f3gicos y habilitando de mejor manera a los equipos de atenci\u00f3n.<\/p>\n<p dir=\"ltr\" style=\"text-align: justify;\">El directivo expres\u00f3 que para mantener a los profesionales de la salud en la red asistencial se debe \u00abhacer atractiva la regi\u00f3n y eso es desarrollar las especialidades, con un angi\u00f3grafo, con la UCI pedi\u00e1trica, ser m\u00e1s resolutivos, dar la capacidad t\u00e9cnica y tecnol\u00f3gica para poder desarrollarse profesionalmente y tambi\u00e9n humanizar la salud\u00bb.<\/p>\n<p dir=\"ltr\" style=\"text-align: justify;\">Por su parte, la consejera Marisol Mart\u00ednez, integrante de la comisi\u00f3n Social del CORE, que estudi\u00f3 la iniciativa, destac\u00f3 que existe un apoyo irrestricto \u00aba esta y otras iniciativas, ya que la salud p\u00fablica es primordial, es donde todos nos atendemos en la regi\u00f3n. El compromiso de la Gobernadora y todo el Consejo es aprobar este tipo de iniciativas que permitan atender a nuestros ni\u00f1os, ni\u00f1as, adultos de toda la regi\u00f3n y ese compromiso ha sido validado con estos recursos\u00bb.<\/p>\n<\/div><\/section><\/div><\/p>\n<div  style='height:50px' class='hr hr-invisible   avia-builder-el-6  el_after_av_one_full  el_before_av_social_share '><span class='hr-inner ' ><span class='hr-inner-style'><\/span><\/span><\/div>\n<div  class='av-social-sharing-box  avia-builder-el-7  el_after_av_hr  el_before_av_hr  '><div class='av-share-box'><h5 class='av-share-link-description av-no-toc '>Compartir esta noticia<\/h5><ul class='av-share-box-list noLightbox'><li class='av-share-link av-social-link-facebook' ><a target=\"_blank\" aria-label=\"Compartir en Facebook\" href='https:\/\/www.facebook.com\/sharer.php?u=https:\/\/radiorevelacionfm.cl\/?p=42229&#038;t=Gobierno%20Regional%20Ays%C3%A9n%20financiar%C3%A1%20equipamiento%20para%20UPC%20Pedi%C3%A1trica%20del%20Hospital%20Regional%20Coyhaique' aria-hidden='false' data-av_icon='\ue8f3' data-av_iconfont='entypo-fontello' title='' data-avia-related-tooltip='Compartir en Facebook' rel=\"noopener\"><span class='avia_hidden_link_text'>Compartir en Facebook<\/span><\/a><\/li><li class='av-share-link av-social-link-twitter' ><a target=\"_blank\" aria-label=\"Compartir en Twitter\" href='https:\/\/twitter.com\/share?text=Gobierno%20Regional%20Ays%C3%A9n%20financiar%C3%A1%20equipamiento%20para%20UPC%20Pedi%C3%A1trica%20del%20Hospital%20Regional%20Coyhaique&#038;url=https:\/\/radiorevelacionfm.cl\/?p=42229' aria-hidden='false' data-av_icon='\ue8f1' data-av_iconfont='entypo-fontello' title='' data-avia-related-tooltip='Compartir en Twitter' rel=\"noopener\"><span class='avia_hidden_link_text'>Compartir en Twitter<\/span><\/a><\/li><li class='av-share-link av-social-link-whatsapp' ><a target=\"_blank\" aria-label=\"Compartir en Whatsapp\" href='https:\/\/api.whatsapp.com\/send?text=https:\/\/radiorevelacionfm.cl\/?p=42229' aria-hidden='false' data-av_icon='\uf232' data-av_iconfont='entypo-fontello' title='' data-avia-related-tooltip='Compartir en Whatsapp' rel=\"noopener\"><span class='avia_hidden_link_text'>Compartir en Whatsapp<\/span><\/a><\/li><li class='av-share-link av-social-link-linkedin' ><a target=\"_blank\" aria-label=\"Compartir en LinkedIn\" href='https:\/\/linkedin.com\/shareArticle?mini=true&#038;title=Gobierno%20Regional%20Ays%C3%A9n%20financiar%C3%A1%20equipamiento%20para%20UPC%20Pedi%C3%A1trica%20del%20Hospital%20Regional%20Coyhaique&#038;url=https:\/\/radiorevelacionfm.cl\/?p=42229' aria-hidden='false' data-av_icon='\ue8fc' data-av_iconfont='entypo-fontello' title='' data-avia-related-tooltip='Compartir en LinkedIn' rel=\"noopener\"><span class='avia_hidden_link_text'>Compartir en LinkedIn<\/span><\/a><\/li><li class='av-share-link av-social-link-mail' ><a  aria-label=\"Compartir por correo\" href='mailto:?subject=Gobierno%20Regional%20Ays%C3%A9n%20financiar%C3%A1%20equipamiento%20para%20UPC%20Pedi%C3%A1trica%20del%20Hospital%20Regional%20Coyhaique&#038;body=https:\/\/radiorevelacionfm.cl\/?p=42229' aria-hidden='false' data-av_icon='\ue805' data-av_iconfont='entypo-fontello' title='' data-avia-related-tooltip='Compartir por correo'><span class='avia_hidden_link_text'>Compartir por correo<\/span><\/a><\/li><\/ul><\/div><\/div>\n<div  style='height:50px' class='hr hr-invisible   avia-builder-el-8  el_after_av_social_share  el_before_av_comments_list '><span class='hr-inner ' ><span class='hr-inner-style'><\/span><\/span><\/div>\n<div  class='av-buildercomment  av-blog-meta-html-info-disabled av-blog-meta-tag-disabled  '><\/div>\n","protected":false},"excerpt":{"rendered":"","protected":false},"author":1,"featured_media":42230,"comment_status":"open","ping_status":"open","sticky":false,"template":"","format":"standard","meta":{"footnotes":""},"categories":[38],"tags":[],"class_list":["post-42229","post","type-post","status-publish","format-standard","has-post-thumbnail","hentry","category-regional"],"jetpack_featured_media_url":"https:\/\/radiorevelacionfm.cl\/wp-content\/uploads\/2024\/05\/WhatsApp-Image-2024-05-15-at-11.59.42-AM-2-1-1.jpeg","_links":{"self":[{"href":"https:\/\/radiorevelacionfm.cl\/index.php?rest_route=\/wp\/v2\/posts\/42229","targetHints":{"allow":["GET"]}}],"collection":[{"href":"https:\/\/radiorevelacionfm.cl\/index.php?rest_route=\/wp\/v2\/posts"}],"about":[{"href":"https:\/\/radiorevelacionfm.cl\/index.php?rest_route=\/wp\/v2\/types\/post"}],"author":[{"embeddable":true,"href":"https:\/\/radiorevelacionfm.cl\/index.php?rest_route=\/wp\/v2\/users\/1"}],"replies":[{"embeddable":true,"href":"https:\/\/radiorevelacionfm.cl\/index.php?rest_route=%2Fwp%2Fv2%2Fcomments&post=42229"}],"version-history":[{"count":4,"href":"https:\/\/radiorevelacionfm.cl\/index.php?rest_route=\/wp\/v2\/posts\/42229\/revisions"}],"predecessor-version":[{"id":42239,"href":"https:\/\/radiorevelacionfm.cl\/index.php?rest_route=\/wp\/v2\/posts\/42229\/revisions\/42239"}],"wp:featuredmedia":[{"embeddable":true,"href":"https:\/\/radiorevelacionfm.cl\/index.php?rest_route=\/wp\/v2\/media\/42230"}],"wp:attachment":[{"href":"https:\/\/radiorevelacionfm.cl\/index.php?rest_route=%2Fwp%2Fv2%2Fmedia&parent=42229"}],"wp:term":[{"taxonomy":"category","embeddable":true,"href":"https:\/\/radiorevelacionfm.cl\/index.php?rest_route=%2Fwp%2Fv2%2Fcategories&post=42229"},{"taxonomy":"post_tag","embeddable":true,"href":"https:\/\/radiorevelacionfm.cl\/index.php?rest_route=%2Fwp%2Fv2%2Ftags&post=42229"}],"curies":[{"name":"wp","href":"https:\/\/api.w.org\/{rel}","templated":true}]}}