{"id":42226,"date":"2024-05-16T16:35:17","date_gmt":"2024-05-16T19:35:17","guid":{"rendered":"https:\/\/radiorevelacionfm.cl\/?p=42226"},"modified":"2024-05-16T16:35:17","modified_gmt":"2024-05-16T19:35:17","slug":"corte-de-apelaciones-de-coyhaique-y-academia-judicial-organizaron-seminario-determinacion-aplicacion-y-ejecucion-de-penas","status":"publish","type":"post","link":"https:\/\/radiorevelacionfm.cl\/?p=42226","title":{"rendered":"Corte de Apelaciones de Coyhaique y Academia Judicial organizaron seminario \u00abDeterminaci\u00f3n, aplicaci\u00f3n y ejecuci\u00f3n de penas\u00bb"},"content":{"rendered":"<div class=\"flex_column av_one_full  flex_column_div av-zero-column-padding first  avia-builder-el-0  el_before_av_one_full  avia-builder-el-first  \" style='border-radius:0px; '><div  class='avia-image-container  av-styling-    avia-builder-el-1  avia-builder-el-no-sibling  avia-align-center '  itemprop=\"image\" itemscope=\"itemscope\" itemtype=\"https:\/\/schema.org\/ImageObject\"  ><div class='avia-image-container-inner'><div class='avia-image-overlay-wrap'><img decoding=\"async\" class='wp-image-42227 avia-img-lazy-loading-not-42227 avia_image' src=\"https:\/\/radiorevelacionfm.cl\/wp-content\/uploads\/2024\/05\/Foto-1-seminario-1-1.jpg\" alt='' title='Foto 1 seminario (1) (1)' height=\"600\" width=\"900\"  itemprop=\"thumbnailUrl\" srcset=\"https:\/\/radiorevelacionfm.cl\/wp-content\/uploads\/2024\/05\/Foto-1-seminario-1-1.jpg 900w, https:\/\/radiorevelacionfm.cl\/wp-content\/uploads\/2024\/05\/Foto-1-seminario-1-1-300x200.jpg 300w, https:\/\/radiorevelacionfm.cl\/wp-content\/uploads\/2024\/05\/Foto-1-seminario-1-1-768x512.jpg 768w, https:\/\/radiorevelacionfm.cl\/wp-content\/uploads\/2024\/05\/Foto-1-seminario-1-1-705x470.jpg 705w, https:\/\/radiorevelacionfm.cl\/wp-content\/uploads\/2024\/05\/Foto-1-seminario-1-1-450x300.jpg 450w, https:\/\/radiorevelacionfm.cl\/wp-content\/uploads\/2024\/05\/Foto-1-seminario-1-1-600x400.jpg 600w\" sizes=\"(max-width: 900px) 100vw, 900px\" \/><\/div><\/div><\/div><\/div><div class=\"flex_column av_one_full  flex_column_div av-zero-column-padding first  avia-builder-el-2  el_after_av_one_full  el_before_av_one_full  column-top-margin\" style='border-radius:0px; '><section class=\"av_textblock_section \"  itemscope=\"itemscope\" itemtype=\"https:\/\/schema.org\/BlogPosting\" itemprop=\"blogPost\" ><div class='avia_textblock  '   itemprop=\"text\" ><p style=\"text-align: center;\"><span style=\"font-size: 18pt;\"><b>Corte de Apelaciones de Coyhaique y Academia Judicial organizaron seminario \u00abDeterminaci\u00f3n, aplicaci\u00f3n y ejecuci\u00f3n de penas\u00bb<\/b><\/span><\/p>\n<div id=\"gtx-trans\" style=\"position: absolute; left: -50px; top: 4.31534px;\">\n<div class=\"gtx-trans-icon\"><\/div>\n<\/div>\n<\/div><\/section><\/div><div class=\"flex_column av_one_full  flex_column_div av-zero-column-padding first  avia-builder-el-4  el_after_av_one_full  el_before_av_hr  column-top-margin\" style='border-radius:0px; '><section class=\"av_textblock_section \"  itemscope=\"itemscope\" itemtype=\"https:\/\/schema.org\/BlogPosting\" itemprop=\"blogPost\" ><div class='avia_textblock  '   itemprop=\"text\" ><p class=\"v1MsoNormal\" style=\"text-align: justify;\">El martes 14 de mayo se realiz\u00f3 el seminario \u00abDeterminaci\u00f3n, aplicaci\u00f3n y ejecuci\u00f3n de penas\u00bb, organizado por la Corte de Apelaciones de Coyhaique y la Academia Judicial de Chile. La actividad, que se realiz\u00f3 de manera presencial y telem\u00e1tica, fue inaugurada por el presidente de la Corte de Apelaciones, Luis Aedo Mora y la subdirectora de la Academia Judicial, Cristina Villarreal Holtshamp.<\/p>\n<p class=\"v1MsoNormal\" style=\"text-align: justify;\">En la oportunidad se presentaron aspectos puntuales del material, que afectan directamente a la funci\u00f3n judicial, entre ellos: concurso de delitos; reglas de determinaci\u00f3n legal y judicial de la pena de adultos; notas diferenciales de la determinaci\u00f3n de la pena asociada a la Ley de Responsabilidad Penal Adolescente.<\/p>\n<p class=\"v1MsoNormal\" style=\"text-align: justify;\">El presidente de la Corte de Apelaciones agradeci\u00f3 la iniciativa y relev\u00f3 la posibilidad de reflexi\u00f3n que se dio en la instancia \u00abme parece que ha sido valorado a nivel jurisdiccional este esfuerzo desarrollado por la Academia Judicial, de extensi\u00f3n de su actividad hacia nosotros\u00bb.<\/p>\n<p class=\"v1MsoNormal\" style=\"text-align: justify;\">Tambi\u00e9n destac\u00f3 la materia penal que pone a disposici\u00f3n p\u00fablica la Academia y que permite \u00abanalizar la tem\u00e1tica de aplicaci\u00f3n, determinaci\u00f3n y ejecuci\u00f3n de penas, y as\u00ed se nos ilustre sobre los t\u00f3picos esenciales que constituyen habitualmente problem\u00e1ticas de interpretaci\u00f3n a la hora de tener que decidir en los casos concretos\u00bb, afirm\u00f3.<\/p>\n<p class=\"v1MsoNormal\" style=\"text-align: justify;\">En tanto, la subdirectora de la Academia Judicial, Cristina Villarreal, manifest\u00f3 la satisfacci\u00f3n de poder organizar instancias de capacitaci\u00f3n y reflexi\u00f3n conjunta en distintas cortes del pa\u00eds, \u00abnuestra intenci\u00f3n en el marco de nuestro 30\u00ba aniversario es reforzar esta cercan\u00eda, porque nuestra intenci\u00f3n es que la capacitaci\u00f3n que brindamos sea transferida a los lugares de trabajo, se entienda en el mismo contexto laboral, y en esta etapa queremos convocarlos a todos y todas\u00bb, sostuvo.<\/p>\n<p class=\"v1MsoNormal\" style=\"text-align: justify;\">En la actividad, el juez del tribunal de juicio oral en lo penal de Valpara\u00edso, Francisco Hermosilla, present\u00f3 el libro \u00abDeterminaci\u00f3n, aplicaci\u00f3n y ejecuci\u00f3n de penas\u00bb, publicado recientemente en conjunto con Tania Gajardo Orellana; que es parte de la colecci\u00f3n de materiales docentes de la Academia Judicial, y que est\u00e1 asociado a un curso de perfeccionamiento para funcionarios y funcionarias del Poder Judicial.<\/p>\n<p class=\"v1MsoNormal\" style=\"text-align: justify;\">Complementando la presentaci\u00f3n, expuso la magistrada M\u00f3nica Gisela Coloma, jueza del Tribunal de Juicio Oral en lo Penal de Coyhaique, quien profundiz\u00f3 en los principios, la clasificaci\u00f3n y las reglas de los concursos de delitos y como estas alteran la determinaci\u00f3n de penas.<\/p>\n<\/div><\/section><\/div><div  style='height:50px' class='hr hr-invisible   avia-builder-el-6  el_after_av_one_full  el_before_av_social_share '><span class='hr-inner ' ><span class='hr-inner-style'><\/span><\/span><\/div><\/p>\n<div  class='av-social-sharing-box  avia-builder-el-7  el_after_av_hr  el_before_av_hr  '><div class='av-share-box'><h5 class='av-share-link-description av-no-toc '>Compartir esta noticia<\/h5><ul class='av-share-box-list noLightbox'><li class='av-share-link av-social-link-facebook' ><a target=\"_blank\" aria-label=\"Compartir en Facebook\" href='https:\/\/www.facebook.com\/sharer.php?u=https:\/\/radiorevelacionfm.cl\/?p=42226&#038;t=Corte%20de%20Apelaciones%20de%20Coyhaique%20y%20Academia%20Judicial%20organizaron%20seminario%20%C2%ABDeterminaci%C3%B3n%2C%20aplicaci%C3%B3n%20y%20ejecuci%C3%B3n%20de%20penas%C2%BB' aria-hidden='false' data-av_icon='\ue8f3' data-av_iconfont='entypo-fontello' title='' data-avia-related-tooltip='Compartir en Facebook' rel=\"noopener\"><span class='avia_hidden_link_text'>Compartir en Facebook<\/span><\/a><\/li><li class='av-share-link av-social-link-twitter' ><a target=\"_blank\" aria-label=\"Compartir en Twitter\" href='https:\/\/twitter.com\/share?text=Corte%20de%20Apelaciones%20de%20Coyhaique%20y%20Academia%20Judicial%20organizaron%20seminario%20%C2%ABDeterminaci%C3%B3n%2C%20aplicaci%C3%B3n%20y%20ejecuci%C3%B3n%20de%20penas%C2%BB&#038;url=https:\/\/radiorevelacionfm.cl\/?p=42226' aria-hidden='false' data-av_icon='\ue8f1' data-av_iconfont='entypo-fontello' title='' data-avia-related-tooltip='Compartir en Twitter' rel=\"noopener\"><span class='avia_hidden_link_text'>Compartir en Twitter<\/span><\/a><\/li><li class='av-share-link av-social-link-whatsapp' ><a target=\"_blank\" aria-label=\"Compartir en Whatsapp\" href='https:\/\/api.whatsapp.com\/send?text=https:\/\/radiorevelacionfm.cl\/?p=42226' aria-hidden='false' data-av_icon='\uf232' data-av_iconfont='entypo-fontello' title='' data-avia-related-tooltip='Compartir en Whatsapp' rel=\"noopener\"><span class='avia_hidden_link_text'>Compartir en Whatsapp<\/span><\/a><\/li><li class='av-share-link av-social-link-linkedin' ><a target=\"_blank\" aria-label=\"Compartir en LinkedIn\" href='https:\/\/linkedin.com\/shareArticle?mini=true&#038;title=Corte%20de%20Apelaciones%20de%20Coyhaique%20y%20Academia%20Judicial%20organizaron%20seminario%20%C2%ABDeterminaci%C3%B3n%2C%20aplicaci%C3%B3n%20y%20ejecuci%C3%B3n%20de%20penas%C2%BB&#038;url=https:\/\/radiorevelacionfm.cl\/?p=42226' aria-hidden='false' data-av_icon='\ue8fc' data-av_iconfont='entypo-fontello' title='' data-avia-related-tooltip='Compartir en LinkedIn' rel=\"noopener\"><span class='avia_hidden_link_text'>Compartir en LinkedIn<\/span><\/a><\/li><li class='av-share-link av-social-link-mail' ><a  aria-label=\"Compartir por correo\" href='mailto:?subject=Corte%20de%20Apelaciones%20de%20Coyhaique%20y%20Academia%20Judicial%20organizaron%20seminario%20%C2%ABDeterminaci%C3%B3n%2C%20aplicaci%C3%B3n%20y%20ejecuci%C3%B3n%20de%20penas%C2%BB&#038;body=https:\/\/radiorevelacionfm.cl\/?p=42226' aria-hidden='false' data-av_icon='\ue805' data-av_iconfont='entypo-fontello' title='' data-avia-related-tooltip='Compartir por correo'><span class='avia_hidden_link_text'>Compartir por correo<\/span><\/a><\/li><\/ul><\/div><\/div>\n<div  style='height:50px' class='hr hr-invisible   avia-builder-el-8  el_after_av_social_share  el_before_av_comments_list '><span class='hr-inner ' ><span class='hr-inner-style'><\/span><\/span><\/div>\n<div  class='av-buildercomment  av-blog-meta-html-info-disabled av-blog-meta-tag-disabled  '><\/div>\n","protected":false},"excerpt":{"rendered":"","protected":false},"author":1,"featured_media":42227,"comment_status":"open","ping_status":"open","sticky":false,"template":"","format":"standard","meta":{"footnotes":""},"categories":[55],"tags":[],"class_list":["post-42226","post","type-post","status-publish","format-standard","has-post-thumbnail","hentry","category-justicia"],"jetpack_featured_media_url":"https:\/\/radiorevelacionfm.cl\/wp-content\/uploads\/2024\/05\/Foto-1-seminario-1-1.jpg","_links":{"self":[{"href":"https:\/\/radiorevelacionfm.cl\/index.php?rest_route=\/wp\/v2\/posts\/42226","targetHints":{"allow":["GET"]}}],"collection":[{"href":"https:\/\/radiorevelacionfm.cl\/index.php?rest_route=\/wp\/v2\/posts"}],"about":[{"href":"https:\/\/radiorevelacionfm.cl\/index.php?rest_route=\/wp\/v2\/types\/post"}],"author":[{"embeddable":true,"href":"https:\/\/radiorevelacionfm.cl\/index.php?rest_route=\/wp\/v2\/users\/1"}],"replies":[{"embeddable":true,"href":"https:\/\/radiorevelacionfm.cl\/index.php?rest_route=%2Fwp%2Fv2%2Fcomments&post=42226"}],"version-history":[{"count":1,"href":"https:\/\/radiorevelacionfm.cl\/index.php?rest_route=\/wp\/v2\/posts\/42226\/revisions"}],"predecessor-version":[{"id":42228,"href":"https:\/\/radiorevelacionfm.cl\/index.php?rest_route=\/wp\/v2\/posts\/42226\/revisions\/42228"}],"wp:featuredmedia":[{"embeddable":true,"href":"https:\/\/radiorevelacionfm.cl\/index.php?rest_route=\/wp\/v2\/media\/42227"}],"wp:attachment":[{"href":"https:\/\/radiorevelacionfm.cl\/index.php?rest_route=%2Fwp%2Fv2%2Fmedia&parent=42226"}],"wp:term":[{"taxonomy":"category","embeddable":true,"href":"https:\/\/radiorevelacionfm.cl\/index.php?rest_route=%2Fwp%2Fv2%2Fcategories&post=42226"},{"taxonomy":"post_tag","embeddable":true,"href":"https:\/\/radiorevelacionfm.cl\/index.php?rest_route=%2Fwp%2Fv2%2Ftags&post=42226"}],"curies":[{"name":"wp","href":"https:\/\/api.w.org\/{rel}","templated":true}]}}