{"id":42223,"date":"2024-05-16T10:53:40","date_gmt":"2024-05-16T13:53:40","guid":{"rendered":"https:\/\/radiorevelacionfm.cl\/?p=42223"},"modified":"2024-05-16T10:53:40","modified_gmt":"2024-05-16T13:53:40","slug":"lanzan-convocatoria-para-participar-en-la-escuela-de-lideres-politicas-y-sociales","status":"publish","type":"post","link":"https:\/\/radiorevelacionfm.cl\/?p=42223","title":{"rendered":"Lanzan convocatoria para participar en la Escuela de L\u00edderes Pol\u00edticas y Sociales"},"content":{"rendered":"<div class=\"flex_column av_one_full  flex_column_div av-zero-column-padding first  avia-builder-el-0  el_before_av_one_full  avia-builder-el-first  \" style='border-radius:0px; '><div  class='avia-image-container  av-styling-    avia-builder-el-1  avia-builder-el-no-sibling  avia-align-center '  itemprop=\"image\" itemscope=\"itemscope\" itemtype=\"https:\/\/schema.org\/ImageObject\"  ><div class='avia-image-container-inner'><div class='avia-image-overlay-wrap'><img decoding=\"async\" class='wp-image-42224 avia-img-lazy-loading-not-42224 avia_image' src=\"https:\/\/radiorevelacionfm.cl\/wp-content\/uploads\/2024\/05\/03-elps-2024-1-1_optimized-1.jpg\" alt='' title='03-elps-2024-(1)-(1)_optimized (1)' height=\"1000\" width=\"800\"  itemprop=\"thumbnailUrl\" srcset=\"https:\/\/radiorevelacionfm.cl\/wp-content\/uploads\/2024\/05\/03-elps-2024-1-1_optimized-1.jpg 800w, https:\/\/radiorevelacionfm.cl\/wp-content\/uploads\/2024\/05\/03-elps-2024-1-1_optimized-1-240x300.jpg 240w, https:\/\/radiorevelacionfm.cl\/wp-content\/uploads\/2024\/05\/03-elps-2024-1-1_optimized-1-768x960.jpg 768w, https:\/\/radiorevelacionfm.cl\/wp-content\/uploads\/2024\/05\/03-elps-2024-1-1_optimized-1-564x705.jpg 564w, https:\/\/radiorevelacionfm.cl\/wp-content\/uploads\/2024\/05\/03-elps-2024-1-1_optimized-1-450x563.jpg 450w, https:\/\/radiorevelacionfm.cl\/wp-content\/uploads\/2024\/05\/03-elps-2024-1-1_optimized-1-600x750.jpg 600w\" sizes=\"(max-width: 800px) 100vw, 800px\" \/><\/div><\/div><\/div><\/div><div class=\"flex_column av_one_full  flex_column_div av-zero-column-padding first  avia-builder-el-2  el_after_av_one_full  el_before_av_one_full  column-top-margin\" style='border-radius:0px; '><section class=\"av_textblock_section \"  itemscope=\"itemscope\" itemtype=\"https:\/\/schema.org\/BlogPosting\" itemprop=\"blogPost\" ><div class='avia_textblock  '   itemprop=\"text\" ><p style=\"text-align: center;\"><strong><span style=\"font-size: 18pt;\">Lanzan convocatoria para participar en la Escuela de L\u00edderes Pol\u00edticas y Sociales <\/span><\/strong><\/p>\n<div id=\"gtx-trans\" style=\"position: absolute; left: -50px; top: 4.31534px;\">\n<div class=\"gtx-trans-icon\"><\/div>\n<\/div>\n<\/div><\/section><\/div><div class=\"flex_column av_one_full  flex_column_div av-zero-column-padding first  avia-builder-el-4  el_after_av_one_full  el_before_av_hr  column-top-margin\" style='border-radius:0px; '><section class=\"av_textblock_section \"  itemscope=\"itemscope\" itemtype=\"https:\/\/schema.org\/BlogPosting\" itemprop=\"blogPost\" ><div class='avia_textblock  '   itemprop=\"text\" ><p dir=\"ltr\" style=\"text-align: justify;\">Hasta el viernes 31 de mayo estar\u00e1n abiertas las postulaciones para participar en la Escuela de L\u00edderes Pol\u00edticas y Sociales del SernamEG, a trav\u00e9s del formulario disponible en la p\u00e1gina web del servicio.<\/p>\n<p dir=\"ltr\" style=\"text-align: justify;\">El espacio est\u00e1 dirigido a\u00a0mujeres de todo el pa\u00eds, desde los 15 a\u00f1os en adelante, que quieran fortalecer sus habilidades de liderazgo, pertenezcan a una organizaci\u00f3n y\/o tengan inter\u00e9s en participar en espacios de toma de decisi\u00f3n.<\/p>\n<p dir=\"ltr\" style=\"text-align: justify;\">Las clases se desarrollar\u00e1n en modalidad\u00a0e-learning, y contar\u00e1 con seis m\u00f3dulos de aprendizaje, considerando adem\u00e1s, una clase de bienvenida y capacitaci\u00f3n sobre la plataforma a trav\u00e9s de la cual se dictar\u00e1 la escuela, sumando ocho semanas continuas de estudio entre los meses de julio, agosto y septiembre de 2024.<\/p>\n<p dir=\"ltr\" style=\"text-align: justify;\">\u00abDesde el SernamEG nos interesa seguir apoyando la participaci\u00f3n de las mujeres en los espacios de poder y de toma de decisiones. Las cifras siguen evidenciando una importante brecha de g\u00e9nero en t\u00e9rminos de representatividad. El prop\u00f3sito de la escuela es potenciar los liderazgos de la diversidad de mujeres y contribuir en su participaci\u00f3n en todos los territorios y \u00e1mbitos de la sociedad\u00bb, sostuvo la Directora Nacional del SernamEG, Priscilla Carrasco\u00bb.<\/p>\n<p dir=\"ltr\" style=\"text-align: justify;\">Por su parte, la Directora Regional de SernamEG Ays\u00e9n, Patricia Baeza, se\u00f1al\u00f3 que \u00abac\u00e1 en la regi\u00f3n tenemos baja participaci\u00f3n en el \u00e1mbito pol\u00edtico de las mujeres, y es muy importante nuestra representatividad en los distintos espacios. Es por eso que hacemos este llamado a las mujeres de todas las comunas a que se inscriban en esta escuela, y de esta manera ir visibilizando nuestros derechos, en los distintos \u00e1mbitos de desarrollo de nuestra regi\u00f3n\u00bb.<\/p>\n<p dir=\"ltr\" style=\"text-align: justify;\">Los resultados de las postulaciones estar\u00e1n disponibles entre el 17 y 21 de junio y las personas seleccionadas ser\u00e1n notificadas por correo electr\u00f3nico. Tambi\u00e9n se pueden conocer los resultados a trav\u00e9s de las direcciones regionales de SernamEG correspondiente a la comuna de residencia de la postulante. Una vez seleccionadas las personas interesadas, se les enviar\u00e1 toda la informaci\u00f3n de fechas, horarios y actividades. No obstante, quienes est\u00e9n interesadas en el proceso pueden consultar al correo\u00a0<a href=\"mailto:mujeryparticipacion@sernameg.gob.cl\" rel=\"noreferrer\">mujeryparticipacion@sernameg.gob.cl<\/a>.<\/p>\n<p dir=\"ltr\" style=\"text-align: justify;\">Es importante precisar que tendr\u00e1n preferencia de cupos las mujeres que postulan por primera vez a la Escuela de L\u00edderes Pol\u00edticas y Sociales 2024. Los puestos son limitados y en la Regi\u00f3n de Ays\u00e9n el servicio cuenta con 40 cupos disponibles, por lo que la postulaci\u00f3n a la escuela no implica autom\u00e1ticamente su selecci\u00f3n.<\/p>\n<\/div><\/section><\/div><div  style='height:50px' class='hr hr-invisible   avia-builder-el-6  el_after_av_one_full  el_before_av_social_share '><span class='hr-inner ' ><span class='hr-inner-style'><\/span><\/span><\/div><\/p>\n<div  class='av-social-sharing-box  avia-builder-el-7  el_after_av_hr  el_before_av_hr  '><div class='av-share-box'><h5 class='av-share-link-description av-no-toc '>Compartir esta noticia<\/h5><ul class='av-share-box-list noLightbox'><li class='av-share-link av-social-link-facebook' ><a target=\"_blank\" aria-label=\"Compartir en Facebook\" href='https:\/\/www.facebook.com\/sharer.php?u=https:\/\/radiorevelacionfm.cl\/?p=42223&#038;t=Lanzan%20convocatoria%20para%20participar%20en%20la%20Escuela%20de%20L%C3%ADderes%20Pol%C3%ADticas%20y%20Sociales' aria-hidden='false' data-av_icon='\ue8f3' data-av_iconfont='entypo-fontello' title='' data-avia-related-tooltip='Compartir en Facebook' rel=\"noopener\"><span class='avia_hidden_link_text'>Compartir en Facebook<\/span><\/a><\/li><li class='av-share-link av-social-link-twitter' ><a target=\"_blank\" aria-label=\"Compartir en Twitter\" href='https:\/\/twitter.com\/share?text=Lanzan%20convocatoria%20para%20participar%20en%20la%20Escuela%20de%20L%C3%ADderes%20Pol%C3%ADticas%20y%20Sociales&#038;url=https:\/\/radiorevelacionfm.cl\/?p=42223' aria-hidden='false' data-av_icon='\ue8f1' data-av_iconfont='entypo-fontello' title='' data-avia-related-tooltip='Compartir en Twitter' rel=\"noopener\"><span class='avia_hidden_link_text'>Compartir en Twitter<\/span><\/a><\/li><li class='av-share-link av-social-link-whatsapp' ><a target=\"_blank\" aria-label=\"Compartir en Whatsapp\" href='https:\/\/api.whatsapp.com\/send?text=https:\/\/radiorevelacionfm.cl\/?p=42223' aria-hidden='false' data-av_icon='\uf232' data-av_iconfont='entypo-fontello' title='' data-avia-related-tooltip='Compartir en Whatsapp' rel=\"noopener\"><span class='avia_hidden_link_text'>Compartir en Whatsapp<\/span><\/a><\/li><li class='av-share-link av-social-link-linkedin' ><a target=\"_blank\" aria-label=\"Compartir en LinkedIn\" href='https:\/\/linkedin.com\/shareArticle?mini=true&#038;title=Lanzan%20convocatoria%20para%20participar%20en%20la%20Escuela%20de%20L%C3%ADderes%20Pol%C3%ADticas%20y%20Sociales&#038;url=https:\/\/radiorevelacionfm.cl\/?p=42223' aria-hidden='false' data-av_icon='\ue8fc' data-av_iconfont='entypo-fontello' title='' data-avia-related-tooltip='Compartir en LinkedIn' rel=\"noopener\"><span class='avia_hidden_link_text'>Compartir en LinkedIn<\/span><\/a><\/li><li class='av-share-link av-social-link-mail' ><a  aria-label=\"Compartir por correo\" href='mailto:?subject=Lanzan%20convocatoria%20para%20participar%20en%20la%20Escuela%20de%20L%C3%ADderes%20Pol%C3%ADticas%20y%20Sociales&#038;body=https:\/\/radiorevelacionfm.cl\/?p=42223' aria-hidden='false' data-av_icon='\ue805' data-av_iconfont='entypo-fontello' title='' data-avia-related-tooltip='Compartir por correo'><span class='avia_hidden_link_text'>Compartir por correo<\/span><\/a><\/li><\/ul><\/div><\/div>\n<div  style='height:50px' class='hr hr-invisible   avia-builder-el-8  el_after_av_social_share  el_before_av_comments_list '><span class='hr-inner ' ><span class='hr-inner-style'><\/span><\/span><\/div>\n<div  class='av-buildercomment  av-blog-meta-html-info-disabled av-blog-meta-tag-disabled  '><\/div>\n","protected":false},"excerpt":{"rendered":"","protected":false},"author":1,"featured_media":42224,"comment_status":"open","ping_status":"open","sticky":false,"template":"","format":"standard","meta":{"footnotes":""},"categories":[38],"tags":[],"class_list":["post-42223","post","type-post","status-publish","format-standard","has-post-thumbnail","hentry","category-regional"],"jetpack_featured_media_url":"https:\/\/radiorevelacionfm.cl\/wp-content\/uploads\/2024\/05\/03-elps-2024-1-1_optimized-1.jpg","_links":{"self":[{"href":"https:\/\/radiorevelacionfm.cl\/index.php?rest_route=\/wp\/v2\/posts\/42223","targetHints":{"allow":["GET"]}}],"collection":[{"href":"https:\/\/radiorevelacionfm.cl\/index.php?rest_route=\/wp\/v2\/posts"}],"about":[{"href":"https:\/\/radiorevelacionfm.cl\/index.php?rest_route=\/wp\/v2\/types\/post"}],"author":[{"embeddable":true,"href":"https:\/\/radiorevelacionfm.cl\/index.php?rest_route=\/wp\/v2\/users\/1"}],"replies":[{"embeddable":true,"href":"https:\/\/radiorevelacionfm.cl\/index.php?rest_route=%2Fwp%2Fv2%2Fcomments&post=42223"}],"version-history":[{"count":1,"href":"https:\/\/radiorevelacionfm.cl\/index.php?rest_route=\/wp\/v2\/posts\/42223\/revisions"}],"predecessor-version":[{"id":42225,"href":"https:\/\/radiorevelacionfm.cl\/index.php?rest_route=\/wp\/v2\/posts\/42223\/revisions\/42225"}],"wp:featuredmedia":[{"embeddable":true,"href":"https:\/\/radiorevelacionfm.cl\/index.php?rest_route=\/wp\/v2\/media\/42224"}],"wp:attachment":[{"href":"https:\/\/radiorevelacionfm.cl\/index.php?rest_route=%2Fwp%2Fv2%2Fmedia&parent=42223"}],"wp:term":[{"taxonomy":"category","embeddable":true,"href":"https:\/\/radiorevelacionfm.cl\/index.php?rest_route=%2Fwp%2Fv2%2Fcategories&post=42223"},{"taxonomy":"post_tag","embeddable":true,"href":"https:\/\/radiorevelacionfm.cl\/index.php?rest_route=%2Fwp%2Fv2%2Ftags&post=42223"}],"curies":[{"name":"wp","href":"https:\/\/api.w.org\/{rel}","templated":true}]}}