{"id":42217,"date":"2024-05-15T21:43:16","date_gmt":"2024-05-16T00:43:16","guid":{"rendered":"https:\/\/radiorevelacionfm.cl\/?p=42217"},"modified":"2024-05-15T21:43:16","modified_gmt":"2024-05-16T00:43:16","slug":"787-familias-contaran-con-mejores-condiciones-de-abastecimiento-de-agua-potable-en-melinka-y-raul-marin-balmaceda","status":"publish","type":"post","link":"https:\/\/radiorevelacionfm.cl\/?p=42217","title":{"rendered":"787 familias contar\u00e1n con mejores condiciones de abastecimiento de agua potable en Melinka y Ra\u00fal Mar\u00edn Balmaceda"},"content":{"rendered":"<div class=\"flex_column av_one_full  flex_column_div av-zero-column-padding first  avia-builder-el-0  el_before_av_one_full  avia-builder-el-first  \" style='border-radius:0px; '><div  class='avia-image-container  av-styling-    avia-builder-el-1  avia-builder-el-no-sibling  avia-align-center '  itemprop=\"image\" itemscope=\"itemscope\" itemtype=\"https:\/\/schema.org\/ImageObject\"  ><div class='avia-image-container-inner'><div class='avia-image-overlay-wrap'><img decoding=\"async\" class='wp-image-42218 avia-img-lazy-loading-not-42218 avia_image' src=\"https:\/\/radiorevelacionfm.cl\/wp-content\/uploads\/2024\/05\/melinka-ssr-1_optimized.jpg\" alt='' title='melinka-ssr-(1)_optimized' height=\"600\" width=\"800\"  itemprop=\"thumbnailUrl\" srcset=\"https:\/\/radiorevelacionfm.cl\/wp-content\/uploads\/2024\/05\/melinka-ssr-1_optimized.jpg 800w, https:\/\/radiorevelacionfm.cl\/wp-content\/uploads\/2024\/05\/melinka-ssr-1_optimized-300x225.jpg 300w, https:\/\/radiorevelacionfm.cl\/wp-content\/uploads\/2024\/05\/melinka-ssr-1_optimized-768x576.jpg 768w, https:\/\/radiorevelacionfm.cl\/wp-content\/uploads\/2024\/05\/melinka-ssr-1_optimized-705x529.jpg 705w, https:\/\/radiorevelacionfm.cl\/wp-content\/uploads\/2024\/05\/melinka-ssr-1_optimized-450x338.jpg 450w, https:\/\/radiorevelacionfm.cl\/wp-content\/uploads\/2024\/05\/melinka-ssr-1_optimized-600x450.jpg 600w\" sizes=\"(max-width: 800px) 100vw, 800px\" \/><\/div><\/div><\/div><\/div><div class=\"flex_column av_one_full  flex_column_div av-zero-column-padding first  avia-builder-el-2  el_after_av_one_full  el_before_av_one_full  column-top-margin\" style='border-radius:0px; '><section class=\"av_textblock_section \"  itemscope=\"itemscope\" itemtype=\"https:\/\/schema.org\/BlogPosting\" itemprop=\"blogPost\" ><div class='avia_textblock  '   itemprop=\"text\" ><p style=\"text-align: center;\"><strong><span style=\"font-size: 18pt;\"> 787 familias contar\u00e1n con mejores condiciones de abastecimiento de agua potable en Melinka y Ra\u00fal Mar\u00edn Balmaceda<\/span><\/strong><\/p>\n<div id=\"gtx-trans\" style=\"position: absolute; left: -50px; top: 4.31534px;\">\n<div class=\"gtx-trans-icon\"><\/div>\n<\/div>\n<\/div><\/section><\/div><div class=\"flex_column av_one_full  flex_column_div av-zero-column-padding first  avia-builder-el-4  el_after_av_one_full  el_before_av_hr  column-top-margin\" style='border-radius:0px; '><section class=\"av_textblock_section \"  itemscope=\"itemscope\" itemtype=\"https:\/\/schema.org\/BlogPosting\" itemprop=\"blogPost\" ><div class='avia_textblock  '   itemprop=\"text\" ><p style=\"text-align: justify;\"><em>\u201cCon una inversi\u00f3n este a\u00f1o de $8.600 millones en Servicios Sanitarios Rurales, hemos alcanzado la cifra m\u00e1s alta en este tipo de obras en la regi\u00f3n de Ays\u00e9n, lo que reafirma claramente nuestro compromiso con la reactivaci\u00f3n econ\u00f3mica, la entrega de empleo y con seguir avanzando en concretar estas significativas obras que cambian positivamente la vida de las personas y de las familias\u201d, asegur\u00f3 el SEREMI del MOP.<\/em><\/p>\n<p style=\"text-align: justify;\">El Secretario Regional Ministerial de Obras P\u00fablicas, Patricio Sanhueza Ulloa anunci\u00f3 esta semana la adjudicaci\u00f3n de la conservaci\u00f3n de los Servicios Sanitarios Rurales de Melinka y de Puerto Ra\u00fal Mar\u00edn Balmaceda, beneficiando directamente a 787 familias, con una inversi\u00f3n del gobierno del presidente Gabriel Boric Font a trav\u00e9s de la Direcci\u00f3n Regional de Obras Hidr\u00e1ulicas del MOP de $1.874 millones entre ambos Servicios Sanitarios Rurales, ubicados en el extremo norte de la regi\u00f3n de Ays\u00e9n.<\/p>\n<p style=\"text-align: justify;\">Patricio Sanhueza destac\u00f3 que \u201clas obras que ejecutar\u00e1 la Empresa Constructoras VZS SPA, en un plazo de 240 d\u00edas, cuentan con la fiscalizaci\u00f3n de profesionales de la Subdirecci\u00f3n de Servicios Sanitarios Rurales de la Direcci\u00f3n Regional de Obras Hidr\u00e1ulicas del MOP, y tienen como objetivo mejorar las condiciones de abastecimiento de agua potable para los vecinos y vecinas de Melinka, as\u00ed como tambi\u00e9n de Puerto Ra\u00fal Mar\u00edn Balmaceda, quienes a pesar de encontrarse ubicados en sectores aislados, hoy estamos\u00a0 llegando con la infraestructura que requieren para mejorar su calidad de vida, porque el agua para el consumo humano es nuestra prioridad, as\u00ed como tambi\u00e9n lo es su bienestar, por lo tanto continuamos fortaleciendo cada vez m\u00e1s nuestros equipos, y nuestro accionar con una inversi\u00f3n este a\u00f1o de $8.600 millones en Servicios Sanitarios Rurales, hemos alcanzado la cifra m\u00e1s alta en este tipo de obras en la regi\u00f3n de Ays\u00e9n, lo que reafirma claramente nuestro compromiso con la reactivaci\u00f3n econ\u00f3mica, la entrega de empleo y con seguir avanzando en concretar estas significativas obras que cambian positivamente la vida de las personas y de las familias\u201d.<\/p>\n<p style=\"text-align: justify;\">Con una inversi\u00f3n de 983 millones de pesos, el Director Regional de Obras Hidr\u00e1ulicas del MOP Francisco Real Bahamonde detall\u00f3 los trabajos indicando que \u201cen Melinka las obras consideran el mejoramiento de la captaci\u00f3n existente incorporando c\u00e1mara de h\u00fameda y c\u00e1mara de v\u00e1lvulas, lo que permitir\u00e1 una mejora en la operaci\u00f3n de la captaci\u00f3n; considera la reposici\u00f3n de tuber\u00eda de aducci\u00f3n existente en una longitud de 2.290 metros, y el mejoramiento de todas las c\u00e1maras existentes en esta l\u00ednea de aducci\u00f3n, incluyendo cambio de v\u00e1lvulas y ventosas. Asimismo, se incorporan nuevas c\u00e1maras para el mejoramiento de la operatividad de esta aducci\u00f3n (5 c\u00e1maras de ventosa y 1 c\u00e1mara de desag\u00fce); tambi\u00e9n, se construir\u00e1 caseta de cloraci\u00f3n y se implementar\u00e1 sistema de desinfecci\u00f3n y bomba dosificadora de cloro; se pintar\u00e1 el estanque de hormig\u00f3n y se efectuar\u00e1 un cierre perimetral de todo el recinto; as\u00ed tambi\u00e9n, se realizar\u00e1 la detecci\u00f3n de fugas y conservaciones de \u00e9stas mediante restituci\u00f3n de tuber\u00edas en una longitud de 1000 metros o cambio de trazado, y la reposici\u00f3n de 100 arranques domiciliarios, beneficiando con todas estas obras a 571 familias\u201d.<\/p>\n<p style=\"text-align: justify;\">En tanto, en Puerto Ra\u00fal Mar\u00edn Balmaceda con una inversi\u00f3n de $891 millones y un plazo de ejecuci\u00f3n de ocho meses, estas obras beneficiar\u00e1n a 216 familias, mediante la ejecuci\u00f3n del mejoramiento de interconexiones hidr\u00e1ulicas en captaci\u00f3n principal del servicio; la reposici\u00f3n de la caseta de filtraci\u00f3n y caseta de cloraci\u00f3n que incluye normalizaci\u00f3n el\u00e9ctrica; la reposici\u00f3n del segundo estanque met\u00e1lico elevado de 15 metros de altura y volumen de 100 m3, junto con la reposici\u00f3n de 1.000 m de red matriz y 120 arranques domiciliarios.<\/p>\n<\/div><\/section><\/div><div  style='height:50px' class='hr hr-invisible   avia-builder-el-6  el_after_av_one_full  el_before_av_social_share '><span class='hr-inner ' ><span class='hr-inner-style'><\/span><\/span><\/div><\/p>\n<div  class='av-social-sharing-box  avia-builder-el-7  el_after_av_hr  el_before_av_hr  '><div class='av-share-box'><h5 class='av-share-link-description av-no-toc '>Compartir esta noticia<\/h5><ul class='av-share-box-list noLightbox'><li class='av-share-link av-social-link-facebook' ><a target=\"_blank\" aria-label=\"Compartir en Facebook\" href='https:\/\/www.facebook.com\/sharer.php?u=https:\/\/radiorevelacionfm.cl\/?p=42217&#038;t=787%20familias%20contar%C3%A1n%20con%20mejores%20condiciones%20de%20abastecimiento%20de%20agua%20potable%20en%20Melinka%20y%20Ra%C3%BAl%20Mar%C3%ADn%20Balmaceda' aria-hidden='false' data-av_icon='\ue8f3' data-av_iconfont='entypo-fontello' title='' data-avia-related-tooltip='Compartir en Facebook' rel=\"noopener\"><span class='avia_hidden_link_text'>Compartir en Facebook<\/span><\/a><\/li><li class='av-share-link av-social-link-twitter' ><a target=\"_blank\" aria-label=\"Compartir en Twitter\" href='https:\/\/twitter.com\/share?text=787%20familias%20contar%C3%A1n%20con%20mejores%20condiciones%20de%20abastecimiento%20de%20agua%20potable%20en%20Melinka%20y%20Ra%C3%BAl%20Mar%C3%ADn%20Balmaceda&#038;url=https:\/\/radiorevelacionfm.cl\/?p=42217' aria-hidden='false' data-av_icon='\ue8f1' data-av_iconfont='entypo-fontello' title='' data-avia-related-tooltip='Compartir en Twitter' rel=\"noopener\"><span class='avia_hidden_link_text'>Compartir en Twitter<\/span><\/a><\/li><li class='av-share-link av-social-link-whatsapp' ><a target=\"_blank\" aria-label=\"Compartir en Whatsapp\" href='https:\/\/api.whatsapp.com\/send?text=https:\/\/radiorevelacionfm.cl\/?p=42217' aria-hidden='false' data-av_icon='\uf232' data-av_iconfont='entypo-fontello' title='' data-avia-related-tooltip='Compartir en Whatsapp' rel=\"noopener\"><span class='avia_hidden_link_text'>Compartir en Whatsapp<\/span><\/a><\/li><li class='av-share-link av-social-link-linkedin' ><a target=\"_blank\" aria-label=\"Compartir en LinkedIn\" href='https:\/\/linkedin.com\/shareArticle?mini=true&#038;title=787%20familias%20contar%C3%A1n%20con%20mejores%20condiciones%20de%20abastecimiento%20de%20agua%20potable%20en%20Melinka%20y%20Ra%C3%BAl%20Mar%C3%ADn%20Balmaceda&#038;url=https:\/\/radiorevelacionfm.cl\/?p=42217' aria-hidden='false' data-av_icon='\ue8fc' data-av_iconfont='entypo-fontello' title='' data-avia-related-tooltip='Compartir en LinkedIn' rel=\"noopener\"><span class='avia_hidden_link_text'>Compartir en LinkedIn<\/span><\/a><\/li><li class='av-share-link av-social-link-mail' ><a  aria-label=\"Compartir por correo\" href='mailto:?subject=787%20familias%20contar%C3%A1n%20con%20mejores%20condiciones%20de%20abastecimiento%20de%20agua%20potable%20en%20Melinka%20y%20Ra%C3%BAl%20Mar%C3%ADn%20Balmaceda&#038;body=https:\/\/radiorevelacionfm.cl\/?p=42217' aria-hidden='false' data-av_icon='\ue805' data-av_iconfont='entypo-fontello' title='' data-avia-related-tooltip='Compartir por correo'><span class='avia_hidden_link_text'>Compartir por correo<\/span><\/a><\/li><\/ul><\/div><\/div>\n<div  style='height:50px' class='hr hr-invisible   avia-builder-el-8  el_after_av_social_share  el_before_av_comments_list '><span class='hr-inner ' ><span class='hr-inner-style'><\/span><\/span><\/div>\n<div  class='av-buildercomment  av-blog-meta-html-info-disabled av-blog-meta-tag-disabled  '><\/div>\n","protected":false},"excerpt":{"rendered":"","protected":false},"author":1,"featured_media":42218,"comment_status":"open","ping_status":"open","sticky":false,"template":"","format":"standard","meta":{"footnotes":""},"categories":[38],"tags":[],"class_list":["post-42217","post","type-post","status-publish","format-standard","has-post-thumbnail","hentry","category-regional"],"jetpack_featured_media_url":"https:\/\/radiorevelacionfm.cl\/wp-content\/uploads\/2024\/05\/melinka-ssr-1_optimized.jpg","_links":{"self":[{"href":"https:\/\/radiorevelacionfm.cl\/index.php?rest_route=\/wp\/v2\/posts\/42217","targetHints":{"allow":["GET"]}}],"collection":[{"href":"https:\/\/radiorevelacionfm.cl\/index.php?rest_route=\/wp\/v2\/posts"}],"about":[{"href":"https:\/\/radiorevelacionfm.cl\/index.php?rest_route=\/wp\/v2\/types\/post"}],"author":[{"embeddable":true,"href":"https:\/\/radiorevelacionfm.cl\/index.php?rest_route=\/wp\/v2\/users\/1"}],"replies":[{"embeddable":true,"href":"https:\/\/radiorevelacionfm.cl\/index.php?rest_route=%2Fwp%2Fv2%2Fcomments&post=42217"}],"version-history":[{"count":1,"href":"https:\/\/radiorevelacionfm.cl\/index.php?rest_route=\/wp\/v2\/posts\/42217\/revisions"}],"predecessor-version":[{"id":42219,"href":"https:\/\/radiorevelacionfm.cl\/index.php?rest_route=\/wp\/v2\/posts\/42217\/revisions\/42219"}],"wp:featuredmedia":[{"embeddable":true,"href":"https:\/\/radiorevelacionfm.cl\/index.php?rest_route=\/wp\/v2\/media\/42218"}],"wp:attachment":[{"href":"https:\/\/radiorevelacionfm.cl\/index.php?rest_route=%2Fwp%2Fv2%2Fmedia&parent=42217"}],"wp:term":[{"taxonomy":"category","embeddable":true,"href":"https:\/\/radiorevelacionfm.cl\/index.php?rest_route=%2Fwp%2Fv2%2Fcategories&post=42217"},{"taxonomy":"post_tag","embeddable":true,"href":"https:\/\/radiorevelacionfm.cl\/index.php?rest_route=%2Fwp%2Fv2%2Ftags&post=42217"}],"curies":[{"name":"wp","href":"https:\/\/api.w.org\/{rel}","templated":true}]}}