{"id":4220,"date":"2021-05-17T18:32:26","date_gmt":"2021-05-17T21:32:26","guid":{"rendered":"https:\/\/radiorevelacionfm.cl\/?p=4220"},"modified":"2021-05-17T18:32:26","modified_gmt":"2021-05-17T21:32:26","slug":"sandoval-y-resultados-electorales-del-fin-de-semana-ha-sido-un-duro-golpe-para-el-sector-en-general-para-la-politica-tradicional","status":"publish","type":"post","link":"https:\/\/radiorevelacionfm.cl\/?p=4220","title":{"rendered":"Sandoval y resultados electorales del fin de semana \u201cHa sido un duro golpe para el sector, en general para la pol\u00edtica tradicional\u201d"},"content":{"rendered":"<div class=\"flex_column av_one_full  flex_column_div av-zero-column-padding first  avia-builder-el-0  el_before_av_one_full  avia-builder-el-first  \" style='border-radius:0px; '><div  class='avia-image-container  av-styling-    avia-builder-el-1  avia-builder-el-no-sibling  avia-align-center '  itemprop=\"image\" itemscope=\"itemscope\" itemtype=\"https:\/\/schema.org\/ImageObject\"  ><div class='avia-image-container-inner'><div class='avia-image-overlay-wrap'><img decoding=\"async\" class='wp-image-4221 avia-img-lazy-loading-not-4221 avia_image' src=\"https:\/\/radiorevelacionfm.cl\/wp-content\/uploads\/2021\/05\/Senador-Sandoval-l2.jpg\" alt='' title='Senador Sandoval-l2' height=\"600\" width=\"899\"  itemprop=\"thumbnailUrl\" srcset=\"https:\/\/radiorevelacionfm.cl\/wp-content\/uploads\/2021\/05\/Senador-Sandoval-l2.jpg 899w, https:\/\/radiorevelacionfm.cl\/wp-content\/uploads\/2021\/05\/Senador-Sandoval-l2-300x200.jpg 300w, https:\/\/radiorevelacionfm.cl\/wp-content\/uploads\/2021\/05\/Senador-Sandoval-l2-768x513.jpg 768w, https:\/\/radiorevelacionfm.cl\/wp-content\/uploads\/2021\/05\/Senador-Sandoval-l2-705x471.jpg 705w, https:\/\/radiorevelacionfm.cl\/wp-content\/uploads\/2021\/05\/Senador-Sandoval-l2-600x400.jpg 600w\" sizes=\"(max-width: 899px) 100vw, 899px\" \/><\/div><\/div><\/div><\/div><div class=\"flex_column av_one_full  flex_column_div av-zero-column-padding first  avia-builder-el-2  el_after_av_one_full  el_before_av_one_full  column-top-margin\" style='border-radius:0px; '><section class=\"av_textblock_section \"  itemscope=\"itemscope\" itemtype=\"https:\/\/schema.org\/BlogPosting\" itemprop=\"blogPost\" ><div class='avia_textblock  '   itemprop=\"text\" ><p style=\"text-align: center;\"><strong><span style=\"font-size: 18pt;\">Sandoval y resultados electorales del fin de semana \u201cHa sido un duro golpe para el sector, en general para la pol\u00edtica tradicional\u201d<\/span><\/strong><\/p>\n<div id=\"gtx-trans\" style=\"position: absolute; left: -50px; top: 4.31534px;\">\n<div class=\"gtx-trans-icon\"><\/div>\n<\/div>\n<\/div><\/section><\/div><div class=\"flex_column av_one_full  flex_column_div av-zero-column-padding first  avia-builder-el-4  el_after_av_one_full  el_before_av_hr  column-top-margin\" style='border-radius:0px; '><section class=\"av_textblock_section \"  itemscope=\"itemscope\" itemtype=\"https:\/\/schema.org\/BlogPosting\" itemprop=\"blogPost\" ><div class='avia_textblock  '   itemprop=\"text\" ><p style=\"text-align: justify;\">A nivel regional, el parlamentario y el presidente de la UDI en Ays\u00e9n, destacaron la reelecci\u00f3n de los alcaldes de R\u00edo Ib\u00e1\u00f1ez y Lago Verde, as\u00ed como el resultado obtenido en materia de concejales, donde la UDI eligi\u00f3 a 16 representantes en 9 de las 10 comunas de la regi\u00f3n.<\/p>\n<p style=\"text-align: justify;\">\u201cSin duda ha sido un duro golpe para el sector, en general para la pol\u00edtica tradicional\u201d. As\u00ed lo se\u00f1al\u00f3 el senador David Sandoval Plaza, al referirse a los resultados del fin de semana en materia electoral.<\/p>\n<p style=\"text-align: justify;\">Sandoval se\u00f1al\u00f3 que esto habla de la necesidad de un cambio de enfoque y una nueva forma de hacer las cosas, por lo cual considera que se abre un escenario pol\u00edtico, electoral y de liderazgos donde \u201chay que pensar cu\u00e1les van a ser los caminos y c\u00f3mo se van a ir construyendo hacia delante\u201d.<\/p>\n<p style=\"text-align: justify;\">En esa l\u00ednea, indic\u00f3 que la regi\u00f3n de Ays\u00e9n no estuvo exenta de esa realidad, lamentando la p\u00e9rdida del municipio de Ays\u00e9n y no haber obtenido el triunfo en Chile Chico. \u201cLa p\u00e9rdida de espacios para nosotros realmente ha sido significativo en el tema de alcaldes, donde no logramos mantener la municipalidad de Ays\u00e9n ni ganar en Chile Chico. As\u00ed es la democracia y como tal hay que asumirla y asumir las lecciones que ello nos impone\u201d, afirm\u00f3.<\/p>\n<p style=\"text-align: justify;\">En especial, el legislador dijo lamentar profundamente la situaci\u00f3n de Puerto Ays\u00e9n, \u201cdonde el alcalde Luis Mart\u00ednez se hab\u00eda esmerado por llevar adelante ese proceso de cambio, de transformaci\u00f3n y participaci\u00f3n, pero es la gente la que decide y eso hay que asumirlo\u201d.<\/p>\n<p style=\"text-align: justify;\">Por otro lado, felicit\u00f3 la reelecci\u00f3n de los alcaldes de Lago Verde, Nelson Opazo, y de R\u00edo Ib\u00e1\u00f1ez, Marcelo Santana, quien obtuvo la primera mayor\u00eda regional, valorando de paso el importante resultado en materia de concejales, donde la UDI logr\u00f3 elegir 16 representantes en 9 de las 10 comunas de la regi\u00f3n. \u201cLes deseamos a ellos un augurio de mucho trabajo, vamos a procurar acompa\u00f1arlos en este desaf\u00edo; muchos de ellos son nuevos y tienen toda la energ\u00eda para llevar adelante este proceso con una din\u00e1mica diferente.<\/p>\n<p style=\"text-align: justify;\">Para el parlamentario hoy hay una realidad pol\u00edtica diferente, una realidad electoral que se manifest\u00f3 macizamente a nivel nacional, de lo cual tanto el sector como la propia UDI tiene que sacar sus conclusiones. \u201cEntendemos que aqu\u00ed hay responsabilidades colectivas e individuales y ser\u00e1n parte de los an\u00e1lisis que tendremos que realizar\u201d, recalc\u00f3<\/p>\n<p style=\"text-align: justify;\">Asimismo, respecto de la participaci\u00f3n en el proceso electoral, Sandoval destac\u00f3 \u201cla conducta c\u00edvica\u201d de la comunidad regional, reiterando sus felicitaciones a todas las autoridades electas de la regi\u00f3n de Ays\u00e9n.<\/p>\n<p style=\"text-align: justify;\"><strong>Presidente regional de la UDI<\/strong><\/p>\n<p style=\"text-align: justify;\">En tanto, el presidente regional de la UDI, Patricio Ulloa Georgia, junto con agradecer y reconocer el trabajo de los candidatos que el partido puso a disposici\u00f3n de la comunidad, valor\u00f3 especialmente los resultados de los alcaldes Nelson Opazo en Lago Verde, y Marcelo Santana, en R\u00edo Ib\u00e1\u00f1ez, valorando sus principales caracter\u00edsticas para lograr mantener en el sill\u00f3n municipal, adem\u00e1s de reiterar la importancia de que la UDI cuente con 16 concejales electos a nivel regional.<\/p>\n<p style=\"text-align: justify;\">Finalmente, Ulloa dijo: \u201cIndicarle a la comunidad regional, que vamos a seguir trabajando fuertemente para lograr la unidad de la coalici\u00f3n y trabajar fuertemente con nuestras comunidades, para que tengamos mejor desarrollo y calidad de vida en nuestra regi\u00f3n de Ays\u00e9n y en cada uno de los rincones de nuestro territorio\u201d, subray\u00f3<\/p>\n<\/div><\/section><\/div><div  style='height:50px' class='hr hr-invisible   avia-builder-el-6  el_after_av_one_full  el_before_av_social_share '><span class='hr-inner ' ><span class='hr-inner-style'><\/span><\/span><\/div><\/p>\n<div  class='av-social-sharing-box  avia-builder-el-7  el_after_av_hr  el_before_av_hr  '><div class='av-share-box'><h5 class='av-share-link-description av-no-toc '>Compartir esta noticia<\/h5><ul class='av-share-box-list noLightbox'><li class='av-share-link av-social-link-facebook' ><a target=\"_blank\" aria-label=\"Compartir en Facebook\" href='https:\/\/www.facebook.com\/sharer.php?u=https:\/\/radiorevelacionfm.cl\/?p=4220&#038;t=Sandoval%20y%20resultados%20electorales%20del%20fin%20de%20semana%20%E2%80%9CHa%20sido%20un%20duro%20golpe%20para%20el%20sector%2C%20en%20general%20para%20la%20pol%C3%ADtica%20tradicional%E2%80%9D' aria-hidden='false' data-av_icon='\ue8f3' data-av_iconfont='entypo-fontello' title='' data-avia-related-tooltip='Compartir en Facebook' rel=\"noopener\"><span class='avia_hidden_link_text'>Compartir en Facebook<\/span><\/a><\/li><li class='av-share-link av-social-link-twitter' ><a target=\"_blank\" aria-label=\"Compartir en Twitter\" href='https:\/\/twitter.com\/share?text=Sandoval%20y%20resultados%20electorales%20del%20fin%20de%20semana%20%E2%80%9CHa%20sido%20un%20duro%20golpe%20para%20el%20sector%2C%20en%20general%20para%20la%20pol%C3%ADtica%20tradicional%E2%80%9D&#038;url=https:\/\/radiorevelacionfm.cl\/?p=4220' aria-hidden='false' data-av_icon='\ue8f1' data-av_iconfont='entypo-fontello' title='' data-avia-related-tooltip='Compartir en Twitter' rel=\"noopener\"><span class='avia_hidden_link_text'>Compartir en Twitter<\/span><\/a><\/li><li class='av-share-link av-social-link-whatsapp' ><a target=\"_blank\" aria-label=\"Compartir en Whatsapp\" href='https:\/\/api.whatsapp.com\/send?text=https:\/\/radiorevelacionfm.cl\/?p=4220' aria-hidden='false' data-av_icon='\uf232' data-av_iconfont='entypo-fontello' title='' data-avia-related-tooltip='Compartir en Whatsapp' rel=\"noopener\"><span class='avia_hidden_link_text'>Compartir en Whatsapp<\/span><\/a><\/li><li class='av-share-link av-social-link-linkedin' ><a target=\"_blank\" aria-label=\"Compartir en LinkedIn\" href='https:\/\/linkedin.com\/shareArticle?mini=true&#038;title=Sandoval%20y%20resultados%20electorales%20del%20fin%20de%20semana%20%E2%80%9CHa%20sido%20un%20duro%20golpe%20para%20el%20sector%2C%20en%20general%20para%20la%20pol%C3%ADtica%20tradicional%E2%80%9D&#038;url=https:\/\/radiorevelacionfm.cl\/?p=4220' aria-hidden='false' data-av_icon='\ue8fc' data-av_iconfont='entypo-fontello' title='' data-avia-related-tooltip='Compartir en LinkedIn' rel=\"noopener\"><span class='avia_hidden_link_text'>Compartir en LinkedIn<\/span><\/a><\/li><li class='av-share-link av-social-link-mail' ><a  aria-label=\"Compartir por correo\" href='mailto:?subject=Sandoval%20y%20resultados%20electorales%20del%20fin%20de%20semana%20%E2%80%9CHa%20sido%20un%20duro%20golpe%20para%20el%20sector%2C%20en%20general%20para%20la%20pol%C3%ADtica%20tradicional%E2%80%9D&#038;body=https:\/\/radiorevelacionfm.cl\/?p=4220' aria-hidden='false' data-av_icon='\ue805' data-av_iconfont='entypo-fontello' title='' data-avia-related-tooltip='Compartir por correo'><span class='avia_hidden_link_text'>Compartir por correo<\/span><\/a><\/li><\/ul><\/div><\/div>\n<div  style='height:50px' class='hr hr-invisible   avia-builder-el-8  el_after_av_social_share  el_before_av_comments_list '><span class='hr-inner ' ><span class='hr-inner-style'><\/span><\/span><\/div>\n<div  class='av-buildercomment  av-blog-meta-html-info-disabled av-blog-meta-tag-disabled  '><\/div>\n","protected":false},"excerpt":{"rendered":"","protected":false},"author":1,"featured_media":4221,"comment_status":"open","ping_status":"open","sticky":false,"template":"","format":"standard","meta":{"footnotes":""},"categories":[35],"tags":[],"class_list":["post-4220","post","type-post","status-publish","format-standard","has-post-thumbnail","hentry","category-politica"],"jetpack_featured_media_url":"https:\/\/radiorevelacionfm.cl\/wp-content\/uploads\/2021\/05\/Senador-Sandoval-l2.jpg","_links":{"self":[{"href":"https:\/\/radiorevelacionfm.cl\/index.php?rest_route=\/wp\/v2\/posts\/4220","targetHints":{"allow":["GET"]}}],"collection":[{"href":"https:\/\/radiorevelacionfm.cl\/index.php?rest_route=\/wp\/v2\/posts"}],"about":[{"href":"https:\/\/radiorevelacionfm.cl\/index.php?rest_route=\/wp\/v2\/types\/post"}],"author":[{"embeddable":true,"href":"https:\/\/radiorevelacionfm.cl\/index.php?rest_route=\/wp\/v2\/users\/1"}],"replies":[{"embeddable":true,"href":"https:\/\/radiorevelacionfm.cl\/index.php?rest_route=%2Fwp%2Fv2%2Fcomments&post=4220"}],"version-history":[{"count":1,"href":"https:\/\/radiorevelacionfm.cl\/index.php?rest_route=\/wp\/v2\/posts\/4220\/revisions"}],"predecessor-version":[{"id":4222,"href":"https:\/\/radiorevelacionfm.cl\/index.php?rest_route=\/wp\/v2\/posts\/4220\/revisions\/4222"}],"wp:featuredmedia":[{"embeddable":true,"href":"https:\/\/radiorevelacionfm.cl\/index.php?rest_route=\/wp\/v2\/media\/4221"}],"wp:attachment":[{"href":"https:\/\/radiorevelacionfm.cl\/index.php?rest_route=%2Fwp%2Fv2%2Fmedia&parent=4220"}],"wp:term":[{"taxonomy":"category","embeddable":true,"href":"https:\/\/radiorevelacionfm.cl\/index.php?rest_route=%2Fwp%2Fv2%2Fcategories&post=4220"},{"taxonomy":"post_tag","embeddable":true,"href":"https:\/\/radiorevelacionfm.cl\/index.php?rest_route=%2Fwp%2Fv2%2Ftags&post=4220"}],"curies":[{"name":"wp","href":"https:\/\/api.w.org\/{rel}","templated":true}]}}