{"id":42192,"date":"2024-05-16T12:33:36","date_gmt":"2024-05-16T15:33:36","guid":{"rendered":"https:\/\/radiorevelacionfm.cl\/?p=42192"},"modified":"2024-05-16T12:33:36","modified_gmt":"2024-05-16T15:33:36","slug":"cchc-coyhaique-solicita-al-presidente-boric-priorizar-proyecto-de-inversion-privada-para-la-region","status":"publish","type":"post","link":"https:\/\/radiorevelacionfm.cl\/?p=42192","title":{"rendered":"CChC Coyhaique solicita al Presidente Boric priorizar proyecto de inversi\u00f3n privada para la regi\u00f3n"},"content":{"rendered":"<div class=\"flex_column av_one_full  flex_column_div av-zero-column-padding first  avia-builder-el-0  el_before_av_one_full  avia-builder-el-first  \" style='border-radius:0px; '><div  class='avia-image-container  av-styling-    avia-builder-el-1  avia-builder-el-no-sibling  avia-align-center '  itemprop=\"image\" itemscope=\"itemscope\" itemtype=\"https:\/\/schema.org\/ImageObject\"  ><div class='avia-image-container-inner'><div class='avia-image-overlay-wrap'><img decoding=\"async\" class='wp-image-42193 avia-img-lazy-loading-not-42193 avia_image' src=\"https:\/\/radiorevelacionfm.cl\/wp-content\/uploads\/2024\/05\/Foto-1-46-1-1.jpg\" alt='' title='Foto 1 (46) (1) (1)' height=\"600\" width=\"908\"  itemprop=\"thumbnailUrl\" srcset=\"https:\/\/radiorevelacionfm.cl\/wp-content\/uploads\/2024\/05\/Foto-1-46-1-1.jpg 908w, https:\/\/radiorevelacionfm.cl\/wp-content\/uploads\/2024\/05\/Foto-1-46-1-1-300x198.jpg 300w, https:\/\/radiorevelacionfm.cl\/wp-content\/uploads\/2024\/05\/Foto-1-46-1-1-768x507.jpg 768w, https:\/\/radiorevelacionfm.cl\/wp-content\/uploads\/2024\/05\/Foto-1-46-1-1-705x466.jpg 705w, https:\/\/radiorevelacionfm.cl\/wp-content\/uploads\/2024\/05\/Foto-1-46-1-1-450x297.jpg 450w, https:\/\/radiorevelacionfm.cl\/wp-content\/uploads\/2024\/05\/Foto-1-46-1-1-600x396.jpg 600w\" sizes=\"(max-width: 908px) 100vw, 908px\" \/><\/div><\/div><\/div><\/div><div class=\"flex_column av_one_full  flex_column_div av-zero-column-padding first  avia-builder-el-2  el_after_av_one_full  el_before_av_one_full  column-top-margin\" style='border-radius:0px; '><section class=\"av_textblock_section \"  itemscope=\"itemscope\" itemtype=\"https:\/\/schema.org\/BlogPosting\" itemprop=\"blogPost\" ><div class='avia_textblock  '   itemprop=\"text\" ><p style=\"text-align: center;\"><strong><span style=\"font-size: 18pt;\">CChC Coyhaique solicita al Presidente Boric priorizar proyecto de inversi\u00f3n privada para la regi\u00f3n<\/span><\/strong><\/p>\n<div id=\"gtx-trans\" style=\"position: absolute; left: -50px; top: 4.31534px;\">\n<div class=\"gtx-trans-icon\"><\/div>\n<\/div>\n<\/div><\/section><\/div><div class=\"flex_column av_one_full  flex_column_div av-zero-column-padding first  avia-builder-el-4  el_after_av_one_full  el_before_av_hr  column-top-margin\" style='border-radius:0px; '><section class=\"av_textblock_section \"  itemscope=\"itemscope\" itemtype=\"https:\/\/schema.org\/BlogPosting\" itemprop=\"blogPost\" ><div class='avia_textblock  '   itemprop=\"text\" ><p style=\"text-align: justify;\"><em>Las sedes regionales de la CChC en todo el pa\u00eds seleccionaron 21 proyectos, que, de acuerdo a los an\u00e1lisis del gremio, requiere un impulso del Estado para entregar mejores condiciones de vida a los habitantes del territorio. <\/em><\/p>\n<p style=\"text-align: justify;\">Este martes 14 de mayo se dio inicio en Santiago, a la semana de la construcci\u00f3n, instancia coordinada por la C\u00e1mara Chilena de la Construcci\u00f3n que busca generar un di\u00e1logo en torno a los desaf\u00edos del sector y c\u00f3mo potenciar el crecimiento en materias tales como: infraestructura, vial, seguridad, vivienda y energ\u00eda, entre otros.<\/p>\n<p style=\"text-align: justify;\">Esta instancia comenz\u00f3 con un encuentro con el Presidente de la Rep\u00fablica Gabriel Boric, a quien el presidente nacional de la C\u00e1mara Chilena de la Construcci\u00f3n, Juan Armando Vicu\u00f1a, present\u00f3 21 iniciativas que requieren de un impulso del Estado para avanzar.<\/p>\n<p style=\"text-align: justify;\">En el caso de Coyhaique, la C\u00e1mara Chilena de la Construcci\u00f3n, a trav\u00e9s de su presidenta regional Alejandra Alert, prioriz\u00f3 el \u201cProyecto E\u00f3lico Alto Baguales\u201d, de la Empresa El\u00e9ctrica de Ays\u00e9n, que contempla la ampliaci\u00f3n del parque ya existente, pasando de dos aerogeneradores a un total de 10, de los cuales ocho ser\u00e1n completamente nuevos y complementado con un banco de bater\u00edas de 22 MWh.<\/p>\n<p style=\"text-align: justify;\">\u00bfPor qu\u00e9 se seleccion\u00f3 esta iniciativa?, es lo que explic\u00f3 Alejandra Alert, \u201cEste proyecto permite cambiar estructuralmente las condiciones de nuestra regi\u00f3n, favoreciendo la generaci\u00f3n de energ\u00eda con tecnolog\u00edas limpias, adem\u00e1s se impulsa la inversi\u00f3n privada para equiparar la entrega de recursos por parte del sector p\u00fablico y finalmente, porque permitir\u00e1 mantener el costo de las tarifas de energ\u00eda el\u00e9ctrica en los sistemas medianos de Ays\u00e9n, especialmente en el segmento del comercio y la industria, lo que sin duda es un beneficio\u201d, explic\u00f3 la dirigente gremial.<\/p>\n<p style=\"text-align: justify;\"><u>Estado del proyecto<\/u><\/p>\n<p style=\"text-align: justify;\">El proyecto \u201cAmpliaci\u00f3n Parque E\u00f3lico Baguales\u201d contempla una inversi\u00f3n total de 45 millones de d\u00f3lares.<\/p>\n<p style=\"text-align: justify;\">Respecto de su tramitaci\u00f3n, el a\u00f1o 2021 ingres\u00f3 su Declaraci\u00f3n de Impacto Ambiental, la que fue aprobada en junio de 2023, obteniendo una RCA (Resoluci\u00f3n de Calificaci\u00f3n Ambiental) favorable.<\/p>\n<p style=\"text-align: justify;\">El apoyo del Estado es fundamental para agilizar los procesos en esta y otras iniciativas, lo que va de la mano con la tramitaci\u00f3n del proyecto de ley marco de permisos sectoriales que se tramita en la C\u00e1mara de Diputados.<\/p>\n<p style=\"text-align: justify;\">El detalle de los proyectos que necesitan respaldo estatal, fue planteado por el presidente nacional de la CChC en el discurso inaugural de la Semana de la Construcci\u00f3n.<\/p>\n<p style=\"text-align: justify;\">\u201cCon esto se busca promover que Coyhaique deje de ser una de las ciudades con los \u00edndices m\u00e1s altos de contaminaci\u00f3n de toda Am\u00e9rica Latina, de modo de ofrecer una alternativa limpia y competitiva al uso de le\u00f1a h\u00fameda como combustible\u201d, indic\u00f3 Juan Armando Vicu\u00f1a.<\/p>\n<p style=\"text-align: justify;\">Edelaysen mantiene la ejecuci\u00f3n del proyecto de ampliaci\u00f3n del parque, estando en proceso la licitaci\u00f3n de los ocho aerogeneradores proyectados en esta iniciativa que tiene una vida \u00fatil de 30 a\u00f1os, esto mientras en paralelo se ejecutar\u00e1n las obras civiles y el\u00e9ctricas; as\u00ed como un plan de relacionamiento con vecinos y autoridades para comentar los beneficios que su puesta en marcha tendr\u00e1 para la regi\u00f3n.<\/p>\n<\/div><\/section><\/div><div  style='height:50px' class='hr hr-invisible   avia-builder-el-6  el_after_av_one_full  el_before_av_social_share '><span class='hr-inner ' ><span class='hr-inner-style'><\/span><\/span><\/div><\/p>\n<div  class='av-social-sharing-box  avia-builder-el-7  el_after_av_hr  el_before_av_hr  '><div class='av-share-box'><h5 class='av-share-link-description av-no-toc '>Compartir esta noticia<\/h5><ul class='av-share-box-list noLightbox'><li class='av-share-link av-social-link-facebook' ><a target=\"_blank\" aria-label=\"Compartir en Facebook\" href='https:\/\/www.facebook.com\/sharer.php?u=https:\/\/radiorevelacionfm.cl\/?p=42192&#038;t=CChC%20Coyhaique%20solicita%20al%20Presidente%20Boric%20priorizar%20proyecto%20de%20inversi%C3%B3n%20privada%20para%20la%20regi%C3%B3n' aria-hidden='false' data-av_icon='\ue8f3' data-av_iconfont='entypo-fontello' title='' data-avia-related-tooltip='Compartir en Facebook' rel=\"noopener\"><span class='avia_hidden_link_text'>Compartir en Facebook<\/span><\/a><\/li><li class='av-share-link av-social-link-twitter' ><a target=\"_blank\" aria-label=\"Compartir en Twitter\" href='https:\/\/twitter.com\/share?text=CChC%20Coyhaique%20solicita%20al%20Presidente%20Boric%20priorizar%20proyecto%20de%20inversi%C3%B3n%20privada%20para%20la%20regi%C3%B3n&#038;url=https:\/\/radiorevelacionfm.cl\/?p=42192' aria-hidden='false' data-av_icon='\ue8f1' data-av_iconfont='entypo-fontello' title='' data-avia-related-tooltip='Compartir en Twitter' rel=\"noopener\"><span class='avia_hidden_link_text'>Compartir en Twitter<\/span><\/a><\/li><li class='av-share-link av-social-link-whatsapp' ><a target=\"_blank\" aria-label=\"Compartir en Whatsapp\" href='https:\/\/api.whatsapp.com\/send?text=https:\/\/radiorevelacionfm.cl\/?p=42192' aria-hidden='false' data-av_icon='\uf232' data-av_iconfont='entypo-fontello' title='' data-avia-related-tooltip='Compartir en Whatsapp' rel=\"noopener\"><span class='avia_hidden_link_text'>Compartir en Whatsapp<\/span><\/a><\/li><li class='av-share-link av-social-link-linkedin' ><a target=\"_blank\" aria-label=\"Compartir en LinkedIn\" href='https:\/\/linkedin.com\/shareArticle?mini=true&#038;title=CChC%20Coyhaique%20solicita%20al%20Presidente%20Boric%20priorizar%20proyecto%20de%20inversi%C3%B3n%20privada%20para%20la%20regi%C3%B3n&#038;url=https:\/\/radiorevelacionfm.cl\/?p=42192' aria-hidden='false' data-av_icon='\ue8fc' data-av_iconfont='entypo-fontello' title='' data-avia-related-tooltip='Compartir en LinkedIn' rel=\"noopener\"><span class='avia_hidden_link_text'>Compartir en LinkedIn<\/span><\/a><\/li><li class='av-share-link av-social-link-mail' ><a  aria-label=\"Compartir por correo\" href='mailto:?subject=CChC%20Coyhaique%20solicita%20al%20Presidente%20Boric%20priorizar%20proyecto%20de%20inversi%C3%B3n%20privada%20para%20la%20regi%C3%B3n&#038;body=https:\/\/radiorevelacionfm.cl\/?p=42192' aria-hidden='false' data-av_icon='\ue805' data-av_iconfont='entypo-fontello' title='' data-avia-related-tooltip='Compartir por correo'><span class='avia_hidden_link_text'>Compartir por correo<\/span><\/a><\/li><\/ul><\/div><\/div>\n<div  style='height:50px' class='hr hr-invisible   avia-builder-el-8  el_after_av_social_share  el_before_av_comments_list '><span class='hr-inner ' ><span class='hr-inner-style'><\/span><\/span><\/div>\n<div  class='av-buildercomment  av-blog-meta-html-info-disabled av-blog-meta-tag-disabled  '><\/div>\n","protected":false},"excerpt":{"rendered":"","protected":false},"author":1,"featured_media":42193,"comment_status":"open","ping_status":"open","sticky":false,"template":"","format":"standard","meta":{"footnotes":""},"categories":[38],"tags":[],"class_list":["post-42192","post","type-post","status-publish","format-standard","has-post-thumbnail","hentry","category-regional"],"jetpack_featured_media_url":"https:\/\/radiorevelacionfm.cl\/wp-content\/uploads\/2024\/05\/Foto-1-46-1-1.jpg","_links":{"self":[{"href":"https:\/\/radiorevelacionfm.cl\/index.php?rest_route=\/wp\/v2\/posts\/42192","targetHints":{"allow":["GET"]}}],"collection":[{"href":"https:\/\/radiorevelacionfm.cl\/index.php?rest_route=\/wp\/v2\/posts"}],"about":[{"href":"https:\/\/radiorevelacionfm.cl\/index.php?rest_route=\/wp\/v2\/types\/post"}],"author":[{"embeddable":true,"href":"https:\/\/radiorevelacionfm.cl\/index.php?rest_route=\/wp\/v2\/users\/1"}],"replies":[{"embeddable":true,"href":"https:\/\/radiorevelacionfm.cl\/index.php?rest_route=%2Fwp%2Fv2%2Fcomments&post=42192"}],"version-history":[{"count":1,"href":"https:\/\/radiorevelacionfm.cl\/index.php?rest_route=\/wp\/v2\/posts\/42192\/revisions"}],"predecessor-version":[{"id":42194,"href":"https:\/\/radiorevelacionfm.cl\/index.php?rest_route=\/wp\/v2\/posts\/42192\/revisions\/42194"}],"wp:featuredmedia":[{"embeddable":true,"href":"https:\/\/radiorevelacionfm.cl\/index.php?rest_route=\/wp\/v2\/media\/42193"}],"wp:attachment":[{"href":"https:\/\/radiorevelacionfm.cl\/index.php?rest_route=%2Fwp%2Fv2%2Fmedia&parent=42192"}],"wp:term":[{"taxonomy":"category","embeddable":true,"href":"https:\/\/radiorevelacionfm.cl\/index.php?rest_route=%2Fwp%2Fv2%2Fcategories&post=42192"},{"taxonomy":"post_tag","embeddable":true,"href":"https:\/\/radiorevelacionfm.cl\/index.php?rest_route=%2Fwp%2Fv2%2Ftags&post=42192"}],"curies":[{"name":"wp","href":"https:\/\/api.w.org\/{rel}","templated":true}]}}