{"id":42183,"date":"2024-05-14T21:45:41","date_gmt":"2024-05-15T00:45:41","guid":{"rendered":"https:\/\/radiorevelacionfm.cl\/?p=42183"},"modified":"2024-05-14T21:45:41","modified_gmt":"2024-05-15T00:45:41","slug":"implementan-proyecto-de-monitoreo-ambiental-en-lago-riesco","status":"publish","type":"post","link":"https:\/\/radiorevelacionfm.cl\/?p=42183","title":{"rendered":"Implementan proyecto de monitoreo ambiental en Lago Riesco"},"content":{"rendered":"<div class=\"flex_column av_one_full  flex_column_div av-zero-column-padding first  avia-builder-el-0  el_before_av_one_full  avia-builder-el-first  \" style='border-radius:0px; '><div  class='avia-image-container  av-styling-    avia-builder-el-1  avia-builder-el-no-sibling  avia-align-center '  itemprop=\"image\" itemscope=\"itemscope\" itemtype=\"https:\/\/schema.org\/ImageObject\"  ><div class='avia-image-container-inner'><div class='avia-image-overlay-wrap'><img decoding=\"async\" class='wp-image-42184 avia-img-lazy-loading-not-42184 avia_image' src=\"https:\/\/radiorevelacionfm.cl\/wp-content\/uploads\/2024\/05\/fotos-lago-riesco_aysein-25-1-1_optimized-1.jpg\" alt='' title='fotos-lago-riesco_ayse\u00ecn-25-(1)-(1)_optimized (1)' height=\"600\" width=\"1066\"  itemprop=\"thumbnailUrl\" srcset=\"https:\/\/radiorevelacionfm.cl\/wp-content\/uploads\/2024\/05\/fotos-lago-riesco_aysein-25-1-1_optimized-1.jpg 1066w, https:\/\/radiorevelacionfm.cl\/wp-content\/uploads\/2024\/05\/fotos-lago-riesco_aysein-25-1-1_optimized-1-300x169.jpg 300w, https:\/\/radiorevelacionfm.cl\/wp-content\/uploads\/2024\/05\/fotos-lago-riesco_aysein-25-1-1_optimized-1-1030x580.jpg 1030w, https:\/\/radiorevelacionfm.cl\/wp-content\/uploads\/2024\/05\/fotos-lago-riesco_aysein-25-1-1_optimized-1-768x432.jpg 768w, https:\/\/radiorevelacionfm.cl\/wp-content\/uploads\/2024\/05\/fotos-lago-riesco_aysein-25-1-1_optimized-1-705x397.jpg 705w, https:\/\/radiorevelacionfm.cl\/wp-content\/uploads\/2024\/05\/fotos-lago-riesco_aysein-25-1-1_optimized-1-450x253.jpg 450w, https:\/\/radiorevelacionfm.cl\/wp-content\/uploads\/2024\/05\/fotos-lago-riesco_aysein-25-1-1_optimized-1-600x338.jpg 600w\" sizes=\"(max-width: 1066px) 100vw, 1066px\" \/><\/div><\/div><\/div><\/div><div class=\"flex_column av_one_full  flex_column_div av-zero-column-padding first  avia-builder-el-2  el_after_av_one_full  el_before_av_one_full  column-top-margin\" style='border-radius:0px; '><section class=\"av_textblock_section \"  itemscope=\"itemscope\" itemtype=\"https:\/\/schema.org\/BlogPosting\" itemprop=\"blogPost\" ><div class='avia_textblock  '   itemprop=\"text\" ><p style=\"text-align: center;\"><strong><span style=\"font-size: 18pt;\">Implementan proyecto de monitoreo ambiental en Lago Riesco<\/span><\/strong><\/p>\n<div id=\"gtx-trans\" style=\"position: absolute; left: -50px; top: 4.31534px;\">\n<div class=\"gtx-trans-icon\"><\/div>\n<\/div>\n<\/div><\/section><\/div><div class=\"flex_column av_one_full  flex_column_div av-zero-column-padding first  avia-builder-el-4  el_after_av_one_full  el_before_av_hr  column-top-margin\" style='border-radius:0px; '><section class=\"av_textblock_section \"  itemscope=\"itemscope\" itemtype=\"https:\/\/schema.org\/BlogPosting\" itemprop=\"blogPost\" ><div class='avia_textblock  '   itemprop=\"text\" ><p class=\"v1MsoNormal\" style=\"text-align: justify;\"><span lang=\"ES-CL\">El Lago Riesco, situado en la Patagonia chilena, enfrenta desaf\u00edos considerables debido al r\u00e1pido crecimiento urbano y las presiones del cambio clim\u00e1tico. Conscientes de esta realidad, la Fundaci\u00f3n Chile Lagos Limpios, en colaboraci\u00f3n con AquaChile, Innovex, el Centro de Investigaci\u00f3n Ambiental de la Universidad de California Davis en Lake Tahoe y el Centro de Investigaci\u00f3n en Ecosistemas de la Patagonia (CIEP) lanzaron un proyecto de monitoreo en l\u00ednea que busca proteger y preservar este valioso cuerpo de agua.<\/span><\/p>\n<div style=\"text-align: justify;\">\n<p class=\"v1MsoNormal\"><span lang=\"ES-CL\">En un esfuerzo conjunto, estas entidades han instalado una boya de monitoreo que permitir\u00e1 registrar en tiempo real variables relacionadas con la calidad del agua del lago. Este proyecto, que surge tras el t\u00e9rmino de la producci\u00f3n acu\u00edcola en lagos que realiz\u00f3 AquaChile en 2019, es un paso importante para comprender y mitigar los impactos ambientales en el ecosistema del Lago Riesco.<\/span><\/p>\n<p class=\"v1MsoNormal\"><span lang=\"ES-CL\">El programa de monitoreo, respaldado por la experiencia de Innovex en el desarrollo de tecnolog\u00eda para el monitoreo de cuerpos de agua, brindar\u00e1 datos cient\u00edficos fundamentales para la toma de decisiones en materia de conservaci\u00f3n y gesti\u00f3n ambiental.\u00a0\u00a0Patricio Catal\u00e1n, gerente general de la compa\u00f1\u00eda expuso que cuentan con un fuerte compromiso ambiental y esperan generar data que proteja los cuerpos de agua \u00abEste proyecto mantendr\u00e1 una boya con distintos tipos de sensores para usos de la comunidad cient\u00edfica y todo aquel organismo que requiera informaci\u00f3n del lago. En este caso son sensores a 10 profundidades de temperatura, hasta los 150 metros de profundidad. Tendremos sensores de ox\u00edgeno, a superficie y en profundidad, de conductividad, de turbidez, y una estaci\u00f3n meteorol\u00f3gica que mide velocidad, direcci\u00f3n del viento, temperatura del aire, presi\u00f3n atmosf\u00e9rica y humedad relativa\u00bb.<\/span><\/p>\n<p class=\"v1MsoNormal\"><span lang=\"ES-CL\">Tambi\u00e9n se busca crear conciencia en las comunidades de Puerto Ays\u00e9n y Puerto Chacabuco sobre la importancia del lago, la necesidad de conocerlo, cuidarlo, junto con planificar sus usos y medidas de protecci\u00f3n.<\/span><\/p>\n<\/div>\n<p class=\"v1MsoNormal\" style=\"text-align: justify;\"><span lang=\"ES-CL\">En la actividad de lanzamiento participaron diversas autoridades, entre\u00a0las que estuvieron\u00a0el alcalde de Ays\u00e9n, Julio Uribe Alvarado,\u00a0el gerente general de AquaChile, Sady Delgado, el gerente general de Innovex, Patricio Catal\u00e1n, el director ejecutivo del CIEP, Giovani Danneri<\/span><span lang=\"ES\">,\u00a0<\/span><span lang=\"ES-CL\">el director del centro investigaci\u00f3n ambiental de UC Davis en Tahoe, Geoff Schladow, y Fernando Coz, director ejecutivo de Chile Lagos Limpios.<\/span><\/p>\n<p class=\"v1MsoNormal\" style=\"text-align: justify;\"><span lang=\"ES-CL\">Fernando Coz, director ejecutivo de la Fundaci\u00f3n Chile Lagos Limpios,\u00a0afirm\u00f3:\u00a0\u00a0\u00abEl valor de este proyecto de monitoreo que comenzamos en 2021 en el lago Llanquihue y que hoy mediante un trabajo colaborativo extendemos a una nueva zona relevante en cuanto a biodiversidad de nuestro pa\u00eds tiene un valor enorme que permitir\u00e1 levantar informaci\u00f3n con rigor cient\u00edfico y respaldo t\u00e9cnico, nos permitir\u00e1 entender la hidrodin\u00e1mica del lago, el movimiento de contaminantes dentro de este y c\u00f3mo la calidad de agua del lago se ve afectada por distintos usos de suelo en la cuenca y por los efectos del cambio clim\u00e1tico\u00bb.<\/span><\/p>\n<p class=\"v1MsoNormal\" style=\"text-align: justify;\"><span lang=\"ES-CL\">Por su parte, Sady Delgado, gerente general de AquaChile, dijo: \u00abCuando hace cinco a\u00f1os salimos de los lagos de Chile explicamos que en esas concesiones promover\u00edamos la investigaci\u00f3n y es lo que justamente estamos haciendo con esta iniciativa. Este proyecto es un gran paso para entregar informaci\u00f3n cient\u00edfica rigurosa que permita en el futuro a las autoridades tomar decisiones que protejan el lago Riesco\u00bb.<\/span><\/p>\n<p class=\"v1MsoNormal\" style=\"text-align: justify;\"><span lang=\"ES-CL\">Giovani Danneri, director ejecutivo del CIEP, expres\u00f3: \u00abCIEP posee experiencia en la instalaci\u00f3n de boyas de monitoreo de lagos que ha liderado por varios a\u00f1os el Dr. Reid, y esperamos poder aportar con ello a este proyecto, como tambi\u00e9n en las actividades junto a las comunidades de Puerto Chacabuco y Puerto Ays\u00e9n, para poner en valor el ecosistema del Lago Riesco\u00bb.<\/span><\/p>\n<p class=\"v1MsoNormal\" style=\"text-align: justify;\"><span lang=\"ES-CL\">Para el director del centro investigaci\u00f3n ambiental de UC Davis en Tahoe, Geoff Schladow, \u00abel proyecto de Lago Riesco es muy ilusionante, ya que representa una importante ampliaci\u00f3n de la obra que el Centro de Investigaci\u00f3n Ambiental de Tahoe (TERC) de UC Davis y Chile Lagos Limpios ha estado desarrollando en las regiones de Los R\u00edos y Los Lagos. Por primera vez estaremos realizando el monitoreo continuo y en tiempo real de un lago en Ays\u00e9n, una regi\u00f3n \u00fanica de lagos casi pr\u00edstinos. Adem\u00e1s de desarrollar una base cient\u00edfica s\u00f3lida para tener una comprensi\u00f3n del lago para su futura preservaci\u00f3n y gesti\u00f3n, los datos se utilizar\u00e1n en nuestros esfuerzos de educaci\u00f3n p\u00fablica, especialmente con ni\u00f1os en edad escolar, en esta creciente regi\u00f3n\u00bb.<\/span><\/p>\n<div style=\"text-align: justify;\">\n<p class=\"v1MsoNormal\"><span lang=\"ES-CL\">La iniciativa en Lago Riesco se une a la lanzada en 2021 en el Lago Llanquihue, con tres estaciones de monitoreo en l\u00ednea en tiempo real. \u00abEste esfuerzo conjunto ha permitido un exhaustivo seguimiento de m\u00e1s de 25.000 horas de datos, revelando los principales elementos que impactan en la calidad del agua del lago, as\u00ed como el movimiento de contaminantes que ingresan desde zonas urbanas y agr\u00edcolas\u00bb, seg\u00fan detall\u00f3 Coz.<\/span><\/p>\n<p class=\"v1MsoNormal\"><span lang=\"ES-CL\">Adem\u00e1s, se ha identificado la necesidad de tomar medidas espec\u00edficas para proteger la calidad del agua hacia el a\u00f1o 2030, en el marco de la Hoja de Ruta para el desarrollo sostenible del lago Llanquihue. Este enfoque en el monitoreo y la comprensi\u00f3n detallada de los factores que afectan al lago sienta las bases para una gesti\u00f3n ambiental m\u00e1s efectiva y sostenible de nuestros recursos h\u00eddricos, proporcionando una base s\u00f3lida para la toma de decisiones empresariales y gubernamentales.<\/span><\/p>\n<\/div>\n<p class=\"v1MsoNormal\" style=\"text-align: justify;\"><span lang=\"ES-CL\">\u00a0<\/span><\/p>\n<\/div><\/section><\/div><div  style='height:50px' class='hr hr-invisible   avia-builder-el-6  el_after_av_one_full  el_before_av_social_share '><span class='hr-inner ' ><span class='hr-inner-style'><\/span><\/span><\/div><\/p>\n<div  class='av-social-sharing-box  avia-builder-el-7  el_after_av_hr  el_before_av_hr  '><div class='av-share-box'><h5 class='av-share-link-description av-no-toc '>Compartir esta noticia<\/h5><ul class='av-share-box-list noLightbox'><li class='av-share-link av-social-link-facebook' ><a target=\"_blank\" aria-label=\"Compartir en Facebook\" href='https:\/\/www.facebook.com\/sharer.php?u=https:\/\/radiorevelacionfm.cl\/?p=42183&#038;t=Implementan%20proyecto%20de%20monitoreo%20ambiental%20en%20Lago%20Riesco' aria-hidden='false' data-av_icon='\ue8f3' data-av_iconfont='entypo-fontello' title='' data-avia-related-tooltip='Compartir en Facebook' rel=\"noopener\"><span class='avia_hidden_link_text'>Compartir en Facebook<\/span><\/a><\/li><li class='av-share-link av-social-link-twitter' ><a target=\"_blank\" aria-label=\"Compartir en Twitter\" href='https:\/\/twitter.com\/share?text=Implementan%20proyecto%20de%20monitoreo%20ambiental%20en%20Lago%20Riesco&#038;url=https:\/\/radiorevelacionfm.cl\/?p=42183' aria-hidden='false' data-av_icon='\ue8f1' data-av_iconfont='entypo-fontello' title='' data-avia-related-tooltip='Compartir en Twitter' rel=\"noopener\"><span class='avia_hidden_link_text'>Compartir en Twitter<\/span><\/a><\/li><li class='av-share-link av-social-link-whatsapp' ><a target=\"_blank\" aria-label=\"Compartir en Whatsapp\" href='https:\/\/api.whatsapp.com\/send?text=https:\/\/radiorevelacionfm.cl\/?p=42183' aria-hidden='false' data-av_icon='\uf232' data-av_iconfont='entypo-fontello' title='' data-avia-related-tooltip='Compartir en Whatsapp' rel=\"noopener\"><span class='avia_hidden_link_text'>Compartir en Whatsapp<\/span><\/a><\/li><li class='av-share-link av-social-link-linkedin' ><a target=\"_blank\" aria-label=\"Compartir en LinkedIn\" href='https:\/\/linkedin.com\/shareArticle?mini=true&#038;title=Implementan%20proyecto%20de%20monitoreo%20ambiental%20en%20Lago%20Riesco&#038;url=https:\/\/radiorevelacionfm.cl\/?p=42183' aria-hidden='false' data-av_icon='\ue8fc' data-av_iconfont='entypo-fontello' title='' data-avia-related-tooltip='Compartir en LinkedIn' rel=\"noopener\"><span class='avia_hidden_link_text'>Compartir en LinkedIn<\/span><\/a><\/li><li class='av-share-link av-social-link-mail' ><a  aria-label=\"Compartir por correo\" href='mailto:?subject=Implementan%20proyecto%20de%20monitoreo%20ambiental%20en%20Lago%20Riesco&#038;body=https:\/\/radiorevelacionfm.cl\/?p=42183' aria-hidden='false' data-av_icon='\ue805' data-av_iconfont='entypo-fontello' title='' data-avia-related-tooltip='Compartir por correo'><span class='avia_hidden_link_text'>Compartir por correo<\/span><\/a><\/li><\/ul><\/div><\/div>\n<div  style='height:50px' class='hr hr-invisible   avia-builder-el-8  el_after_av_social_share  el_before_av_comments_list '><span class='hr-inner ' ><span class='hr-inner-style'><\/span><\/span><\/div>\n<div  class='av-buildercomment  av-blog-meta-html-info-disabled av-blog-meta-tag-disabled  '><\/div>\n","protected":false},"excerpt":{"rendered":"","protected":false},"author":1,"featured_media":42184,"comment_status":"open","ping_status":"open","sticky":false,"template":"","format":"standard","meta":{"footnotes":""},"categories":[39],"tags":[],"class_list":["post-42183","post","type-post","status-publish","format-standard","has-post-thumbnail","hentry","category-medio-ambiente"],"jetpack_featured_media_url":"https:\/\/radiorevelacionfm.cl\/wp-content\/uploads\/2024\/05\/fotos-lago-riesco_aysein-25-1-1_optimized-1.jpg","_links":{"self":[{"href":"https:\/\/radiorevelacionfm.cl\/index.php?rest_route=\/wp\/v2\/posts\/42183","targetHints":{"allow":["GET"]}}],"collection":[{"href":"https:\/\/radiorevelacionfm.cl\/index.php?rest_route=\/wp\/v2\/posts"}],"about":[{"href":"https:\/\/radiorevelacionfm.cl\/index.php?rest_route=\/wp\/v2\/types\/post"}],"author":[{"embeddable":true,"href":"https:\/\/radiorevelacionfm.cl\/index.php?rest_route=\/wp\/v2\/users\/1"}],"replies":[{"embeddable":true,"href":"https:\/\/radiorevelacionfm.cl\/index.php?rest_route=%2Fwp%2Fv2%2Fcomments&post=42183"}],"version-history":[{"count":1,"href":"https:\/\/radiorevelacionfm.cl\/index.php?rest_route=\/wp\/v2\/posts\/42183\/revisions"}],"predecessor-version":[{"id":42185,"href":"https:\/\/radiorevelacionfm.cl\/index.php?rest_route=\/wp\/v2\/posts\/42183\/revisions\/42185"}],"wp:featuredmedia":[{"embeddable":true,"href":"https:\/\/radiorevelacionfm.cl\/index.php?rest_route=\/wp\/v2\/media\/42184"}],"wp:attachment":[{"href":"https:\/\/radiorevelacionfm.cl\/index.php?rest_route=%2Fwp%2Fv2%2Fmedia&parent=42183"}],"wp:term":[{"taxonomy":"category","embeddable":true,"href":"https:\/\/radiorevelacionfm.cl\/index.php?rest_route=%2Fwp%2Fv2%2Fcategories&post=42183"},{"taxonomy":"post_tag","embeddable":true,"href":"https:\/\/radiorevelacionfm.cl\/index.php?rest_route=%2Fwp%2Fv2%2Ftags&post=42183"}],"curies":[{"name":"wp","href":"https:\/\/api.w.org\/{rel}","templated":true}]}}