{"id":42180,"date":"2024-05-14T21:31:58","date_gmt":"2024-05-15T00:31:58","guid":{"rendered":"https:\/\/radiorevelacionfm.cl\/?p=42180"},"modified":"2024-05-14T21:31:58","modified_gmt":"2024-05-15T00:31:58","slug":"carabineros-traslada-mas-de-1-600-kilos-de-viveres-e-insumos-a-familias-aisladas-en-la-junta-y-sector-palena-norte","status":"publish","type":"post","link":"https:\/\/radiorevelacionfm.cl\/?p=42180","title":{"rendered":"Carabineros traslada m\u00e1s de 1.600 kilos de v\u00edveres e insumos a familias aisladas en La Junta y sector Palena Norte"},"content":{"rendered":"<div class=\"flex_column av_one_full  flex_column_div av-zero-column-padding first  avia-builder-el-0  el_before_av_one_full  avia-builder-el-first  \" style='border-radius:0px; '><div  class='avia-image-container  av-styling-    avia-builder-el-1  avia-builder-el-no-sibling  avia-align-center '  itemprop=\"image\" itemscope=\"itemscope\" itemtype=\"https:\/\/schema.org\/ImageObject\"  ><div class='avia-image-container-inner'><div class='avia-image-overlay-wrap'><img decoding=\"async\" class='wp-image-42181 avia-img-lazy-loading-not-42181 avia_image' src=\"https:\/\/radiorevelacionfm.cl\/wp-content\/uploads\/2024\/05\/6e74a517-c7a1-423e-ae03-68bdf2e073f5-1_optimized.jpg\" alt='' title='6e74a517-c7a1-423e-ae03-68bdf2e073f5-(1)_optimized' height=\"600\" width=\"800\"  itemprop=\"thumbnailUrl\" srcset=\"https:\/\/radiorevelacionfm.cl\/wp-content\/uploads\/2024\/05\/6e74a517-c7a1-423e-ae03-68bdf2e073f5-1_optimized.jpg 800w, https:\/\/radiorevelacionfm.cl\/wp-content\/uploads\/2024\/05\/6e74a517-c7a1-423e-ae03-68bdf2e073f5-1_optimized-300x225.jpg 300w, https:\/\/radiorevelacionfm.cl\/wp-content\/uploads\/2024\/05\/6e74a517-c7a1-423e-ae03-68bdf2e073f5-1_optimized-768x576.jpg 768w, https:\/\/radiorevelacionfm.cl\/wp-content\/uploads\/2024\/05\/6e74a517-c7a1-423e-ae03-68bdf2e073f5-1_optimized-705x529.jpg 705w, https:\/\/radiorevelacionfm.cl\/wp-content\/uploads\/2024\/05\/6e74a517-c7a1-423e-ae03-68bdf2e073f5-1_optimized-450x338.jpg 450w, https:\/\/radiorevelacionfm.cl\/wp-content\/uploads\/2024\/05\/6e74a517-c7a1-423e-ae03-68bdf2e073f5-1_optimized-600x450.jpg 600w\" sizes=\"(max-width: 800px) 100vw, 800px\" \/><\/div><\/div><\/div><\/div><div class=\"flex_column av_one_full  flex_column_div av-zero-column-padding first  avia-builder-el-2  el_after_av_one_full  el_before_av_one_full  column-top-margin\" style='border-radius:0px; '><section class=\"av_textblock_section \"  itemscope=\"itemscope\" itemtype=\"https:\/\/schema.org\/BlogPosting\" itemprop=\"blogPost\" ><div class='avia_textblock  '   itemprop=\"text\" ><p style=\"text-align: center;\"><strong><span style=\"font-size: 18pt;\">Carabineros traslada m\u00e1s de 1.600 kilos de v\u00edveres e insumos a familias aisladas en La Junta y sector Palena Norte<\/span><\/strong><\/p>\n<div id=\"gtx-trans\" style=\"position: absolute; left: -50px; top: 4.31534px;\">\n<div class=\"gtx-trans-icon\"><\/div>\n<\/div>\n<\/div><\/section><\/div><div class=\"flex_column av_one_full  flex_column_div av-zero-column-padding first  avia-builder-el-4  el_after_av_one_full  el_before_av_hr  column-top-margin\" style='border-radius:0px; '><section class=\"av_textblock_section \"  itemscope=\"itemscope\" itemtype=\"https:\/\/schema.org\/BlogPosting\" itemprop=\"blogPost\" ><div class='avia_textblock  '   itemprop=\"text\" ><p class=\"v1MsoNormal\" style=\"text-align: justify;\"><em><span lang=\"ES-MX\">La operaci\u00f3n permiti\u00f3 llegar con v\u00edveres, suplementos para animales, cocina a le\u00f1a y bull\u00f3n, elementos sanitarios, alambre para cerco y materiales para armar una carreta.<\/span><\/em><\/p>\n<p class=\"v1MsoNormal\" style=\"text-align: justify;\"><span lang=\"ES-MX\">El traslado de m\u00e1s de 1.600 kilos -entre v\u00edveres e insumos- fue parte de una compleja operaci\u00f3n a\u00e9rea desarrollada por la Zona de Carabineros Ays\u00e9n a trav\u00e9s de la Secci\u00f3n A\u00e9rea Coyhaique en la zona norte de la regi\u00f3n, trabajo desarrollado en coordinaci\u00f3n con la Municipalidad de Cisnes.<\/span><\/p>\n<p class=\"v1MsoNormal\" style=\"text-align: justify;\"><span lang=\"ES-MX\">En su rol de integraci\u00f3n y solidaridad social, Carabineros de Chile -y atendida las distancias, aislamiento y problemas de conectividad en muchos sectores- dispuso un puente a\u00e9reo a trav\u00e9s del helic\u00f3ptero institucional, trasladando v\u00edveres, suplementos para animales, una cocina -junto con colaborar a un equipo del Censo- brindado un apoyo y respuesta inmediata ante las necesidades m\u00e1s urgentes de aquellos pobladores que hacen patria en alejados rincones de la Patagonia chilena.<\/span><\/p>\n<p class=\"v1MsoNormal\" style=\"text-align: justify;\"><span lang=\"ES-MX\">Al respecto el Jefe del Departamento de Apoyo a las Operaciones, Coronel Richard Guti\u00e9rrez Lamilla se\u00f1al\u00f3 que lo anterior ha permitido estar y apoyar a aquellos compatriotas que dada la accidentada geograf\u00eda de nuestra regi\u00f3n, se ven imposibilitados de cumplir sus tareas o funciones de manera normal.<\/span><\/p>\n<p class=\"v1MsoNormal\" style=\"text-align: justify;\"><span lang=\"ES-MX\">Para lo anterior se efectu\u00f3 una coordinaci\u00f3n previa entre Carabineros de la Zona Ays\u00e9n y la Municipalidad de Cisnes. \u00abEs un trabajo que nos llena de alegr\u00eda, de orgullo y, afortunadamente contamos con los medios y los recursos que nos ha permitido desarrollar esta enorme funci\u00f3n enmarcada en nuestro rol de solidaridad social\u00bb, indic\u00f3.<\/span><\/p>\n<p class=\"v1MsoNormal\" style=\"text-align: justify;\"><span lang=\"ES-MX\">Durante la operaci\u00f3n a\u00e9rea Carabineros traslad\u00f3 1.350 kg de comida y suplementos para animales, adem\u00e1s de alimentos para el consumo humano.<\/span><\/p>\n<p class=\"v1MsoNormal\" style=\"text-align: justify;\"><span lang=\"ES-MX\">Se suma a lo anterior una cocina a le\u00f1a con kit de calienta aguas y elementos para servicios higi\u00e9nicos.<\/span><\/p>\n<p class=\"v1MsoNormal\" style=\"text-align: justify;\"><span lang=\"ES-MX\">Asimismo, la Secci\u00f3n A\u00e9rea traslad\u00f3 materiales consistentes en ruedas y fierros para armar una carreta, sumado a 50 kilos en mallas para cerco.<\/span><\/p>\n<p class=\"v1MsoNormal\" style=\"text-align: justify;\"><b><span lang=\"ES-MX\">Destacan apoyo a\u00e9reo<\/span><\/b><\/p>\n<p class=\"v1MsoNormal\" style=\"text-align: justify;\"><span lang=\"ES-MX\">En tal sentido el Alcalde de la Comuna de Cisnes Francisco Roncagliolo Lepio, destac\u00f3 el trabajo colaborativo y conjunto llevado adelante con Carabineros de Chile en apoyo a vecinos de sectores aislados.<\/span><\/p>\n<p class=\"v1MsoNormal\" style=\"text-align: justify;\"><span lang=\"ES-MX\">\u00abHoy trabajamos la zona norte de la regi\u00f3n de Ays\u00e9n como es La Junta, particularmente el sector Palena Norte, en zonas bastante complicadas de dif\u00edcil acceso, donde las personas pod\u00edan llegar con cargas a trav\u00e9s de pilcheros o bueyes. Hoy hemos podido llegar con carga importante para ellos como es el traslado de alimento para animales, adem\u00e1s de papas, harina y otro tipo de cosas. Trasladamos un carro para que se pueda armar en el sector, alambre, cocinas a le\u00f1a en insumos como bullones y otros elementos muy necesarios para nuestros vecinos de estos sectores tan aislados\u00bb, detall\u00f3 el Alcalde.<\/span><\/p>\n<p class=\"v1MsoNormal\" style=\"text-align: justify;\"><span lang=\"ES-MX\">La autoridad comunal resalt\u00f3 el trabajo y coordinaci\u00f3n con Carabineros, junto con agradecer al Mando Zonal y a la Secci\u00f3n A\u00e9rea de la Instituci\u00f3n, cuya acci\u00f3n permiti\u00f3 mejorar la calidad de vida de los pobladores que viven y hacen patria en estos alejados sectores del vasto territorio de Ays\u00e9n, pudiendo estar mejor preparados de cara la temporada invernal.<\/span><\/p>\n<\/div><\/section><\/div><div  style='height:50px' class='hr hr-invisible   avia-builder-el-6  el_after_av_one_full  el_before_av_social_share '><span class='hr-inner ' ><span class='hr-inner-style'><\/span><\/span><\/div><\/p>\n<div  class='av-social-sharing-box  avia-builder-el-7  el_after_av_hr  el_before_av_hr  '><div class='av-share-box'><h5 class='av-share-link-description av-no-toc '>Compartir esta noticia<\/h5><ul class='av-share-box-list noLightbox'><li class='av-share-link av-social-link-facebook' ><a target=\"_blank\" aria-label=\"Compartir en Facebook\" href='https:\/\/www.facebook.com\/sharer.php?u=https:\/\/radiorevelacionfm.cl\/?p=42180&#038;t=Carabineros%20traslada%20m%C3%A1s%20de%201.600%20kilos%20de%20v%C3%ADveres%20e%20insumos%20a%20familias%20aisladas%20en%20La%20Junta%20y%20sector%20Palena%20Norte' aria-hidden='false' data-av_icon='\ue8f3' data-av_iconfont='entypo-fontello' title='' data-avia-related-tooltip='Compartir en Facebook' rel=\"noopener\"><span class='avia_hidden_link_text'>Compartir en Facebook<\/span><\/a><\/li><li class='av-share-link av-social-link-twitter' ><a target=\"_blank\" aria-label=\"Compartir en Twitter\" href='https:\/\/twitter.com\/share?text=Carabineros%20traslada%20m%C3%A1s%20de%201.600%20kilos%20de%20v%C3%ADveres%20e%20insumos%20a%20familias%20aisladas%20en%20La%20Junta%20y%20sector%20Palena%20Norte&#038;url=https:\/\/radiorevelacionfm.cl\/?p=42180' aria-hidden='false' data-av_icon='\ue8f1' data-av_iconfont='entypo-fontello' title='' data-avia-related-tooltip='Compartir en Twitter' rel=\"noopener\"><span class='avia_hidden_link_text'>Compartir en Twitter<\/span><\/a><\/li><li class='av-share-link av-social-link-whatsapp' ><a target=\"_blank\" aria-label=\"Compartir en Whatsapp\" href='https:\/\/api.whatsapp.com\/send?text=https:\/\/radiorevelacionfm.cl\/?p=42180' aria-hidden='false' data-av_icon='\uf232' data-av_iconfont='entypo-fontello' title='' data-avia-related-tooltip='Compartir en Whatsapp' rel=\"noopener\"><span class='avia_hidden_link_text'>Compartir en Whatsapp<\/span><\/a><\/li><li class='av-share-link av-social-link-linkedin' ><a target=\"_blank\" aria-label=\"Compartir en LinkedIn\" href='https:\/\/linkedin.com\/shareArticle?mini=true&#038;title=Carabineros%20traslada%20m%C3%A1s%20de%201.600%20kilos%20de%20v%C3%ADveres%20e%20insumos%20a%20familias%20aisladas%20en%20La%20Junta%20y%20sector%20Palena%20Norte&#038;url=https:\/\/radiorevelacionfm.cl\/?p=42180' aria-hidden='false' data-av_icon='\ue8fc' data-av_iconfont='entypo-fontello' title='' data-avia-related-tooltip='Compartir en LinkedIn' rel=\"noopener\"><span class='avia_hidden_link_text'>Compartir en LinkedIn<\/span><\/a><\/li><li class='av-share-link av-social-link-mail' ><a  aria-label=\"Compartir por correo\" href='mailto:?subject=Carabineros%20traslada%20m%C3%A1s%20de%201.600%20kilos%20de%20v%C3%ADveres%20e%20insumos%20a%20familias%20aisladas%20en%20La%20Junta%20y%20sector%20Palena%20Norte&#038;body=https:\/\/radiorevelacionfm.cl\/?p=42180' aria-hidden='false' data-av_icon='\ue805' data-av_iconfont='entypo-fontello' title='' data-avia-related-tooltip='Compartir por correo'><span class='avia_hidden_link_text'>Compartir por correo<\/span><\/a><\/li><\/ul><\/div><\/div>\n<div  style='height:50px' class='hr hr-invisible   avia-builder-el-8  el_after_av_social_share  el_before_av_comments_list '><span class='hr-inner ' ><span class='hr-inner-style'><\/span><\/span><\/div>\n<div  class='av-buildercomment  av-blog-meta-html-info-disabled av-blog-meta-tag-disabled  '><\/div>\n","protected":false},"excerpt":{"rendered":"","protected":false},"author":1,"featured_media":42181,"comment_status":"open","ping_status":"open","sticky":false,"template":"","format":"standard","meta":{"footnotes":""},"categories":[38],"tags":[],"class_list":["post-42180","post","type-post","status-publish","format-standard","has-post-thumbnail","hentry","category-regional"],"jetpack_featured_media_url":"https:\/\/radiorevelacionfm.cl\/wp-content\/uploads\/2024\/05\/6e74a517-c7a1-423e-ae03-68bdf2e073f5-1_optimized.jpg","_links":{"self":[{"href":"https:\/\/radiorevelacionfm.cl\/index.php?rest_route=\/wp\/v2\/posts\/42180","targetHints":{"allow":["GET"]}}],"collection":[{"href":"https:\/\/radiorevelacionfm.cl\/index.php?rest_route=\/wp\/v2\/posts"}],"about":[{"href":"https:\/\/radiorevelacionfm.cl\/index.php?rest_route=\/wp\/v2\/types\/post"}],"author":[{"embeddable":true,"href":"https:\/\/radiorevelacionfm.cl\/index.php?rest_route=\/wp\/v2\/users\/1"}],"replies":[{"embeddable":true,"href":"https:\/\/radiorevelacionfm.cl\/index.php?rest_route=%2Fwp%2Fv2%2Fcomments&post=42180"}],"version-history":[{"count":1,"href":"https:\/\/radiorevelacionfm.cl\/index.php?rest_route=\/wp\/v2\/posts\/42180\/revisions"}],"predecessor-version":[{"id":42182,"href":"https:\/\/radiorevelacionfm.cl\/index.php?rest_route=\/wp\/v2\/posts\/42180\/revisions\/42182"}],"wp:featuredmedia":[{"embeddable":true,"href":"https:\/\/radiorevelacionfm.cl\/index.php?rest_route=\/wp\/v2\/media\/42181"}],"wp:attachment":[{"href":"https:\/\/radiorevelacionfm.cl\/index.php?rest_route=%2Fwp%2Fv2%2Fmedia&parent=42180"}],"wp:term":[{"taxonomy":"category","embeddable":true,"href":"https:\/\/radiorevelacionfm.cl\/index.php?rest_route=%2Fwp%2Fv2%2Fcategories&post=42180"},{"taxonomy":"post_tag","embeddable":true,"href":"https:\/\/radiorevelacionfm.cl\/index.php?rest_route=%2Fwp%2Fv2%2Ftags&post=42180"}],"curies":[{"name":"wp","href":"https:\/\/api.w.org\/{rel}","templated":true}]}}