{"id":42177,"date":"2024-05-15T11:21:01","date_gmt":"2024-05-15T14:21:01","guid":{"rendered":"https:\/\/radiorevelacionfm.cl\/?p=42177"},"modified":"2024-05-15T11:21:01","modified_gmt":"2024-05-15T14:21:01","slug":"plan-de-descontaminacion-atmosferica-inicia-instalacion-de-totems-informativos-de-calidad-del-aire-en-la-region-de-aysen","status":"publish","type":"post","link":"https:\/\/radiorevelacionfm.cl\/?p=42177","title":{"rendered":"Plan de Descontaminaci\u00f3n Atmosf\u00e9rica: Inicia instalaci\u00f3n de T\u00f3tems informativos de calidad del aire en la regi\u00f3n de Ays\u00e9n"},"content":{"rendered":"<div class=\"flex_column av_one_full  flex_column_div av-zero-column-padding first  avia-builder-el-0  el_before_av_one_full  avia-builder-el-first  \" style='border-radius:0px; '><div  class='avia-image-container  av-styling-    avia-builder-el-1  avia-builder-el-no-sibling  avia-align-center '  itemprop=\"image\" itemscope=\"itemscope\" itemtype=\"https:\/\/schema.org\/ImageObject\"  ><div class='avia-image-container-inner'><div class='avia-image-overlay-wrap'><img decoding=\"async\" class='wp-image-42178 avia-img-lazy-loading-not-42178 avia_image' src=\"https:\/\/radiorevelacionfm.cl\/wp-content\/uploads\/2024\/05\/img_6626-1_optimized-1.jpg\" alt='' title='img_6626-(1)_optimized (1)' height=\"600\" width=\"1067\"  itemprop=\"thumbnailUrl\" srcset=\"https:\/\/radiorevelacionfm.cl\/wp-content\/uploads\/2024\/05\/img_6626-1_optimized-1.jpg 1067w, https:\/\/radiorevelacionfm.cl\/wp-content\/uploads\/2024\/05\/img_6626-1_optimized-1-300x169.jpg 300w, https:\/\/radiorevelacionfm.cl\/wp-content\/uploads\/2024\/05\/img_6626-1_optimized-1-1030x579.jpg 1030w, https:\/\/radiorevelacionfm.cl\/wp-content\/uploads\/2024\/05\/img_6626-1_optimized-1-768x432.jpg 768w, https:\/\/radiorevelacionfm.cl\/wp-content\/uploads\/2024\/05\/img_6626-1_optimized-1-705x396.jpg 705w, https:\/\/radiorevelacionfm.cl\/wp-content\/uploads\/2024\/05\/img_6626-1_optimized-1-450x253.jpg 450w, https:\/\/radiorevelacionfm.cl\/wp-content\/uploads\/2024\/05\/img_6626-1_optimized-1-600x337.jpg 600w\" sizes=\"(max-width: 1067px) 100vw, 1067px\" \/><\/div><\/div><\/div><\/div><div class=\"flex_column av_one_full  flex_column_div av-zero-column-padding first  avia-builder-el-2  el_after_av_one_full  el_before_av_one_full  column-top-margin\" style='border-radius:0px; '><section class=\"av_textblock_section \"  itemscope=\"itemscope\" itemtype=\"https:\/\/schema.org\/BlogPosting\" itemprop=\"blogPost\" ><div class='avia_textblock  '   itemprop=\"text\" ><p style=\"text-align: center;\"><span style=\"font-size: 18pt;\"><strong>Plan de Descontaminaci\u00f3n Atmosf\u00e9rica: <\/strong><strong>Inicia instalaci\u00f3n de T\u00f3tems informativos de calidad del aire en la regi\u00f3n de Ays\u00e9n<\/strong><\/span><\/p>\n<div id=\"gtx-trans\" style=\"position: absolute; left: -50px; top: 4.31534px;\">\n<div class=\"gtx-trans-icon\"><\/div>\n<\/div>\n<\/div><\/section><\/div><div class=\"flex_column av_one_full  flex_column_div av-zero-column-padding first  avia-builder-el-4  el_after_av_one_full  el_before_av_hr  column-top-margin\" style='border-radius:0px; '><section class=\"av_textblock_section \"  itemscope=\"itemscope\" itemtype=\"https:\/\/schema.org\/BlogPosting\" itemprop=\"blogPost\" ><div class='avia_textblock  '   itemprop=\"text\" ><p style=\"text-align: justify;\">En el Terminal de Buses de la ciudad de Coyhaique fue instalado el primero de 11 t\u00f3tems informativos sobre descontaminaci\u00f3n atmosf\u00e9rica que se desplegar\u00e1n en las 10 comunas de la regi\u00f3n de Ays\u00e9n. La iniciativa, forma parte del programa FNDR \u201cDifusi\u00f3n y Educaci\u00f3n Ambiental en Calidad del Aire\u201d ejecutado por la SEREMI del Medio Ambiente y financiado por el Gobierno Regional de Ays\u00e9n y su Consejo.<\/p>\n<p style=\"text-align: justify;\">El Plan de Descontaminaci\u00f3n de Coyhaique PDA establece en sus pilares fundamentales el desarrollo de un Programa de Difusi\u00f3n y Educaci\u00f3n en materias de calidad del aire, es as\u00ed que, con el apoyo del Gobierno Regional y su Consejo, se ejecuta el Programa FNDR de Difusi\u00f3n y Educaci\u00f3n Ambiental en Calidad del Aire, apostando por una cobertura regional con el objetivo de lograr un alto nivel de conocimiento de la comunidad en temas ligados a causas, efectos y medidas de mitigaci\u00f3n de la contaminaci\u00f3n atmosf\u00e9rica.<\/p>\n<p style=\"text-align: justify;\">\u201cAparte del recambio de calefactores y el aporte que hace a Vivienda en materia de envolvente t\u00e9rmica, tambi\u00e9n existe este programa que es de difusi\u00f3n y educaci\u00f3n en calidad del aire, con un alcance que ha permitido llegar a nivel regional a m\u00e1s de 7000 personas, con intervenciones al interior de establecimientos educacionales, con la creaci\u00f3n de contenido, la generaci\u00f3n de gu\u00edas que acercan a la comunidad y a las familias a los distintos mecanismos que existen y a distintas acciones que podemos llevar adelante para aportar a disminuir la contaminaci\u00f3n del aire. Y por eso hoy d\u00eda este hito es tan relevante, porque es un hito que se vincula con la comunidad. Dado que este t\u00f3tem se instala en un espacio p\u00fablico, donde como Gobierno Regional aportamos para que toda la comunidad pueda contar con la informaci\u00f3n necesaria que le permita cuidarse y cuidar tambi\u00e9n a aquellos que ama\u201d, declar\u00f3 la Gobernadora Regional Andrea Mac\u00edas.<\/p>\n<p style=\"text-align: justify;\">La ciudad de Coyhaique registra episodios en los que la concentraci\u00f3n de material particulado grueso (MP10) y fino (MP2.5) ha superado los niveles recomendados por la OMS y la normativa chilena actual, lo cual se traduce en una exposici\u00f3n prolongada de las personas a contaminantes que est\u00e1n directamente asociados a las causas de enfermedades; dicho material particulado seg\u00fan el inventario de emisiones para la zona saturada de Coyhaique indica que 99,86% del MP10 y el 99,67% del MP2,5 est\u00e1 asociado al uso indiscriminado del le\u00f1a h\u00fameda residencial.<\/p>\n<p style=\"text-align: justify;\">En una alianza con los municipios de la regi\u00f3n, se entregar\u00e1n en comodato los t\u00f3tems digitales para ser instalados en puntos estrat\u00e9gicos de alta afluencia de p\u00fablico, permitiendo entregar informaci\u00f3n, datos y recomendaciones que sensibilicen a la comunidad patagona en valores ambientales para alcanzar una corresponsabilidad ambiental frente una problem\u00e1tica presente en diversos puntos de la regi\u00f3n de Ays\u00e9n.<\/p>\n<p style=\"text-align: justify;\">En armon\u00eda con la finalidad y objetivos del Programa, la Municipalidad de Coyhaique y la Seremi del Medio Ambiente buscan articular una red de colaboraci\u00f3n bilateral, llevando a cabo un plan de trabajo elaborado de manera conjunta, que permita desarrollar actividades e iniciativas de difusi\u00f3n en materia de educaci\u00f3n ambiental en contaminaci\u00f3n atmosf\u00e9rica. Es as\u00ed que el primer Municipio en inaugurar el T\u00f3tem corresponde a la ciudad de Coyhaique, declarada como zona saturada y en pleno periodo de gesti\u00f3n de Gesti\u00f3n de Episodios Cr\u00edticos.<\/p>\n<p style=\"text-align: justify;\">\u201cImportante se\u00f1alar que desde el a\u00f1o 2023 hemos tenido una reducci\u00f3n en casi 200 microgramos por metro c\u00fabico, de concentraci\u00f3n de diferencia al a\u00f1o 2022. Que es de las reducciones m\u00e1s grandes que tenemos en materia de contaminaci\u00f3n de material particulado 2,5 en el pa\u00eds, y eso se debe a la colaboraci\u00f3n del Estado en sus en todas sus instituciones (\u2026) y hoy d\u00eda s\u00ed falta un espacio importante que es el que viene a dar este tema a trav\u00e9s del programa que tiene financiado el Gobierno Regional y que ejecutan en la Seremi de Medio Ambiente, que tiene que ver con la democratizaci\u00f3n de la informaci\u00f3n y tambi\u00e9n el c\u00f3mo los vecinos pueden darse cuenta de la importancia que ellos tienen en la acci\u00f3n de poder reducir la contaminaci\u00f3n\u201d, reforz\u00f3 el alcalde de Coyhaique, Carlos Gatica.<\/p>\n<p style=\"text-align: justify;\">El programa FNDR de \u201cDifusi\u00f3n y Educaci\u00f3n Ambiental en Calidad del Aire\u201d ha alcanzado ya a m\u00e1s de 7.000 personas sensibilizadas directamente, con un total de 612 intervenciones con establecimientos educacionales y organizaciones sociales, considerando localidades de las 10 comunas de Ays\u00e9n. Las actividades han incluido iniciativas presenciales y telem\u00e1ticas, para diversos p\u00fablicos y con distintos formatos y contenidos entre los que se encuentran: charlas, talleres, jornadas familiares, ferias, un festival de teatro ambiental estudiantil y la elaboraci\u00f3n de material de difusi\u00f3n y educaci\u00f3n tanto para el aula como para la sensibilizaci\u00f3n del p\u00fablico general, ya sea en medios de comunicaci\u00f3n o instancias p\u00fablicas de intervenci\u00f3n como los t\u00f3tems que hoy comienzan su instalaci\u00f3n en puntos estrat\u00e9gicos.<\/p>\n<p style=\"text-align: justify;\">\u201cEste proceso tiene que funcionar de manera preventiva y eso es uno de los mensajes que queremos lograr con el alcance a nivel regional, gracias a la gesti\u00f3n y la colaboraci\u00f3n del municipio, podemos difundir desde el terminal de buses, un espacio que tiene una afluencia entre 800 y 1000 personas diarias, lo que nos permite alcanzar a la comunidad. El llamado es que todos los vecinos, todas las vecinas y todas las instituciones, la empresa, etc\u00e9tera, puedan estar a disposici\u00f3n de poder descontaminar nuestra ciudad, porque eventualmente aqu\u00ed hay una mejora en la calidad de vida, en la salud de las personas y para eso necesitamos un trabajo muy fuerte, especialmente en educaci\u00f3n ambiental , que finalmente es la forma en que podemos acercar el mensaje\u201d, concluy\u00f3 el Seremi del Medio Ambiente, Yoal D\u00edaz.<\/p>\n<\/div><\/section><\/div><div  style='height:50px' class='hr hr-invisible   avia-builder-el-6  el_after_av_one_full  el_before_av_social_share '><span class='hr-inner ' ><span class='hr-inner-style'><\/span><\/span><\/div><\/p>\n<div  class='av-social-sharing-box  avia-builder-el-7  el_after_av_hr  el_before_av_hr  '><div class='av-share-box'><h5 class='av-share-link-description av-no-toc '>Compartir esta noticia<\/h5><ul class='av-share-box-list noLightbox'><li class='av-share-link av-social-link-facebook' ><a target=\"_blank\" aria-label=\"Compartir en Facebook\" href='https:\/\/www.facebook.com\/sharer.php?u=https:\/\/radiorevelacionfm.cl\/?p=42177&#038;t=Plan%20de%20Descontaminaci%C3%B3n%20Atmosf%C3%A9rica%3A%20Inicia%20instalaci%C3%B3n%20de%20T%C3%B3tems%20informativos%20de%20calidad%20del%20aire%20en%20la%20regi%C3%B3n%20de%20Ays%C3%A9n' aria-hidden='false' data-av_icon='\ue8f3' data-av_iconfont='entypo-fontello' title='' data-avia-related-tooltip='Compartir en Facebook' rel=\"noopener\"><span class='avia_hidden_link_text'>Compartir en Facebook<\/span><\/a><\/li><li class='av-share-link av-social-link-twitter' ><a target=\"_blank\" aria-label=\"Compartir en Twitter\" href='https:\/\/twitter.com\/share?text=Plan%20de%20Descontaminaci%C3%B3n%20Atmosf%C3%A9rica%3A%20Inicia%20instalaci%C3%B3n%20de%20T%C3%B3tems%20informativos%20de%20calidad%20del%20aire%20en%20la%20regi%C3%B3n%20de%20Ays%C3%A9n&#038;url=https:\/\/radiorevelacionfm.cl\/?p=42177' aria-hidden='false' data-av_icon='\ue8f1' data-av_iconfont='entypo-fontello' title='' data-avia-related-tooltip='Compartir en Twitter' rel=\"noopener\"><span class='avia_hidden_link_text'>Compartir en Twitter<\/span><\/a><\/li><li class='av-share-link av-social-link-whatsapp' ><a target=\"_blank\" aria-label=\"Compartir en Whatsapp\" href='https:\/\/api.whatsapp.com\/send?text=https:\/\/radiorevelacionfm.cl\/?p=42177' aria-hidden='false' data-av_icon='\uf232' data-av_iconfont='entypo-fontello' title='' data-avia-related-tooltip='Compartir en Whatsapp' rel=\"noopener\"><span class='avia_hidden_link_text'>Compartir en Whatsapp<\/span><\/a><\/li><li class='av-share-link av-social-link-linkedin' ><a target=\"_blank\" aria-label=\"Compartir en LinkedIn\" href='https:\/\/linkedin.com\/shareArticle?mini=true&#038;title=Plan%20de%20Descontaminaci%C3%B3n%20Atmosf%C3%A9rica%3A%20Inicia%20instalaci%C3%B3n%20de%20T%C3%B3tems%20informativos%20de%20calidad%20del%20aire%20en%20la%20regi%C3%B3n%20de%20Ays%C3%A9n&#038;url=https:\/\/radiorevelacionfm.cl\/?p=42177' aria-hidden='false' data-av_icon='\ue8fc' data-av_iconfont='entypo-fontello' title='' data-avia-related-tooltip='Compartir en LinkedIn' rel=\"noopener\"><span class='avia_hidden_link_text'>Compartir en LinkedIn<\/span><\/a><\/li><li class='av-share-link av-social-link-mail' ><a  aria-label=\"Compartir por correo\" href='mailto:?subject=Plan%20de%20Descontaminaci%C3%B3n%20Atmosf%C3%A9rica%3A%20Inicia%20instalaci%C3%B3n%20de%20T%C3%B3tems%20informativos%20de%20calidad%20del%20aire%20en%20la%20regi%C3%B3n%20de%20Ays%C3%A9n&#038;body=https:\/\/radiorevelacionfm.cl\/?p=42177' aria-hidden='false' data-av_icon='\ue805' data-av_iconfont='entypo-fontello' title='' data-avia-related-tooltip='Compartir por correo'><span class='avia_hidden_link_text'>Compartir por correo<\/span><\/a><\/li><\/ul><\/div><\/div>\n<div  style='height:50px' class='hr hr-invisible   avia-builder-el-8  el_after_av_social_share  el_before_av_comments_list '><span class='hr-inner ' ><span class='hr-inner-style'><\/span><\/span><\/div>\n<div  class='av-buildercomment  av-blog-meta-html-info-disabled av-blog-meta-tag-disabled  '><\/div>\n","protected":false},"excerpt":{"rendered":"","protected":false},"author":1,"featured_media":42178,"comment_status":"open","ping_status":"open","sticky":false,"template":"","format":"standard","meta":{"footnotes":""},"categories":[39],"tags":[],"class_list":["post-42177","post","type-post","status-publish","format-standard","has-post-thumbnail","hentry","category-medio-ambiente"],"jetpack_featured_media_url":"https:\/\/radiorevelacionfm.cl\/wp-content\/uploads\/2024\/05\/img_6626-1_optimized-1.jpg","_links":{"self":[{"href":"https:\/\/radiorevelacionfm.cl\/index.php?rest_route=\/wp\/v2\/posts\/42177","targetHints":{"allow":["GET"]}}],"collection":[{"href":"https:\/\/radiorevelacionfm.cl\/index.php?rest_route=\/wp\/v2\/posts"}],"about":[{"href":"https:\/\/radiorevelacionfm.cl\/index.php?rest_route=\/wp\/v2\/types\/post"}],"author":[{"embeddable":true,"href":"https:\/\/radiorevelacionfm.cl\/index.php?rest_route=\/wp\/v2\/users\/1"}],"replies":[{"embeddable":true,"href":"https:\/\/radiorevelacionfm.cl\/index.php?rest_route=%2Fwp%2Fv2%2Fcomments&post=42177"}],"version-history":[{"count":1,"href":"https:\/\/radiorevelacionfm.cl\/index.php?rest_route=\/wp\/v2\/posts\/42177\/revisions"}],"predecessor-version":[{"id":42179,"href":"https:\/\/radiorevelacionfm.cl\/index.php?rest_route=\/wp\/v2\/posts\/42177\/revisions\/42179"}],"wp:featuredmedia":[{"embeddable":true,"href":"https:\/\/radiorevelacionfm.cl\/index.php?rest_route=\/wp\/v2\/media\/42178"}],"wp:attachment":[{"href":"https:\/\/radiorevelacionfm.cl\/index.php?rest_route=%2Fwp%2Fv2%2Fmedia&parent=42177"}],"wp:term":[{"taxonomy":"category","embeddable":true,"href":"https:\/\/radiorevelacionfm.cl\/index.php?rest_route=%2Fwp%2Fv2%2Fcategories&post=42177"},{"taxonomy":"post_tag","embeddable":true,"href":"https:\/\/radiorevelacionfm.cl\/index.php?rest_route=%2Fwp%2Fv2%2Ftags&post=42177"}],"curies":[{"name":"wp","href":"https:\/\/api.w.org\/{rel}","templated":true}]}}