{"id":4217,"date":"2021-05-17T18:05:17","date_gmt":"2021-05-17T21:05:17","guid":{"rendered":"https:\/\/radiorevelacionfm.cl\/?p=4217"},"modified":"2021-05-17T18:05:17","modified_gmt":"2021-05-17T21:05:17","slug":"pdi-realiza-positivo-balance-de-servicio-especial-durante-elecciones-del-fin-de-semana","status":"publish","type":"post","link":"https:\/\/radiorevelacionfm.cl\/?p=4217","title":{"rendered":"PDI realiza positivo balance de servicio especial durante elecciones del fin de semana"},"content":{"rendered":"<div class=\"flex_column av_one_full  flex_column_div av-zero-column-padding first  avia-builder-el-0  el_before_av_one_full  avia-builder-el-first  \" style='border-radius:0px; '><div  class='avia-image-container  av-styling-    avia-builder-el-1  avia-builder-el-no-sibling  avia-align-center '  itemprop=\"image\" itemscope=\"itemscope\" itemtype=\"https:\/\/schema.org\/ImageObject\"  ><div class='avia-image-container-inner'><div class='avia-image-overlay-wrap'><img decoding=\"async\" class='wp-image-4218 avia-img-lazy-loading-not-4218 avia_image' src=\"https:\/\/radiorevelacionfm.cl\/wp-content\/uploads\/2021\/05\/servicio-pdi-elecciones-003_optimized.jpeg\" alt='' title='servicio-pdi-elecciones-003_optimized' height=\"720\" width=\"1280\"  itemprop=\"thumbnailUrl\" srcset=\"https:\/\/radiorevelacionfm.cl\/wp-content\/uploads\/2021\/05\/servicio-pdi-elecciones-003_optimized.jpeg 1280w, https:\/\/radiorevelacionfm.cl\/wp-content\/uploads\/2021\/05\/servicio-pdi-elecciones-003_optimized-300x169.jpeg 300w, https:\/\/radiorevelacionfm.cl\/wp-content\/uploads\/2021\/05\/servicio-pdi-elecciones-003_optimized-1030x579.jpeg 1030w, https:\/\/radiorevelacionfm.cl\/wp-content\/uploads\/2021\/05\/servicio-pdi-elecciones-003_optimized-768x432.jpeg 768w, https:\/\/radiorevelacionfm.cl\/wp-content\/uploads\/2021\/05\/servicio-pdi-elecciones-003_optimized-705x397.jpeg 705w, https:\/\/radiorevelacionfm.cl\/wp-content\/uploads\/2021\/05\/servicio-pdi-elecciones-003_optimized-600x338.jpeg 600w\" sizes=\"(max-width: 1280px) 100vw, 1280px\" \/><\/div><\/div><\/div><\/div><div class=\"flex_column av_one_full  flex_column_div av-zero-column-padding first  avia-builder-el-2  el_after_av_one_full  el_before_av_one_full  column-top-margin\" style='border-radius:0px; '><section class=\"av_textblock_section \"  itemscope=\"itemscope\" itemtype=\"https:\/\/schema.org\/BlogPosting\" itemprop=\"blogPost\" ><div class='avia_textblock  '   itemprop=\"text\" ><p style=\"text-align: center;\"><strong><span style=\"font-size: 18pt;\">PDI realiza positivo balance de servicio especial durante elecciones del fin de semana<\/span><\/strong><\/p>\n<div id=\"gtx-trans\" style=\"position: absolute; left: -50px; top: 4.31534px;\">\n<div class=\"gtx-trans-icon\"><\/div>\n<\/div>\n<\/div><\/section><\/div><div class=\"flex_column av_one_full  flex_column_div av-zero-column-padding first  avia-builder-el-4  el_after_av_one_full  el_before_av_hr  column-top-margin\" style='border-radius:0px; '><section class=\"av_textblock_section \"  itemscope=\"itemscope\" itemtype=\"https:\/\/schema.org\/BlogPosting\" itemprop=\"blogPost\" ><div class='avia_textblock  '   itemprop=\"text\" ><p style=\"text-align: justify;\">En estas elecciones, desde el viernes 14 y hasta este lunes 17 de mayo de 2021 -al t\u00e9rmino de la labor de los colegios escrutadores-, la PDI moviliz\u00f3 en todo el pa\u00eds un trabajo conjunto y coordinado con las Fuerzas Armadas, de Orden y Seguridad, planificando y ejecutando medidas de resguardo, apoyo investigativo e inteligencia policial al control del orden p\u00fablico, delitos flagrantes, atentados contra la autoridad u otras acciones enfocadas a reducir il\u00edcitos antes, durante y despu\u00e9s del acto eleccionario.<\/p>\n<p style=\"text-align: justify;\">A nivel regional, durante este fin de semana existi\u00f3 un importante despliegue de detectives y funcionarios de la PDI, apoyando la fiscalizaci\u00f3n en el marco de las elecciones de constituyentes, gobernadores, alcaldes y concejales, y el control de las medidas sanitarias con motivo de la pandemia en las ciudades de Coyhaique y Puerto Ays\u00e9n.<\/p>\n<p style=\"text-align: justify;\">Se efectuaron diversos controles en distintos puntos de la regi\u00f3n enmarcados en las elecciones y la contingencia sanitaria, colaborando con la Defensa Nacional de la Regi\u00f3n de Ays\u00e9n, la Autoridad Sanitaria y Seguridad P\u00fablica, fiscalizando cuarentenas, residencias sanitarias, cordones sanitarios y a personas y veh\u00edculos en la v\u00eda p\u00fablica, tanto en Coyhaique como en Puerto Ays\u00e9n.<\/p>\n<p style=\"text-align: justify;\">Al respecto, el jefe regional subrogante de la PDI Ays\u00e9n, prefecto Christian Fuentes, destac\u00f3 la labor realizada por los detectives y funcionarios de la Regi\u00f3n Policial de Ays\u00e9n durante los comicios, se\u00f1alando que \u201cen Puerto Ays\u00e9n durante los dos d\u00edas de las elecciones, los detectives de la Prefectura Provincial Ays\u00e9n se abocaron a fiscalizar el cumplimiento de las cuarentenas de aislamiento que ha impuesto la autoridad sanitaria. Es as\u00ed que durante esos dos d\u00edas se logr\u00f3 la fiscalizaci\u00f3n de 190 personas que se encuentran en esa condici\u00f3n y que, por ende, se encontraban imposibilitadas de trasladarse a los centros de sufragio por covid-19 positivo o ser diagnosticado como contacto estrecho\u201d.<\/p>\n<p style=\"text-align: justify;\">Adem\u00e1s, \u201cen general en las comunas de Coyhaique y Puerto Ays\u00e9n de realizaron patrullajes preventivos en coordinaci\u00f3n con las Fuerzas Armadas, de Orden y Seguridad, principalmente, en el per\u00edmetro de los locales de votaci\u00f3n para apoyar el resguardo de la seguridad durante este importante proceso eleccionario\u201d, efectuando un constante monitoreo del proceso en cada ciudad, agreg\u00f3 el prefecto Christian Fuentes.<\/p>\n<p style=\"text-align: justify;\">Finalmente, el jefe policial indic\u00f3 que a nivel regional se despleg\u00f3 a la dotaci\u00f3n operativa disponible para velar por el control del orden p\u00fablico, la seguridad ciudadana e investigar posibles delitos flagrantes durante este fin de semana, agregando el subprefecto Fuentes que \u201ctodos los servicios se desarrollaron sin ning\u00fan tipo de novedad, no tuvimos hechos delictivos que reportar, ratific\u00e1ndose de esta forma un proceso electoral ordenado y seguro en la regi\u00f3n de Ays\u00e9n\u201d.<\/p>\n<\/div><\/section><\/div><div  style='height:50px' class='hr hr-invisible   avia-builder-el-6  el_after_av_one_full  el_before_av_social_share '><span class='hr-inner ' ><span class='hr-inner-style'><\/span><\/span><\/div><\/p>\n<div  class='av-social-sharing-box  avia-builder-el-7  el_after_av_hr  el_before_av_hr  '><div class='av-share-box'><h5 class='av-share-link-description av-no-toc '>Compartir esta noticia<\/h5><ul class='av-share-box-list noLightbox'><li class='av-share-link av-social-link-facebook' ><a target=\"_blank\" aria-label=\"Compartir en Facebook\" href='https:\/\/www.facebook.com\/sharer.php?u=https:\/\/radiorevelacionfm.cl\/?p=4217&#038;t=PDI%20realiza%20positivo%20balance%20de%20servicio%20especial%20durante%20elecciones%20del%20fin%20de%20semana' aria-hidden='false' data-av_icon='\ue8f3' data-av_iconfont='entypo-fontello' title='' data-avia-related-tooltip='Compartir en Facebook' rel=\"noopener\"><span class='avia_hidden_link_text'>Compartir en Facebook<\/span><\/a><\/li><li class='av-share-link av-social-link-twitter' ><a target=\"_blank\" aria-label=\"Compartir en Twitter\" href='https:\/\/twitter.com\/share?text=PDI%20realiza%20positivo%20balance%20de%20servicio%20especial%20durante%20elecciones%20del%20fin%20de%20semana&#038;url=https:\/\/radiorevelacionfm.cl\/?p=4217' aria-hidden='false' data-av_icon='\ue8f1' data-av_iconfont='entypo-fontello' title='' data-avia-related-tooltip='Compartir en Twitter' rel=\"noopener\"><span class='avia_hidden_link_text'>Compartir en Twitter<\/span><\/a><\/li><li class='av-share-link av-social-link-whatsapp' ><a target=\"_blank\" aria-label=\"Compartir en Whatsapp\" href='https:\/\/api.whatsapp.com\/send?text=https:\/\/radiorevelacionfm.cl\/?p=4217' aria-hidden='false' data-av_icon='\uf232' data-av_iconfont='entypo-fontello' title='' data-avia-related-tooltip='Compartir en Whatsapp' rel=\"noopener\"><span class='avia_hidden_link_text'>Compartir en Whatsapp<\/span><\/a><\/li><li class='av-share-link av-social-link-linkedin' ><a target=\"_blank\" aria-label=\"Compartir en LinkedIn\" href='https:\/\/linkedin.com\/shareArticle?mini=true&#038;title=PDI%20realiza%20positivo%20balance%20de%20servicio%20especial%20durante%20elecciones%20del%20fin%20de%20semana&#038;url=https:\/\/radiorevelacionfm.cl\/?p=4217' aria-hidden='false' data-av_icon='\ue8fc' data-av_iconfont='entypo-fontello' title='' data-avia-related-tooltip='Compartir en LinkedIn' rel=\"noopener\"><span class='avia_hidden_link_text'>Compartir en LinkedIn<\/span><\/a><\/li><li class='av-share-link av-social-link-mail' ><a  aria-label=\"Compartir por correo\" href='mailto:?subject=PDI%20realiza%20positivo%20balance%20de%20servicio%20especial%20durante%20elecciones%20del%20fin%20de%20semana&#038;body=https:\/\/radiorevelacionfm.cl\/?p=4217' aria-hidden='false' data-av_icon='\ue805' data-av_iconfont='entypo-fontello' title='' data-avia-related-tooltip='Compartir por correo'><span class='avia_hidden_link_text'>Compartir por correo<\/span><\/a><\/li><\/ul><\/div><\/div>\n<div  style='height:50px' class='hr hr-invisible   avia-builder-el-8  el_after_av_social_share  el_before_av_comments_list '><span class='hr-inner ' ><span class='hr-inner-style'><\/span><\/span><\/div>\n<div  class='av-buildercomment  av-blog-meta-html-info-disabled av-blog-meta-tag-disabled  '><\/div>\n","protected":false},"excerpt":{"rendered":"","protected":false},"author":1,"featured_media":4218,"comment_status":"open","ping_status":"open","sticky":false,"template":"","format":"standard","meta":{"footnotes":""},"categories":[36],"tags":[],"class_list":["post-4217","post","type-post","status-publish","format-standard","has-post-thumbnail","hentry","category-policial"],"jetpack_featured_media_url":"https:\/\/radiorevelacionfm.cl\/wp-content\/uploads\/2021\/05\/servicio-pdi-elecciones-003_optimized.jpeg","_links":{"self":[{"href":"https:\/\/radiorevelacionfm.cl\/index.php?rest_route=\/wp\/v2\/posts\/4217","targetHints":{"allow":["GET"]}}],"collection":[{"href":"https:\/\/radiorevelacionfm.cl\/index.php?rest_route=\/wp\/v2\/posts"}],"about":[{"href":"https:\/\/radiorevelacionfm.cl\/index.php?rest_route=\/wp\/v2\/types\/post"}],"author":[{"embeddable":true,"href":"https:\/\/radiorevelacionfm.cl\/index.php?rest_route=\/wp\/v2\/users\/1"}],"replies":[{"embeddable":true,"href":"https:\/\/radiorevelacionfm.cl\/index.php?rest_route=%2Fwp%2Fv2%2Fcomments&post=4217"}],"version-history":[{"count":1,"href":"https:\/\/radiorevelacionfm.cl\/index.php?rest_route=\/wp\/v2\/posts\/4217\/revisions"}],"predecessor-version":[{"id":4219,"href":"https:\/\/radiorevelacionfm.cl\/index.php?rest_route=\/wp\/v2\/posts\/4217\/revisions\/4219"}],"wp:featuredmedia":[{"embeddable":true,"href":"https:\/\/radiorevelacionfm.cl\/index.php?rest_route=\/wp\/v2\/media\/4218"}],"wp:attachment":[{"href":"https:\/\/radiorevelacionfm.cl\/index.php?rest_route=%2Fwp%2Fv2%2Fmedia&parent=4217"}],"wp:term":[{"taxonomy":"category","embeddable":true,"href":"https:\/\/radiorevelacionfm.cl\/index.php?rest_route=%2Fwp%2Fv2%2Fcategories&post=4217"},{"taxonomy":"post_tag","embeddable":true,"href":"https:\/\/radiorevelacionfm.cl\/index.php?rest_route=%2Fwp%2Fv2%2Ftags&post=4217"}],"curies":[{"name":"wp","href":"https:\/\/api.w.org\/{rel}","templated":true}]}}