{"id":42151,"date":"2024-05-14T11:25:52","date_gmt":"2024-05-14T14:25:52","guid":{"rendered":"https:\/\/radiorevelacionfm.cl\/?p=42151"},"modified":"2024-05-14T11:25:52","modified_gmt":"2024-05-14T14:25:52","slug":"comuna-de-cisnes-realiza-operativo-puente-aereo-en-apoyo-a-vecinos-de-zonas-aisladas-en-sector-palena-norte","status":"publish","type":"post","link":"https:\/\/radiorevelacionfm.cl\/?p=42151","title":{"rendered":"Comuna de Cisnes realiza \u201coperativo puente a\u00e9reo\u201d en apoyo a vecinos de zonas aisladas en sector Palena Norte"},"content":{"rendered":"<div class=\"flex_column av_one_full  flex_column_div av-zero-column-padding first  avia-builder-el-0  el_before_av_one_full  avia-builder-el-first  \" style='border-radius:0px; '><div  class='avia-image-container  av-styling-    avia-builder-el-1  avia-builder-el-no-sibling  avia-align-center '  itemprop=\"image\" itemscope=\"itemscope\" itemtype=\"https:\/\/schema.org\/ImageObject\"  ><div class='avia-image-container-inner'><div class='avia-image-overlay-wrap'><img decoding=\"async\" class='wp-image-42152 avia-img-lazy-loading-not-42152 avia_image' src=\"https:\/\/radiorevelacionfm.cl\/wp-content\/uploads\/2024\/05\/Operativo-Cisnes-Palena-1-1.jpg\" alt='' title='Operativo Cisnes-Palena (1) (1)' height=\"695\" width=\"800\"  itemprop=\"thumbnailUrl\" srcset=\"https:\/\/radiorevelacionfm.cl\/wp-content\/uploads\/2024\/05\/Operativo-Cisnes-Palena-1-1.jpg 800w, https:\/\/radiorevelacionfm.cl\/wp-content\/uploads\/2024\/05\/Operativo-Cisnes-Palena-1-1-300x261.jpg 300w, https:\/\/radiorevelacionfm.cl\/wp-content\/uploads\/2024\/05\/Operativo-Cisnes-Palena-1-1-768x667.jpg 768w, https:\/\/radiorevelacionfm.cl\/wp-content\/uploads\/2024\/05\/Operativo-Cisnes-Palena-1-1-705x612.jpg 705w, https:\/\/radiorevelacionfm.cl\/wp-content\/uploads\/2024\/05\/Operativo-Cisnes-Palena-1-1-450x391.jpg 450w, https:\/\/radiorevelacionfm.cl\/wp-content\/uploads\/2024\/05\/Operativo-Cisnes-Palena-1-1-600x521.jpg 600w\" sizes=\"(max-width: 800px) 100vw, 800px\" \/><\/div><\/div><\/div><\/div><div class=\"flex_column av_one_full  flex_column_div av-zero-column-padding first  avia-builder-el-2  el_after_av_one_full  el_before_av_one_full  column-top-margin\" style='border-radius:0px; '><section class=\"av_textblock_section \"  itemscope=\"itemscope\" itemtype=\"https:\/\/schema.org\/BlogPosting\" itemprop=\"blogPost\" ><div class='avia_textblock  '   itemprop=\"text\" ><p style=\"text-align: center;\"><strong><span style=\"font-size: 18pt;\">Comuna de Cisnes realiza \u201coperativo puente a\u00e9reo\u201d en apoyo a vecinos de zonas aisladas en sector Palena Norte<\/span><\/strong><\/p>\n<div id=\"gtx-trans\" style=\"position: absolute; left: -50px; top: 4.31534px;\">\n<div class=\"gtx-trans-icon\"><\/div>\n<\/div>\n<\/div><\/section><\/div><div class=\"flex_column av_one_full  flex_column_div av-zero-column-padding first  avia-builder-el-4  el_after_av_one_full  el_before_av_hr  column-top-margin\" style='border-radius:0px; '><section class=\"av_textblock_section \"  itemscope=\"itemscope\" itemtype=\"https:\/\/schema.org\/BlogPosting\" itemprop=\"blogPost\" ><div class='avia_textblock  '   itemprop=\"text\" ><p style=\"font-weight: 400; text-align: justify;\">El pasado lunes se llev\u00f3 a cabo el primer \u201cOperativo Puente A\u00e9reo\u201d organizado por la Municipalidad de Cisnes, en conjunto con Carabineros de Chile, en apoyo a los vecinos de las zonas aisladas del sector Palena Norte. Esta iniciativa fue posible gracias a la estrecha colaboraci\u00f3n entre ambas instituciones, que buscaron llegar con ayuda de manera oportuna a los vecinos que viven en situaci\u00f3n de mayor aislamiento.<\/p>\n<p style=\"font-weight: 400; text-align: justify;\">Dentro de las acciones realizadas en este operativo, se incluy\u00f3 la entrega de alimentos tanto para los vecinos como para los animales de la zona, as\u00ed como tambi\u00e9n otros elementos del d\u00eda a d\u00eda, con lo que se busc\u00f3 aportar en su calidad de vida y necesidades para un mejor vivir, demostrando el compromiso de la Municipalidad de Cisnes y Carabineros de Chile con el bienestar de la comunidad.<\/p>\n<p style=\"font-weight: 400; text-align: justify;\">En esta instancia, tambi\u00e9n se aprovech\u00f3 de trasladar a un equipo del CENSO, quienes pudieron aplicar la encuesta y as\u00ed los vecinos pudieran ser censados.<\/p>\n<p style=\"font-weight: 400; text-align: justify;\">El operativo fue fundamental para asegurar que los habitantes de las zonas remotas tengan acceso a bienes b\u00e1sicos y servicios esenciales, demostrando el compromiso de la Municipalidad de Cisnes y Carabineros de Chile con el bienestar de la comunidad.<\/p>\n<p style=\"font-weight: 400; text-align: justify;\">El alcalde Francisco Roncagliolo agradeci\u00f3 especialmente al General de Carabineros de Chile, Patricio Santos, y destaca la colaboraci\u00f3n y solidaridad de la comunidad en el desarrollo de esta importante acci\u00f3n.<\/p>\n<\/div><\/section><\/div><div  style='height:50px' class='hr hr-invisible   avia-builder-el-6  el_after_av_one_full  el_before_av_social_share '><span class='hr-inner ' ><span class='hr-inner-style'><\/span><\/span><\/div><\/p>\n<div  class='av-social-sharing-box  avia-builder-el-7  el_after_av_hr  el_before_av_hr  '><div class='av-share-box'><h5 class='av-share-link-description av-no-toc '>Compartir esta noticia<\/h5><ul class='av-share-box-list noLightbox'><li class='av-share-link av-social-link-facebook' ><a target=\"_blank\" aria-label=\"Compartir en Facebook\" href='https:\/\/www.facebook.com\/sharer.php?u=https:\/\/radiorevelacionfm.cl\/?p=42151&#038;t=Comuna%20de%20Cisnes%20realiza%20%E2%80%9Coperativo%20puente%20a%C3%A9reo%E2%80%9D%20en%20apoyo%20a%20vecinos%20de%20zonas%20aisladas%20en%20sector%20Palena%20Norte' aria-hidden='false' data-av_icon='\ue8f3' data-av_iconfont='entypo-fontello' title='' data-avia-related-tooltip='Compartir en Facebook' rel=\"noopener\"><span class='avia_hidden_link_text'>Compartir en Facebook<\/span><\/a><\/li><li class='av-share-link av-social-link-twitter' ><a target=\"_blank\" aria-label=\"Compartir en Twitter\" href='https:\/\/twitter.com\/share?text=Comuna%20de%20Cisnes%20realiza%20%E2%80%9Coperativo%20puente%20a%C3%A9reo%E2%80%9D%20en%20apoyo%20a%20vecinos%20de%20zonas%20aisladas%20en%20sector%20Palena%20Norte&#038;url=https:\/\/radiorevelacionfm.cl\/?p=42151' aria-hidden='false' data-av_icon='\ue8f1' data-av_iconfont='entypo-fontello' title='' data-avia-related-tooltip='Compartir en Twitter' rel=\"noopener\"><span class='avia_hidden_link_text'>Compartir en Twitter<\/span><\/a><\/li><li class='av-share-link av-social-link-whatsapp' ><a target=\"_blank\" aria-label=\"Compartir en Whatsapp\" href='https:\/\/api.whatsapp.com\/send?text=https:\/\/radiorevelacionfm.cl\/?p=42151' aria-hidden='false' data-av_icon='\uf232' data-av_iconfont='entypo-fontello' title='' data-avia-related-tooltip='Compartir en Whatsapp' rel=\"noopener\"><span class='avia_hidden_link_text'>Compartir en Whatsapp<\/span><\/a><\/li><li class='av-share-link av-social-link-linkedin' ><a target=\"_blank\" aria-label=\"Compartir en LinkedIn\" href='https:\/\/linkedin.com\/shareArticle?mini=true&#038;title=Comuna%20de%20Cisnes%20realiza%20%E2%80%9Coperativo%20puente%20a%C3%A9reo%E2%80%9D%20en%20apoyo%20a%20vecinos%20de%20zonas%20aisladas%20en%20sector%20Palena%20Norte&#038;url=https:\/\/radiorevelacionfm.cl\/?p=42151' aria-hidden='false' data-av_icon='\ue8fc' data-av_iconfont='entypo-fontello' title='' data-avia-related-tooltip='Compartir en LinkedIn' rel=\"noopener\"><span class='avia_hidden_link_text'>Compartir en LinkedIn<\/span><\/a><\/li><li class='av-share-link av-social-link-mail' ><a  aria-label=\"Compartir por correo\" href='mailto:?subject=Comuna%20de%20Cisnes%20realiza%20%E2%80%9Coperativo%20puente%20a%C3%A9reo%E2%80%9D%20en%20apoyo%20a%20vecinos%20de%20zonas%20aisladas%20en%20sector%20Palena%20Norte&#038;body=https:\/\/radiorevelacionfm.cl\/?p=42151' aria-hidden='false' data-av_icon='\ue805' data-av_iconfont='entypo-fontello' title='' data-avia-related-tooltip='Compartir por correo'><span class='avia_hidden_link_text'>Compartir por correo<\/span><\/a><\/li><\/ul><\/div><\/div>\n<div  style='height:50px' class='hr hr-invisible   avia-builder-el-8  el_after_av_social_share  el_before_av_comments_list '><span class='hr-inner ' ><span class='hr-inner-style'><\/span><\/span><\/div>\n<div  class='av-buildercomment  av-blog-meta-html-info-disabled av-blog-meta-tag-disabled  '><\/div>\n","protected":false},"excerpt":{"rendered":"","protected":false},"author":1,"featured_media":42152,"comment_status":"open","ping_status":"open","sticky":false,"template":"","format":"standard","meta":{"footnotes":""},"categories":[38],"tags":[],"class_list":["post-42151","post","type-post","status-publish","format-standard","has-post-thumbnail","hentry","category-regional"],"jetpack_featured_media_url":"https:\/\/radiorevelacionfm.cl\/wp-content\/uploads\/2024\/05\/Operativo-Cisnes-Palena-1-1.jpg","_links":{"self":[{"href":"https:\/\/radiorevelacionfm.cl\/index.php?rest_route=\/wp\/v2\/posts\/42151","targetHints":{"allow":["GET"]}}],"collection":[{"href":"https:\/\/radiorevelacionfm.cl\/index.php?rest_route=\/wp\/v2\/posts"}],"about":[{"href":"https:\/\/radiorevelacionfm.cl\/index.php?rest_route=\/wp\/v2\/types\/post"}],"author":[{"embeddable":true,"href":"https:\/\/radiorevelacionfm.cl\/index.php?rest_route=\/wp\/v2\/users\/1"}],"replies":[{"embeddable":true,"href":"https:\/\/radiorevelacionfm.cl\/index.php?rest_route=%2Fwp%2Fv2%2Fcomments&post=42151"}],"version-history":[{"count":1,"href":"https:\/\/radiorevelacionfm.cl\/index.php?rest_route=\/wp\/v2\/posts\/42151\/revisions"}],"predecessor-version":[{"id":42153,"href":"https:\/\/radiorevelacionfm.cl\/index.php?rest_route=\/wp\/v2\/posts\/42151\/revisions\/42153"}],"wp:featuredmedia":[{"embeddable":true,"href":"https:\/\/radiorevelacionfm.cl\/index.php?rest_route=\/wp\/v2\/media\/42152"}],"wp:attachment":[{"href":"https:\/\/radiorevelacionfm.cl\/index.php?rest_route=%2Fwp%2Fv2%2Fmedia&parent=42151"}],"wp:term":[{"taxonomy":"category","embeddable":true,"href":"https:\/\/radiorevelacionfm.cl\/index.php?rest_route=%2Fwp%2Fv2%2Fcategories&post=42151"},{"taxonomy":"post_tag","embeddable":true,"href":"https:\/\/radiorevelacionfm.cl\/index.php?rest_route=%2Fwp%2Fv2%2Ftags&post=42151"}],"curies":[{"name":"wp","href":"https:\/\/api.w.org\/{rel}","templated":true}]}}