{"id":42148,"date":"2024-05-14T11:10:04","date_gmt":"2024-05-14T14:10:04","guid":{"rendered":"https:\/\/radiorevelacionfm.cl\/?p=42148"},"modified":"2024-05-14T11:10:04","modified_gmt":"2024-05-14T14:10:04","slug":"dirigentes-y-diputado-calisto-resaltaron-compra-de-terrenos-de-la-chacra-40-b","status":"publish","type":"post","link":"https:\/\/radiorevelacionfm.cl\/?p=42148","title":{"rendered":"Dirigentes y diputado Calisto resaltaron compra de terrenos de la chacra 40 B"},"content":{"rendered":"<div class=\"flex_column av_one_full  flex_column_div av-zero-column-padding first  avia-builder-el-0  el_before_av_one_full  avia-builder-el-first  \" style='border-radius:0px; '><div  class='avia-image-container  av-styling-    avia-builder-el-1  avia-builder-el-no-sibling  avia-align-center '  itemprop=\"image\" itemscope=\"itemscope\" itemtype=\"https:\/\/schema.org\/ImageObject\"  ><div class='avia-image-container-inner'><div class='avia-image-overlay-wrap'><img decoding=\"async\" class='wp-image-42149 avia-img-lazy-loading-not-42149 avia_image' src=\"https:\/\/radiorevelacionfm.cl\/wp-content\/uploads\/2024\/05\/foto-chacra-40-b-1_optimized.jpg\" alt='' title='foto-chacra-40-b-(1)_optimized' height=\"600\" width=\"1067\"  itemprop=\"thumbnailUrl\" srcset=\"https:\/\/radiorevelacionfm.cl\/wp-content\/uploads\/2024\/05\/foto-chacra-40-b-1_optimized.jpg 1067w, https:\/\/radiorevelacionfm.cl\/wp-content\/uploads\/2024\/05\/foto-chacra-40-b-1_optimized-300x169.jpg 300w, https:\/\/radiorevelacionfm.cl\/wp-content\/uploads\/2024\/05\/foto-chacra-40-b-1_optimized-1030x579.jpg 1030w, https:\/\/radiorevelacionfm.cl\/wp-content\/uploads\/2024\/05\/foto-chacra-40-b-1_optimized-768x432.jpg 768w, https:\/\/radiorevelacionfm.cl\/wp-content\/uploads\/2024\/05\/foto-chacra-40-b-1_optimized-705x396.jpg 705w, https:\/\/radiorevelacionfm.cl\/wp-content\/uploads\/2024\/05\/foto-chacra-40-b-1_optimized-450x253.jpg 450w, https:\/\/radiorevelacionfm.cl\/wp-content\/uploads\/2024\/05\/foto-chacra-40-b-1_optimized-600x337.jpg 600w\" sizes=\"(max-width: 1067px) 100vw, 1067px\" \/><\/div><\/div><\/div><\/div><div class=\"flex_column av_one_full  flex_column_div av-zero-column-padding first  avia-builder-el-2  el_after_av_one_full  el_before_av_one_full  column-top-margin\" style='border-radius:0px; '><section class=\"av_textblock_section \"  itemscope=\"itemscope\" itemtype=\"https:\/\/schema.org\/BlogPosting\" itemprop=\"blogPost\" ><div class='avia_textblock  '   itemprop=\"text\" ><p style=\"text-align: center;\"><strong><span style=\"font-size: 18pt;\">Dirigentes y diputado Calisto resaltaron compra de terrenos de la chacra 40 B<\/span><\/strong><\/p>\n<div id=\"gtx-trans\" style=\"position: absolute; left: -50px; top: 4.31534px;\">\n<div class=\"gtx-trans-icon\"><\/div>\n<\/div>\n<\/div><\/section><\/div><div class=\"flex_column av_one_full  flex_column_div av-zero-column-padding first  avia-builder-el-4  el_after_av_one_full  el_before_av_hr  column-top-margin\" style='border-radius:0px; '><section class=\"av_textblock_section \"  itemscope=\"itemscope\" itemtype=\"https:\/\/schema.org\/BlogPosting\" itemprop=\"blogPost\" ><div class='avia_textblock  '   itemprop=\"text\" ><p style=\"font-weight: 400; text-align: justify;\">El diputado Miguel \u00c1ngel Calisto y el Consejero Felipe Klein se reunieron con dirigentes de los tres comit\u00e9s que proyectan sus viviendas en la denominada Chacra 40, instancia donde resaltaron la confirmaci\u00f3n de la compra de los terrenos de 9,9 hect\u00e1reas que albergar\u00e1n las viviendas de estas 380 familias de Coyhaique.<\/p>\n<p style=\"font-weight: 400; text-align: justify;\">El diputado Miguel \u00c1ngel Calisto, afirm\u00f3 que \u201cestamos muy contentos con estos tres comit\u00e9s, Villa Cordillera, San Miguel y Sue\u00f1o de Todos. Son 380 familias que ya ven la posibilidad real de tener sus casas. Ya estamos con resultados concretos por la compra del terreno ac\u00e1 en Coyhaique. Destacamos el trabajo de los dirigentes, en especial a Mar\u00eda Saldivia, quien ha sido el motor de esta lucha\u201d.<\/p>\n<p style=\"font-weight: 400; text-align: justify;\">\u201cYa tenemos el terreno para estos comit\u00e9s, esto es una realidad, un hecho concreto que nos da seguridad\u201d, se\u00f1al\u00f3 el legislador.<\/p>\n<p style=\"font-weight: 400; text-align: justify;\">Por su parte, el Consejero Regional Felipe Klein, indic\u00f3 que \u201cestamos muy contentos, porque despu\u00e9s de tantos a\u00f1os se logr\u00f3 la compra del terreno de la Chacra 40 B. Son m\u00e1s de 380 familias, que est\u00e1n dando este tremendo paso. Ahora viene el desaf\u00edo que tiene la entidad patrocinante para levantar el proyecto lo m\u00e1s r\u00e1pido posible\u201d.<\/p>\n<p style=\"font-weight: 400; text-align: justify;\">Para la coordinadora de estos comit\u00e9s, Mar\u00eda Saldivia, \u201cestamos muy felices, porque ya tenemos terreno, se viene la construcci\u00f3n de las viviendas para los tres comit\u00e9s, tanto en vivienda como en altura. Hay mucho que agradecer, pero personalmente le agradezco a Miguel \u00c1ngel que desde el d\u00eda uno estuvo apoyando. Se trata de un proyecto que fue muy dif\u00edcil, pero gracias a sus gestiones nos reunimos con el Ministro y pudimos avanzar\u201d.<\/p>\n<p style=\"font-weight: 400; text-align: justify;\">\u201cTenemos un comit\u00e9 con 17 a\u00f1os de espera y el m\u00e1s joven lleva ocho a\u00f1os. Tambi\u00e9n le agradecemos al Consejero Felipe Klein que ha estado en todas con nosotros\u201d, afirm\u00f3 Saldivia.<\/p>\n<p style=\"font-weight: 400; text-align: justify;\">Seg\u00fan Pedro Gonz\u00e1lez, Presidente del comit\u00e9 San Miguel \u201cquiero darles las gracias a nuestras autoridades regionales por el apoyo incondicional a nuestro comit\u00e9, a nuestros directivos y socios. En general, agradecidos y contentos con esta hermosa noticia que nos lleg\u00f3. Fue un d\u00eda muy alegre cuando nos notificaron que el terreno era nuestro, muchas gracias nuestro diputado\u201d.<\/p>\n<p style=\"font-weight: 400; text-align: justify;\">Finalmente, la Secretaria del Comit\u00e9 San Miguel, Roc\u00edo Flores, se\u00f1al\u00f3 que \u201cesto lo est\u00e1bamos esperando hace mucho tiempo. Ahora que tenemos el terreno, que ya es de nosotros, estamos totalmente felices, a mi me llegaron a salir l\u00e1grimas, pero ya esta todo bien\u201d.<\/p>\n<\/div><\/section><\/div><div  style='height:50px' class='hr hr-invisible   avia-builder-el-6  el_after_av_one_full  el_before_av_social_share '><span class='hr-inner ' ><span class='hr-inner-style'><\/span><\/span><\/div><\/p>\n<div  class='av-social-sharing-box  avia-builder-el-7  el_after_av_hr  el_before_av_hr  '><div class='av-share-box'><h5 class='av-share-link-description av-no-toc '>Compartir esta noticia<\/h5><ul class='av-share-box-list noLightbox'><li class='av-share-link av-social-link-facebook' ><a target=\"_blank\" aria-label=\"Compartir en Facebook\" href='https:\/\/www.facebook.com\/sharer.php?u=https:\/\/radiorevelacionfm.cl\/?p=42148&#038;t=Dirigentes%20y%20diputado%20Calisto%20resaltaron%20compra%20de%20terrenos%20de%20la%20chacra%2040%20B' aria-hidden='false' data-av_icon='\ue8f3' data-av_iconfont='entypo-fontello' title='' data-avia-related-tooltip='Compartir en Facebook' rel=\"noopener\"><span class='avia_hidden_link_text'>Compartir en Facebook<\/span><\/a><\/li><li class='av-share-link av-social-link-twitter' ><a target=\"_blank\" aria-label=\"Compartir en Twitter\" href='https:\/\/twitter.com\/share?text=Dirigentes%20y%20diputado%20Calisto%20resaltaron%20compra%20de%20terrenos%20de%20la%20chacra%2040%20B&#038;url=https:\/\/radiorevelacionfm.cl\/?p=42148' aria-hidden='false' data-av_icon='\ue8f1' data-av_iconfont='entypo-fontello' title='' data-avia-related-tooltip='Compartir en Twitter' rel=\"noopener\"><span class='avia_hidden_link_text'>Compartir en Twitter<\/span><\/a><\/li><li class='av-share-link av-social-link-whatsapp' ><a target=\"_blank\" aria-label=\"Compartir en Whatsapp\" href='https:\/\/api.whatsapp.com\/send?text=https:\/\/radiorevelacionfm.cl\/?p=42148' aria-hidden='false' data-av_icon='\uf232' data-av_iconfont='entypo-fontello' title='' data-avia-related-tooltip='Compartir en Whatsapp' rel=\"noopener\"><span class='avia_hidden_link_text'>Compartir en Whatsapp<\/span><\/a><\/li><li class='av-share-link av-social-link-linkedin' ><a target=\"_blank\" aria-label=\"Compartir en LinkedIn\" href='https:\/\/linkedin.com\/shareArticle?mini=true&#038;title=Dirigentes%20y%20diputado%20Calisto%20resaltaron%20compra%20de%20terrenos%20de%20la%20chacra%2040%20B&#038;url=https:\/\/radiorevelacionfm.cl\/?p=42148' aria-hidden='false' data-av_icon='\ue8fc' data-av_iconfont='entypo-fontello' title='' data-avia-related-tooltip='Compartir en LinkedIn' rel=\"noopener\"><span class='avia_hidden_link_text'>Compartir en LinkedIn<\/span><\/a><\/li><li class='av-share-link av-social-link-mail' ><a  aria-label=\"Compartir por correo\" href='mailto:?subject=Dirigentes%20y%20diputado%20Calisto%20resaltaron%20compra%20de%20terrenos%20de%20la%20chacra%2040%20B&#038;body=https:\/\/radiorevelacionfm.cl\/?p=42148' aria-hidden='false' data-av_icon='\ue805' data-av_iconfont='entypo-fontello' title='' data-avia-related-tooltip='Compartir por correo'><span class='avia_hidden_link_text'>Compartir por correo<\/span><\/a><\/li><\/ul><\/div><\/div>\n<div  style='height:50px' class='hr hr-invisible   avia-builder-el-8  el_after_av_social_share  el_before_av_comments_list '><span class='hr-inner ' ><span class='hr-inner-style'><\/span><\/span><\/div>\n<div  class='av-buildercomment  av-blog-meta-html-info-disabled av-blog-meta-tag-disabled  '><\/div>\n","protected":false},"excerpt":{"rendered":"","protected":false},"author":1,"featured_media":42149,"comment_status":"open","ping_status":"open","sticky":false,"template":"","format":"standard","meta":{"footnotes":""},"categories":[38],"tags":[],"class_list":["post-42148","post","type-post","status-publish","format-standard","has-post-thumbnail","hentry","category-regional"],"jetpack_featured_media_url":"https:\/\/radiorevelacionfm.cl\/wp-content\/uploads\/2024\/05\/foto-chacra-40-b-1_optimized.jpg","_links":{"self":[{"href":"https:\/\/radiorevelacionfm.cl\/index.php?rest_route=\/wp\/v2\/posts\/42148","targetHints":{"allow":["GET"]}}],"collection":[{"href":"https:\/\/radiorevelacionfm.cl\/index.php?rest_route=\/wp\/v2\/posts"}],"about":[{"href":"https:\/\/radiorevelacionfm.cl\/index.php?rest_route=\/wp\/v2\/types\/post"}],"author":[{"embeddable":true,"href":"https:\/\/radiorevelacionfm.cl\/index.php?rest_route=\/wp\/v2\/users\/1"}],"replies":[{"embeddable":true,"href":"https:\/\/radiorevelacionfm.cl\/index.php?rest_route=%2Fwp%2Fv2%2Fcomments&post=42148"}],"version-history":[{"count":1,"href":"https:\/\/radiorevelacionfm.cl\/index.php?rest_route=\/wp\/v2\/posts\/42148\/revisions"}],"predecessor-version":[{"id":42150,"href":"https:\/\/radiorevelacionfm.cl\/index.php?rest_route=\/wp\/v2\/posts\/42148\/revisions\/42150"}],"wp:featuredmedia":[{"embeddable":true,"href":"https:\/\/radiorevelacionfm.cl\/index.php?rest_route=\/wp\/v2\/media\/42149"}],"wp:attachment":[{"href":"https:\/\/radiorevelacionfm.cl\/index.php?rest_route=%2Fwp%2Fv2%2Fmedia&parent=42148"}],"wp:term":[{"taxonomy":"category","embeddable":true,"href":"https:\/\/radiorevelacionfm.cl\/index.php?rest_route=%2Fwp%2Fv2%2Fcategories&post=42148"},{"taxonomy":"post_tag","embeddable":true,"href":"https:\/\/radiorevelacionfm.cl\/index.php?rest_route=%2Fwp%2Fv2%2Ftags&post=42148"}],"curies":[{"name":"wp","href":"https:\/\/api.w.org\/{rel}","templated":true}]}}