{"id":42144,"date":"2024-05-14T11:02:44","date_gmt":"2024-05-14T14:02:44","guid":{"rendered":"https:\/\/radiorevelacionfm.cl\/?p=42144"},"modified":"2024-05-14T11:02:44","modified_gmt":"2024-05-14T14:02:44","slug":"ministro-pardow-lidera-gabinete-pro-crecimiento-y-empleo-en-aysen-y-anuncia-importante-hito-financiero-para-el-sector-energetico-de-la-region","status":"publish","type":"post","link":"https:\/\/radiorevelacionfm.cl\/?p=42144","title":{"rendered":"Ministro Pardow lidera Gabinete Pro Crecimiento y Empleo en Ays\u00e9n y anuncia importante hito financiero para el sector energ\u00e9tico de la regi\u00f3n"},"content":{"rendered":"<div class=\"flex_column av_one_full  flex_column_div av-zero-column-padding first  avia-builder-el-0  el_before_av_one_full  avia-builder-el-first  \" style='border-radius:0px; '><div  class='avia-image-container  av-styling-    avia-builder-el-1  avia-builder-el-no-sibling  avia-align-center '  itemprop=\"image\" itemscope=\"itemscope\" itemtype=\"https:\/\/schema.org\/ImageObject\"  ><div class='avia-image-container-inner'><div class='avia-image-overlay-wrap'><img decoding=\"async\" class='wp-image-42146 avia-img-lazy-loading-not-42146 avia_image' src=\"https:\/\/radiorevelacionfm.cl\/wp-content\/uploads\/2024\/05\/foto1-6-1-1_optimized.jpeg\" alt='' title='foto1-(6)-(1)-(1)_optimized' height=\"600\" width=\"901\"  itemprop=\"thumbnailUrl\" srcset=\"https:\/\/radiorevelacionfm.cl\/wp-content\/uploads\/2024\/05\/foto1-6-1-1_optimized.jpeg 901w, https:\/\/radiorevelacionfm.cl\/wp-content\/uploads\/2024\/05\/foto1-6-1-1_optimized-300x200.jpeg 300w, https:\/\/radiorevelacionfm.cl\/wp-content\/uploads\/2024\/05\/foto1-6-1-1_optimized-768x511.jpeg 768w, https:\/\/radiorevelacionfm.cl\/wp-content\/uploads\/2024\/05\/foto1-6-1-1_optimized-705x469.jpeg 705w, https:\/\/radiorevelacionfm.cl\/wp-content\/uploads\/2024\/05\/foto1-6-1-1_optimized-450x300.jpeg 450w, https:\/\/radiorevelacionfm.cl\/wp-content\/uploads\/2024\/05\/foto1-6-1-1_optimized-600x400.jpeg 600w\" sizes=\"(max-width: 901px) 100vw, 901px\" \/><\/div><\/div><\/div><\/div><div class=\"flex_column av_one_full  flex_column_div av-zero-column-padding first  avia-builder-el-2  el_after_av_one_full  el_before_av_one_full  column-top-margin\" style='border-radius:0px; '><section class=\"av_textblock_section \"  itemscope=\"itemscope\" itemtype=\"https:\/\/schema.org\/BlogPosting\" itemprop=\"blogPost\" ><div class='avia_textblock  '   itemprop=\"text\" ><p style=\"text-align: center;\"><strong><span style=\"font-size: 18pt;\">Ministro Pardow lidera Gabinete Pro Crecimiento y Empleo en Ays\u00e9n y anuncia importante hito financiero para el sector energ\u00e9tico de la regi\u00f3n<\/span><\/strong><\/p>\n<div id=\"gtx-trans\" style=\"position: absolute; left: -50px; top: 4.31534px;\">\n<div class=\"gtx-trans-icon\"><\/div>\n<\/div>\n<\/div><\/section><\/div><div class=\"flex_column av_one_full  flex_column_div av-zero-column-padding first  avia-builder-el-4  el_after_av_one_full  el_before_av_hr  column-top-margin\" style='border-radius:0px; '><section class=\"av_textblock_section \"  itemscope=\"itemscope\" itemtype=\"https:\/\/schema.org\/BlogPosting\" itemprop=\"blogPost\" ><div class='avia_textblock  '   itemprop=\"text\" ><p style=\"text-align: justify;\"><em>Durante el encuentro se confirm\u00f3 que la ampliaci\u00f3n del Parque E\u00f3lico Alto Baguales podr\u00eda ser financiado parcialmente considerando los criterios contenidos en el art\u00edculo 6 de la Convenci\u00f3n de Paris para la mitigaci\u00f3n de gases de efecto invernadero.<\/em><\/p>\n<p style=\"text-align: justify;\">El ministro de Energ\u00eda Diego Pardow junto al Delegado Presidencial de la Regi\u00f3n de Ays\u00e9n, Rodrigo Araya, encabezaron el Gabinete Pro Crecimiento y Empleo para repasar el estado de avance en materia de inversi\u00f3n y facilitar la concreci\u00f3n de diversos proyectos de inversi\u00f3n p\u00fablica y privada en la zona, tarea que ha sido encomendada por el Presidente de la Rep\u00fablica, Gabriel Boric.<\/p>\n<p style=\"text-align: justify;\">El secretario de Energ\u00eda destac\u00f3 la instancia, que se realiz\u00f3 en la ciudad de Puerto Ays\u00e9n, ya que propicia la reactivaci\u00f3n econ\u00f3mica de manera descentralizada. \u201cHoy las condiciones macroecon\u00f3micas para la inversi\u00f3n son favorables, pero necesitamos acelerar el ritmo de formaci\u00f3n de capital y de generaci\u00f3n de empleo. Para eso es importante que los distintos flujos administrativos para la obtenci\u00f3n de permisos y la materializaci\u00f3n de las decisiones de inversi\u00f3n se hagan lo m\u00e1s r\u00e1pido posible\u201d, afirm\u00f3.<\/p>\n<p style=\"text-align: justify;\">Por su parte, el Delegado Presidencial de Ays\u00e9n, Rodrigo Araya, mencion\u00f3 la importancia de entregar apoyo a todas las iniciativas que se desarrollan en la zona. \u201cHoy revisamos en el Gabinete Pro Crecimiento y Empleo el sector privado, donde pudimos ver proyectos en el \u00e1rea de la miner\u00eda, en el \u00e1rea del comercio y en el \u00e1rea de producci\u00f3n energ\u00e9tica. Estamos interesados en dar cobertura a todos esos sectores\u201d, se\u00f1al\u00f3 la autoridad regional.<\/p>\n<p style=\"text-align: justify;\">Durante el encuentro se revisaron los avances de 6 proyectos privados de inversi\u00f3n por un monto de US$ 43 millones, principalmente en los sectores energ\u00eda, infraestructura, turismo y miner\u00eda. Estos proyectos contemplan la creaci\u00f3n de m\u00e1s de 350 empleos en las etapas de construcci\u00f3n y operaci\u00f3n.<\/p>\n<p style=\"text-align: justify;\">\u201cEn el caso de los proyectos privados, especialmente la ampliaci\u00f3n del Parque E\u00f3lico Alto Baguales, la regi\u00f3n va a ser pionera ya que ser\u00e1 el proyecto que va a incorporar financiamiento bajo el art\u00edculo 6 de la Convenci\u00f3n de Par\u00eds. Esto va a permitir que todas las emisiones de di\u00e9sel sean mitigadas y esto podr\u00e1 ser monetizado en Suiza. El resultado de esta operaci\u00f3n financiera permitir\u00e1 materializar este proyecto y otros proyectos de energ\u00edas limpias en la regi\u00f3n\u201d, explic\u00f3 Pardow.<\/p>\n<p style=\"text-align: justify;\">Asimismo, en el encuentro que cont\u00f3 con la participaci\u00f3n de otras autoridades locales, se analizaron 9 iniciativas p\u00fablicas de inversi\u00f3n como la puesta en marcha del Hospital de Chile Chico, mejoras en conectividad como la nueva barcaza en el Lago General Carrera, pavimentaci\u00f3n de la Carretera Austral, entre otras.<\/p>\n<\/div><\/section><\/div><div  style='height:50px' class='hr hr-invisible   avia-builder-el-6  el_after_av_one_full  el_before_av_social_share '><span class='hr-inner ' ><span class='hr-inner-style'><\/span><\/span><\/div><\/p>\n<div  class='av-social-sharing-box  avia-builder-el-7  el_after_av_hr  el_before_av_hr  '><div class='av-share-box'><h5 class='av-share-link-description av-no-toc '>Compartir esta noticia<\/h5><ul class='av-share-box-list noLightbox'><li class='av-share-link av-social-link-facebook' ><a target=\"_blank\" aria-label=\"Compartir en Facebook\" href='https:\/\/www.facebook.com\/sharer.php?u=https:\/\/radiorevelacionfm.cl\/?p=42144&#038;t=Ministro%20Pardow%20lidera%20Gabinete%20Pro%20Crecimiento%20y%20Empleo%20en%20Ays%C3%A9n%20y%20anuncia%20importante%20hito%20financiero%20para%20el%20sector%20energ%C3%A9tico%20de%20la%20regi%C3%B3n' aria-hidden='false' data-av_icon='\ue8f3' data-av_iconfont='entypo-fontello' title='' data-avia-related-tooltip='Compartir en Facebook' rel=\"noopener\"><span class='avia_hidden_link_text'>Compartir en Facebook<\/span><\/a><\/li><li class='av-share-link av-social-link-twitter' ><a target=\"_blank\" aria-label=\"Compartir en Twitter\" href='https:\/\/twitter.com\/share?text=Ministro%20Pardow%20lidera%20Gabinete%20Pro%20Crecimiento%20y%20Empleo%20en%20Ays%C3%A9n%20y%20anuncia%20importante%20hito%20financiero%20para%20el%20sector%20energ%C3%A9tico%20de%20la%20regi%C3%B3n&#038;url=https:\/\/radiorevelacionfm.cl\/?p=42144' aria-hidden='false' data-av_icon='\ue8f1' data-av_iconfont='entypo-fontello' title='' data-avia-related-tooltip='Compartir en Twitter' rel=\"noopener\"><span class='avia_hidden_link_text'>Compartir en Twitter<\/span><\/a><\/li><li class='av-share-link av-social-link-whatsapp' ><a target=\"_blank\" aria-label=\"Compartir en Whatsapp\" href='https:\/\/api.whatsapp.com\/send?text=https:\/\/radiorevelacionfm.cl\/?p=42144' aria-hidden='false' data-av_icon='\uf232' data-av_iconfont='entypo-fontello' title='' data-avia-related-tooltip='Compartir en Whatsapp' rel=\"noopener\"><span class='avia_hidden_link_text'>Compartir en Whatsapp<\/span><\/a><\/li><li class='av-share-link av-social-link-linkedin' ><a target=\"_blank\" aria-label=\"Compartir en LinkedIn\" href='https:\/\/linkedin.com\/shareArticle?mini=true&#038;title=Ministro%20Pardow%20lidera%20Gabinete%20Pro%20Crecimiento%20y%20Empleo%20en%20Ays%C3%A9n%20y%20anuncia%20importante%20hito%20financiero%20para%20el%20sector%20energ%C3%A9tico%20de%20la%20regi%C3%B3n&#038;url=https:\/\/radiorevelacionfm.cl\/?p=42144' aria-hidden='false' data-av_icon='\ue8fc' data-av_iconfont='entypo-fontello' title='' data-avia-related-tooltip='Compartir en LinkedIn' rel=\"noopener\"><span class='avia_hidden_link_text'>Compartir en LinkedIn<\/span><\/a><\/li><li class='av-share-link av-social-link-mail' ><a  aria-label=\"Compartir por correo\" href='mailto:?subject=Ministro%20Pardow%20lidera%20Gabinete%20Pro%20Crecimiento%20y%20Empleo%20en%20Ays%C3%A9n%20y%20anuncia%20importante%20hito%20financiero%20para%20el%20sector%20energ%C3%A9tico%20de%20la%20regi%C3%B3n&#038;body=https:\/\/radiorevelacionfm.cl\/?p=42144' aria-hidden='false' data-av_icon='\ue805' data-av_iconfont='entypo-fontello' title='' data-avia-related-tooltip='Compartir por correo'><span class='avia_hidden_link_text'>Compartir por correo<\/span><\/a><\/li><\/ul><\/div><\/div>\n<div  style='height:50px' class='hr hr-invisible   avia-builder-el-8  el_after_av_social_share  el_before_av_comments_list '><span class='hr-inner ' ><span class='hr-inner-style'><\/span><\/span><\/div>\n<div  class='av-buildercomment  av-blog-meta-html-info-disabled av-blog-meta-tag-disabled  '><\/div>\n","protected":false},"excerpt":{"rendered":"","protected":false},"author":1,"featured_media":42146,"comment_status":"open","ping_status":"open","sticky":false,"template":"","format":"standard","meta":{"footnotes":""},"categories":[38],"tags":[],"class_list":["post-42144","post","type-post","status-publish","format-standard","has-post-thumbnail","hentry","category-regional"],"jetpack_featured_media_url":"https:\/\/radiorevelacionfm.cl\/wp-content\/uploads\/2024\/05\/foto1-6-1-1_optimized.jpeg","_links":{"self":[{"href":"https:\/\/radiorevelacionfm.cl\/index.php?rest_route=\/wp\/v2\/posts\/42144","targetHints":{"allow":["GET"]}}],"collection":[{"href":"https:\/\/radiorevelacionfm.cl\/index.php?rest_route=\/wp\/v2\/posts"}],"about":[{"href":"https:\/\/radiorevelacionfm.cl\/index.php?rest_route=\/wp\/v2\/types\/post"}],"author":[{"embeddable":true,"href":"https:\/\/radiorevelacionfm.cl\/index.php?rest_route=\/wp\/v2\/users\/1"}],"replies":[{"embeddable":true,"href":"https:\/\/radiorevelacionfm.cl\/index.php?rest_route=%2Fwp%2Fv2%2Fcomments&post=42144"}],"version-history":[{"count":1,"href":"https:\/\/radiorevelacionfm.cl\/index.php?rest_route=\/wp\/v2\/posts\/42144\/revisions"}],"predecessor-version":[{"id":42147,"href":"https:\/\/radiorevelacionfm.cl\/index.php?rest_route=\/wp\/v2\/posts\/42144\/revisions\/42147"}],"wp:featuredmedia":[{"embeddable":true,"href":"https:\/\/radiorevelacionfm.cl\/index.php?rest_route=\/wp\/v2\/media\/42146"}],"wp:attachment":[{"href":"https:\/\/radiorevelacionfm.cl\/index.php?rest_route=%2Fwp%2Fv2%2Fmedia&parent=42144"}],"wp:term":[{"taxonomy":"category","embeddable":true,"href":"https:\/\/radiorevelacionfm.cl\/index.php?rest_route=%2Fwp%2Fv2%2Fcategories&post=42144"},{"taxonomy":"post_tag","embeddable":true,"href":"https:\/\/radiorevelacionfm.cl\/index.php?rest_route=%2Fwp%2Fv2%2Ftags&post=42144"}],"curies":[{"name":"wp","href":"https:\/\/api.w.org\/{rel}","templated":true}]}}