{"id":42142,"date":"2024-05-13T23:11:11","date_gmt":"2024-05-14T02:11:11","guid":{"rendered":"https:\/\/radiorevelacionfm.cl\/?p=42142"},"modified":"2024-05-13T23:11:11","modified_gmt":"2024-05-14T02:11:11","slug":"anuncian-trabajos-de-modernizacion-en-infraestructura-electrica-de-sector-los-torreones","status":"publish","type":"post","link":"https:\/\/radiorevelacionfm.cl\/?p=42142","title":{"rendered":"Anuncian trabajos de modernizaci\u00f3n en infraestructura el\u00e9ctrica de sector Los Torreones"},"content":{"rendered":"<div class=\"flex_column av_one_full  flex_column_div av-zero-column-padding first  avia-builder-el-0  el_before_av_one_full  avia-builder-el-first  \" style='border-radius:0px; '><div  class='avia-image-container  av-styling-    avia-builder-el-1  avia-builder-el-no-sibling  avia-align-center '  itemprop=\"image\" itemscope=\"itemscope\" itemtype=\"https:\/\/schema.org\/ImageObject\"  ><div class='avia-image-container-inner'><div class='avia-image-overlay-wrap'><img decoding=\"async\" class='wp-image-39527 avia-img-lazy-loading-not-39527 avia_image' src=\"https:\/\/radiorevelacionfm.cl\/wp-content\/uploads\/2024\/02\/EDELAYSEN-2024-01-17-a-las-3_optimized.38.11-p.-m.-1-2-1.jpg\" alt='' title='EDELAYSEN 2024-01-17-a-la(s)-3_optimized.38.11-p.-m.-(1) (2) (1)' height=\"600\" width=\"1074\"  itemprop=\"thumbnailUrl\" srcset=\"https:\/\/radiorevelacionfm.cl\/wp-content\/uploads\/2024\/02\/EDELAYSEN-2024-01-17-a-las-3_optimized.38.11-p.-m.-1-2-1.jpg 1074w, https:\/\/radiorevelacionfm.cl\/wp-content\/uploads\/2024\/02\/EDELAYSEN-2024-01-17-a-las-3_optimized.38.11-p.-m.-1-2-1-300x168.jpg 300w, https:\/\/radiorevelacionfm.cl\/wp-content\/uploads\/2024\/02\/EDELAYSEN-2024-01-17-a-las-3_optimized.38.11-p.-m.-1-2-1-1030x575.jpg 1030w, https:\/\/radiorevelacionfm.cl\/wp-content\/uploads\/2024\/02\/EDELAYSEN-2024-01-17-a-las-3_optimized.38.11-p.-m.-1-2-1-768x429.jpg 768w, https:\/\/radiorevelacionfm.cl\/wp-content\/uploads\/2024\/02\/EDELAYSEN-2024-01-17-a-las-3_optimized.38.11-p.-m.-1-2-1-705x394.jpg 705w, https:\/\/radiorevelacionfm.cl\/wp-content\/uploads\/2024\/02\/EDELAYSEN-2024-01-17-a-las-3_optimized.38.11-p.-m.-1-2-1-450x251.jpg 450w, https:\/\/radiorevelacionfm.cl\/wp-content\/uploads\/2024\/02\/EDELAYSEN-2024-01-17-a-las-3_optimized.38.11-p.-m.-1-2-1-600x335.jpg 600w\" sizes=\"(max-width: 1074px) 100vw, 1074px\" \/><\/div><\/div><\/div><\/div><div class=\"flex_column av_one_full  flex_column_div av-zero-column-padding first  avia-builder-el-2  el_after_av_one_full  el_before_av_one_full  column-top-margin\" style='border-radius:0px; '><section class=\"av_textblock_section \"  itemscope=\"itemscope\" itemtype=\"https:\/\/schema.org\/BlogPosting\" itemprop=\"blogPost\" ><div class='avia_textblock  '   itemprop=\"text\" ><p style=\"text-align: center;\"><strong><span style=\"font-size: 18pt;\">Anuncian trabajos de modernizaci\u00f3n en infraestructura el\u00e9ctrica de sector Los Torreones<\/span><\/strong><\/p>\n<div id=\"gtx-trans\" style=\"position: absolute; left: -50px; top: 4.31534px;\">\n<div class=\"gtx-trans-icon\"><\/div>\n<\/div>\n<\/div><\/section><\/div><div class=\"flex_column av_one_full  flex_column_div av-zero-column-padding first  avia-builder-el-4  el_after_av_one_full  el_before_av_hr  column-top-margin\" style='border-radius:0px; '><section class=\"av_textblock_section \"  itemscope=\"itemscope\" itemtype=\"https:\/\/schema.org\/BlogPosting\" itemprop=\"blogPost\" ><div class='avia_textblock  '   itemprop=\"text\" ><p style=\"text-align: justify;\"><em>Estos trabajos permitir\u00e1n una mejora en la distribuci\u00f3n de la energ\u00eda para la localidad con la instalaci\u00f3n de postes de pol\u00edmero y nueva subestaci\u00f3n. <\/em><\/p>\n<p style=\"text-align: justify;\">Edelaysen en su esfuerzo continuo por garantizar la calidad y confiabilidad en el servicio el\u00e9ctrico para la regi\u00f3n, anunci\u00f3 trabajos de mantenimiento en sector Villa Los Torreones km 26 de la ruta 240, para este martes 14 de mayo desde las 10:30 a 16:30 horas, debido a trabajos de modernizaci\u00f3n de la infraestructura el\u00e9ctrica en la localidad.<\/p>\n<p style=\"text-align: justify;\">Durante este periodo, el equipo t\u00e9cnico de la el\u00e9ctrica estar\u00e1 realizando labores de reemplazo de postes por postes de pol\u00edmero, as\u00ed como la instalaci\u00f3n de una nueva subestaci\u00f3n de 15 kVA. Estas mejoras tienen como objetivo principal ampliar la potencia disponible en la localidad y garantizar una mayor eficiencia de energ\u00eda el\u00e9ctrica para los residentes del sector.<\/p>\n<p style=\"text-align: justify;\">De acuerdo con ello, desde Edelaysen solicitan la comprensi\u00f3n de la comunidad ante los posibles impactos que pueda ocasionar esta desconexi\u00f3n temporal, enfatizando que estas mejoras son necesarias para una mejora en el servicio.<\/p>\n<p style=\"text-align: justify;\">Francisco Pavez jefe de zona de Edelaysen agreg\u00f3 \u201cEsta intervenci\u00f3n es parte de nuestro compromiso constante por mejorar la calidad del servicio el\u00e9ctrico en la regi\u00f3n. Entendemos que pueda ocasionar inconvenientes, pero estamos seguros de que las mejores resultar\u00e1n beneficiosas a largo plazo para toda la comunidad de Villa Los Torreones y sus alrededores\u201d.<\/p>\n<p style=\"text-align: justify;\">La distribuidora insta a los clientes a obtener informaci\u00f3n en tiempo real a trav\u00e9s del mapa de desconexiones disponible en el sitio web oficial\u00a0<a href=\"https:\/\/nam10.safelinks.protection.outlook.com\/?url=http%3A%2F%2Fwww.edelaysen.cl%2F&amp;data=05%7C02%7Cmaria.marchant%40saesa.cl%7Cd00a77d4635549e4232508dc1785e122%7C136d6ab55b55496f97cb2424247715ed%7C0%7C0%7C638411110975362336%7CUnknown%7CTWFpbGZsb3d8eyJWIjoiMC4wLjAwMDAiLCJQIjoiV2luMzIiLCJBTiI6Ik1haWwiLCJXVCI6Mn0%3D%7C3000%7C%7C%7C&amp;sdata=ZmNxPTv7Q1b%2FfupfuBS4fM5VmG9VzT4pPdfVTECqwSo%3D&amp;reserved=0\">www.edelaysen.cl<\/a>\u00a0y su aplicaci\u00f3n m\u00f3vil, adem\u00e1s de su l\u00ednea gratuita al 800 600 803 donde se ofrecer\u00e1n actualizaciones detalladas sobre el estado del servicio.<\/p>\n<p style=\"text-align: justify;\"><strong>\u00a0<\/strong><\/p>\n<p><strong>\u00a0<\/strong><\/p>\n<\/div><\/section><\/div><div  style='height:50px' class='hr hr-invisible   avia-builder-el-6  el_after_av_one_full  el_before_av_social_share '><span class='hr-inner ' ><span class='hr-inner-style'><\/span><\/span><\/div><\/p>\n<div  class='av-social-sharing-box  avia-builder-el-7  el_after_av_hr  el_before_av_hr  '><div class='av-share-box'><h5 class='av-share-link-description av-no-toc '>Compartir esta noticia<\/h5><ul class='av-share-box-list noLightbox'><li class='av-share-link av-social-link-facebook' ><a target=\"_blank\" aria-label=\"Compartir en Facebook\" href='https:\/\/www.facebook.com\/sharer.php?u=https:\/\/radiorevelacionfm.cl\/?p=42142&#038;t=Anuncian%20trabajos%20de%20modernizaci%C3%B3n%20en%20infraestructura%20el%C3%A9ctrica%20de%20sector%20Los%20Torreones' aria-hidden='false' data-av_icon='\ue8f3' data-av_iconfont='entypo-fontello' title='' data-avia-related-tooltip='Compartir en Facebook' rel=\"noopener\"><span class='avia_hidden_link_text'>Compartir en Facebook<\/span><\/a><\/li><li class='av-share-link av-social-link-twitter' ><a target=\"_blank\" aria-label=\"Compartir en Twitter\" href='https:\/\/twitter.com\/share?text=Anuncian%20trabajos%20de%20modernizaci%C3%B3n%20en%20infraestructura%20el%C3%A9ctrica%20de%20sector%20Los%20Torreones&#038;url=https:\/\/radiorevelacionfm.cl\/?p=42142' aria-hidden='false' data-av_icon='\ue8f1' data-av_iconfont='entypo-fontello' title='' data-avia-related-tooltip='Compartir en Twitter' rel=\"noopener\"><span class='avia_hidden_link_text'>Compartir en Twitter<\/span><\/a><\/li><li class='av-share-link av-social-link-whatsapp' ><a target=\"_blank\" aria-label=\"Compartir en Whatsapp\" href='https:\/\/api.whatsapp.com\/send?text=https:\/\/radiorevelacionfm.cl\/?p=42142' aria-hidden='false' data-av_icon='\uf232' data-av_iconfont='entypo-fontello' title='' data-avia-related-tooltip='Compartir en Whatsapp' rel=\"noopener\"><span class='avia_hidden_link_text'>Compartir en Whatsapp<\/span><\/a><\/li><li class='av-share-link av-social-link-linkedin' ><a target=\"_blank\" aria-label=\"Compartir en LinkedIn\" href='https:\/\/linkedin.com\/shareArticle?mini=true&#038;title=Anuncian%20trabajos%20de%20modernizaci%C3%B3n%20en%20infraestructura%20el%C3%A9ctrica%20de%20sector%20Los%20Torreones&#038;url=https:\/\/radiorevelacionfm.cl\/?p=42142' aria-hidden='false' data-av_icon='\ue8fc' data-av_iconfont='entypo-fontello' title='' data-avia-related-tooltip='Compartir en LinkedIn' rel=\"noopener\"><span class='avia_hidden_link_text'>Compartir en LinkedIn<\/span><\/a><\/li><li class='av-share-link av-social-link-mail' ><a  aria-label=\"Compartir por correo\" href='mailto:?subject=Anuncian%20trabajos%20de%20modernizaci%C3%B3n%20en%20infraestructura%20el%C3%A9ctrica%20de%20sector%20Los%20Torreones&#038;body=https:\/\/radiorevelacionfm.cl\/?p=42142' aria-hidden='false' data-av_icon='\ue805' data-av_iconfont='entypo-fontello' title='' data-avia-related-tooltip='Compartir por correo'><span class='avia_hidden_link_text'>Compartir por correo<\/span><\/a><\/li><\/ul><\/div><\/div>\n<div  style='height:50px' class='hr hr-invisible   avia-builder-el-8  el_after_av_social_share  el_before_av_comments_list '><span class='hr-inner ' ><span class='hr-inner-style'><\/span><\/span><\/div>\n<div  class='av-buildercomment  av-blog-meta-html-info-disabled av-blog-meta-tag-disabled  '><\/div>\n","protected":false},"excerpt":{"rendered":"","protected":false},"author":1,"featured_media":39527,"comment_status":"open","ping_status":"open","sticky":false,"template":"","format":"standard","meta":{"footnotes":""},"categories":[38],"tags":[],"class_list":["post-42142","post","type-post","status-publish","format-standard","has-post-thumbnail","hentry","category-regional"],"jetpack_featured_media_url":"https:\/\/radiorevelacionfm.cl\/wp-content\/uploads\/2024\/02\/EDELAYSEN-2024-01-17-a-las-3_optimized.38.11-p.-m.-1-2-1.jpg","_links":{"self":[{"href":"https:\/\/radiorevelacionfm.cl\/index.php?rest_route=\/wp\/v2\/posts\/42142","targetHints":{"allow":["GET"]}}],"collection":[{"href":"https:\/\/radiorevelacionfm.cl\/index.php?rest_route=\/wp\/v2\/posts"}],"about":[{"href":"https:\/\/radiorevelacionfm.cl\/index.php?rest_route=\/wp\/v2\/types\/post"}],"author":[{"embeddable":true,"href":"https:\/\/radiorevelacionfm.cl\/index.php?rest_route=\/wp\/v2\/users\/1"}],"replies":[{"embeddable":true,"href":"https:\/\/radiorevelacionfm.cl\/index.php?rest_route=%2Fwp%2Fv2%2Fcomments&post=42142"}],"version-history":[{"count":1,"href":"https:\/\/radiorevelacionfm.cl\/index.php?rest_route=\/wp\/v2\/posts\/42142\/revisions"}],"predecessor-version":[{"id":42143,"href":"https:\/\/radiorevelacionfm.cl\/index.php?rest_route=\/wp\/v2\/posts\/42142\/revisions\/42143"}],"wp:featuredmedia":[{"embeddable":true,"href":"https:\/\/radiorevelacionfm.cl\/index.php?rest_route=\/wp\/v2\/media\/39527"}],"wp:attachment":[{"href":"https:\/\/radiorevelacionfm.cl\/index.php?rest_route=%2Fwp%2Fv2%2Fmedia&parent=42142"}],"wp:term":[{"taxonomy":"category","embeddable":true,"href":"https:\/\/radiorevelacionfm.cl\/index.php?rest_route=%2Fwp%2Fv2%2Fcategories&post=42142"},{"taxonomy":"post_tag","embeddable":true,"href":"https:\/\/radiorevelacionfm.cl\/index.php?rest_route=%2Fwp%2Fv2%2Ftags&post=42142"}],"curies":[{"name":"wp","href":"https:\/\/api.w.org\/{rel}","templated":true}]}}