{"id":4214,"date":"2021-05-17T16:59:34","date_gmt":"2021-05-17T19:59:34","guid":{"rendered":"https:\/\/radiorevelacionfm.cl\/?p=4214"},"modified":"2021-05-17T16:59:35","modified_gmt":"2021-05-17T19:59:35","slug":"aprueban-aumento-de-presupuesto-para-construir-nueva-posta-de-salud-rural-de-caleta-andrade","status":"publish","type":"post","link":"https:\/\/radiorevelacionfm.cl\/?p=4214","title":{"rendered":"Aprueban aumento de presupuesto para construir nueva Posta de Salud Rural de Caleta Andrade"},"content":{"rendered":"<div class=\"flex_column av_one_full  flex_column_div av-zero-column-padding first  avia-builder-el-0  el_before_av_one_full  avia-builder-el-first  \" style='border-radius:0px; '><div  class='avia-image-container  av-styling-    avia-builder-el-1  avia-builder-el-no-sibling  avia-align-center '  itemprop=\"image\" itemscope=\"itemscope\" itemtype=\"https:\/\/schema.org\/ImageObject\"  ><div class='avia-image-container-inner'><div class='avia-image-overlay-wrap'><img decoding=\"async\" class='wp-image-0 avia-img-lazy-loading-not-0 avia_image' src=\"https:\/\/radiorevelacionfm.cl\/wp-content\/uploads\/2021\/05\/prensa2-16_optimized.jpeg\" alt='' title=''   itemprop=\"thumbnailUrl\"  \/><\/div><\/div><\/div><\/div><div class=\"flex_column av_one_full  flex_column_div av-zero-column-padding first  avia-builder-el-2  el_after_av_one_full  el_before_av_one_full  column-top-margin\" style='border-radius:0px; '><section class=\"av_textblock_section \"  itemscope=\"itemscope\" itemtype=\"https:\/\/schema.org\/BlogPosting\" itemprop=\"blogPost\" ><div class='avia_textblock  '   itemprop=\"text\" ><p style=\"text-align: center;\"><strong><span style=\"font-size: 18pt;\">Aprueban aumento de presupuesto para construir nueva Posta de Salud Rural de Caleta Andrade<\/span><\/strong><\/p>\n<div id=\"gtx-trans\" style=\"position: absolute; left: -50px; top: 4.31534px;\">\n<div class=\"gtx-trans-icon\"><\/div>\n<\/div>\n<\/div><\/section><\/div><div class=\"flex_column av_one_full  flex_column_div av-zero-column-padding first  avia-builder-el-4  el_after_av_one_full  el_before_av_hr  column-top-margin\" style='border-radius:0px; '><section class=\"av_textblock_section \"  itemscope=\"itemscope\" itemtype=\"https:\/\/schema.org\/BlogPosting\" itemprop=\"blogPost\" ><div class='avia_textblock  '   itemprop=\"text\" ><p style=\"text-align: justify;\">La semana reci\u00e9n pasada, el director del Servicio de Salud Ays\u00e9n, Gabriel Burgos, en compa\u00f1\u00eda de Patricio Mansilla y Margarita Navarrete, profesionales del Departamento de Recursos F\u00edsicos del SAA, realizaron una presentaci\u00f3n donde se solicit\u00f3 al Gobierno Regional de Ays\u00e9n un incremento presupuestario para reposici\u00f3n de la Posta de Salud Rural de Caleta Andrade, la que fue aceptada por mayor\u00eda absoluta.<\/p>\n<p style=\"text-align: justify;\">\u201cEn su Sesi\u00f3n Plenaria, el Consejo Regional de Ays\u00e9n aprob\u00f3 un aumento de presupuesto de 74 millones de pesos para la construcci\u00f3n de la Posta de Salud Rural de Caleta Andrade, proyecto que ir\u00e1 en directo beneficio de las comunidades de Islas Huichas. Estos recursos significan poder acercar la infraestructura de salud hacia los sectores m\u00e1s aislados de la regi\u00f3n y de dif\u00edcil acceso, por lo que estamos muy contentos con esta gran noticia\u201d, indic\u00f3 Gabriel Burgos, director del Servicio de Salud Ays\u00e9n.<\/p>\n<p style=\"text-align: justify;\">La construcci\u00f3n de dicho centro de salud permitir\u00e1 entregar una atenci\u00f3n de salud permanente y solucionar las dificultades de acceso que los vecinos de esos sectores tienen a la hora de necesitar atenci\u00f3n m\u00e9dica.<\/p>\n<p style=\"text-align: justify;\">El presidente del Consejo Regional, Sergio Gonz\u00e1lez, record\u00f3 que esta obra beneficia a una poblaci\u00f3n estimada de 840 habitantes. \u201cPudimos concretar el financiamiento de 74 millones 148 mil pesos, que van a servir de suplemento para terminar la construcci\u00f3n de la posta de Caleta Andrade, en la provincia de Ays\u00e9n. \u00c9ste es un proyecto que tiene larga data, que ha tenido problemas y para nosotros como consejeros regionales es muy importante el t\u00e9rmino, en virtud de la necesidad que tienen los vecinos de Islas Huichas\u201d, detall\u00f3.<\/p>\n<p style=\"text-align: justify;\">Por su parte, Eligio Montecinos, destac\u00f3 la importancia de esta obra en tiempos de pandemia. \u201cTenemos pandemia, debemos tener todas las postas y hospitales abiertos a la comunidad con sus profesionales, y obviamente se parte por esto\u201d, puntualiz\u00f3 por su parte el consejero Eligio Montecinos.<\/p>\n<p style=\"text-align: justify;\">El proyecto que en total implica 1.120 millones de pesos, fue presentado por el Servicio de Salud Ays\u00e9n, al Consejo Regional de Ays\u00e9n para solicitar un aumento de presupuesto de 74 millones de pesos, debido principalmente a lo que se relaciona con el tema de calefacci\u00f3n, e incremento de los costos de consultor\u00edas y gastos administrativos, con el fin de finalizar la construcci\u00f3n del edificio asistencial.<\/p>\n<p style=\"text-align: justify;\">Cabe destacar, que se proyecta la construcci\u00f3n de una infraestructura de 256,82 m2 para la Posta de Salud Rural, sumado a dos viviendas para los param\u00e9dicos de 108,77 m2 y bodegas 42.05 m2; adem\u00e1s la iniciativa contempla 2 box de atenci\u00f3n multiprop\u00f3sito, 1 box ginecol\u00f3gico con ba\u00f1o, 1 box de procedimientos, 1 box dental, recintos administrativos, bodegas, recinto de aseo y espacios comunes como ba\u00f1os y sala de espera y reuniones.<\/p>\n<\/div><\/section><\/div><div  style='height:50px' class='hr hr-invisible   avia-builder-el-6  el_after_av_one_full  el_before_av_social_share '><span class='hr-inner ' ><span class='hr-inner-style'><\/span><\/span><\/div><\/p>\n<div  class='av-social-sharing-box  avia-builder-el-7  el_after_av_hr  el_before_av_hr  '><div class='av-share-box'><h5 class='av-share-link-description av-no-toc '>Compartir esta noticia<\/h5><ul class='av-share-box-list noLightbox'><li class='av-share-link av-social-link-facebook' ><a target=\"_blank\" aria-label=\"Compartir en Facebook\" href='https:\/\/www.facebook.com\/sharer.php?u=https:\/\/radiorevelacionfm.cl\/?p=4214&#038;t=Aprueban%20aumento%20de%20presupuesto%20para%20construir%20nueva%20Posta%20de%20Salud%20Rural%20de%20Caleta%20Andrade' aria-hidden='false' data-av_icon='\ue8f3' data-av_iconfont='entypo-fontello' title='' data-avia-related-tooltip='Compartir en Facebook' rel=\"noopener\"><span class='avia_hidden_link_text'>Compartir en Facebook<\/span><\/a><\/li><li class='av-share-link av-social-link-twitter' ><a target=\"_blank\" aria-label=\"Compartir en Twitter\" href='https:\/\/twitter.com\/share?text=Aprueban%20aumento%20de%20presupuesto%20para%20construir%20nueva%20Posta%20de%20Salud%20Rural%20de%20Caleta%20Andrade&#038;url=https:\/\/radiorevelacionfm.cl\/?p=4214' aria-hidden='false' data-av_icon='\ue8f1' data-av_iconfont='entypo-fontello' title='' data-avia-related-tooltip='Compartir en Twitter' rel=\"noopener\"><span class='avia_hidden_link_text'>Compartir en Twitter<\/span><\/a><\/li><li class='av-share-link av-social-link-whatsapp' ><a target=\"_blank\" aria-label=\"Compartir en Whatsapp\" href='https:\/\/api.whatsapp.com\/send?text=https:\/\/radiorevelacionfm.cl\/?p=4214' aria-hidden='false' data-av_icon='\uf232' data-av_iconfont='entypo-fontello' title='' data-avia-related-tooltip='Compartir en Whatsapp' rel=\"noopener\"><span class='avia_hidden_link_text'>Compartir en Whatsapp<\/span><\/a><\/li><li class='av-share-link av-social-link-linkedin' ><a target=\"_blank\" aria-label=\"Compartir en LinkedIn\" href='https:\/\/linkedin.com\/shareArticle?mini=true&#038;title=Aprueban%20aumento%20de%20presupuesto%20para%20construir%20nueva%20Posta%20de%20Salud%20Rural%20de%20Caleta%20Andrade&#038;url=https:\/\/radiorevelacionfm.cl\/?p=4214' aria-hidden='false' data-av_icon='\ue8fc' data-av_iconfont='entypo-fontello' title='' data-avia-related-tooltip='Compartir en LinkedIn' rel=\"noopener\"><span class='avia_hidden_link_text'>Compartir en LinkedIn<\/span><\/a><\/li><li class='av-share-link av-social-link-mail' ><a  aria-label=\"Compartir por correo\" href='mailto:?subject=Aprueban%20aumento%20de%20presupuesto%20para%20construir%20nueva%20Posta%20de%20Salud%20Rural%20de%20Caleta%20Andrade&#038;body=https:\/\/radiorevelacionfm.cl\/?p=4214' aria-hidden='false' data-av_icon='\ue805' data-av_iconfont='entypo-fontello' title='' data-avia-related-tooltip='Compartir por correo'><span class='avia_hidden_link_text'>Compartir por correo<\/span><\/a><\/li><\/ul><\/div><\/div>\n<div  style='height:50px' class='hr hr-invisible   avia-builder-el-8  el_after_av_social_share  el_before_av_comments_list '><span class='hr-inner ' ><span class='hr-inner-style'><\/span><\/span><\/div>\n<div  class='av-buildercomment  av-blog-meta-html-info-disabled av-blog-meta-tag-disabled  '><\/div>\n","protected":false},"excerpt":{"rendered":"","protected":false},"author":1,"featured_media":0,"comment_status":"open","ping_status":"open","sticky":false,"template":"","format":"standard","meta":{"footnotes":""},"categories":[46],"tags":[],"class_list":["post-4214","post","type-post","status-publish","format-standard","hentry","category-salud"],"jetpack_featured_media_url":"","_links":{"self":[{"href":"https:\/\/radiorevelacionfm.cl\/index.php?rest_route=\/wp\/v2\/posts\/4214","targetHints":{"allow":["GET"]}}],"collection":[{"href":"https:\/\/radiorevelacionfm.cl\/index.php?rest_route=\/wp\/v2\/posts"}],"about":[{"href":"https:\/\/radiorevelacionfm.cl\/index.php?rest_route=\/wp\/v2\/types\/post"}],"author":[{"embeddable":true,"href":"https:\/\/radiorevelacionfm.cl\/index.php?rest_route=\/wp\/v2\/users\/1"}],"replies":[{"embeddable":true,"href":"https:\/\/radiorevelacionfm.cl\/index.php?rest_route=%2Fwp%2Fv2%2Fcomments&post=4214"}],"version-history":[{"count":1,"href":"https:\/\/radiorevelacionfm.cl\/index.php?rest_route=\/wp\/v2\/posts\/4214\/revisions"}],"predecessor-version":[{"id":4216,"href":"https:\/\/radiorevelacionfm.cl\/index.php?rest_route=\/wp\/v2\/posts\/4214\/revisions\/4216"}],"wp:attachment":[{"href":"https:\/\/radiorevelacionfm.cl\/index.php?rest_route=%2Fwp%2Fv2%2Fmedia&parent=4214"}],"wp:term":[{"taxonomy":"category","embeddable":true,"href":"https:\/\/radiorevelacionfm.cl\/index.php?rest_route=%2Fwp%2Fv2%2Fcategories&post=4214"},{"taxonomy":"post_tag","embeddable":true,"href":"https:\/\/radiorevelacionfm.cl\/index.php?rest_route=%2Fwp%2Fv2%2Ftags&post=4214"}],"curies":[{"name":"wp","href":"https:\/\/api.w.org\/{rel}","templated":true}]}}