{"id":42139,"date":"2024-05-13T21:36:48","date_gmt":"2024-05-14T00:36:48","guid":{"rendered":"https:\/\/radiorevelacionfm.cl\/?p=42139"},"modified":"2024-05-13T21:36:48","modified_gmt":"2024-05-14T00:36:48","slug":"avanza-proceso-de-inmunizacion-en-jardines-infantiles-de-fundacion-integra","status":"publish","type":"post","link":"https:\/\/radiorevelacionfm.cl\/?p=42139","title":{"rendered":"Avanza proceso de inmunizaci\u00f3n en jardines infantiles de Fundaci\u00f3n Integra"},"content":{"rendered":"<div class=\"flex_column av_one_full  flex_column_div av-zero-column-padding first  avia-builder-el-0  el_before_av_one_full  avia-builder-el-first  \" style='border-radius:0px; '><div  class='avia-image-container  av-styling-    avia-builder-el-1  avia-builder-el-no-sibling  avia-align-center '  itemprop=\"image\" itemscope=\"itemscope\" itemtype=\"https:\/\/schema.org\/ImageObject\"  ><div class='avia-image-container-inner'><div class='avia-image-overlay-wrap'><img decoding=\"async\" class='wp-image-42140 avia-img-lazy-loading-not-42140 avia_image' src=\"https:\/\/radiorevelacionfm.cl\/wp-content\/uploads\/2024\/05\/IMG_5009-min-1-1.jpg\" alt='' title='IMG_5009-min (1) (1)' height=\"600\" width=\"902\"  itemprop=\"thumbnailUrl\" srcset=\"https:\/\/radiorevelacionfm.cl\/wp-content\/uploads\/2024\/05\/IMG_5009-min-1-1.jpg 902w, https:\/\/radiorevelacionfm.cl\/wp-content\/uploads\/2024\/05\/IMG_5009-min-1-1-300x200.jpg 300w, https:\/\/radiorevelacionfm.cl\/wp-content\/uploads\/2024\/05\/IMG_5009-min-1-1-768x511.jpg 768w, https:\/\/radiorevelacionfm.cl\/wp-content\/uploads\/2024\/05\/IMG_5009-min-1-1-705x469.jpg 705w, https:\/\/radiorevelacionfm.cl\/wp-content\/uploads\/2024\/05\/IMG_5009-min-1-1-450x299.jpg 450w, https:\/\/radiorevelacionfm.cl\/wp-content\/uploads\/2024\/05\/IMG_5009-min-1-1-600x399.jpg 600w\" sizes=\"(max-width: 902px) 100vw, 902px\" \/><\/div><\/div><\/div><\/div><div class=\"flex_column av_one_full  flex_column_div av-zero-column-padding first  avia-builder-el-2  el_after_av_one_full  el_before_av_one_full  column-top-margin\" style='border-radius:0px; '><section class=\"av_textblock_section \"  itemscope=\"itemscope\" itemtype=\"https:\/\/schema.org\/BlogPosting\" itemprop=\"blogPost\" ><div class='avia_textblock  '   itemprop=\"text\" ><p style=\"text-align: center;\"><strong><span style=\"font-size: 18pt;\">Avanza proceso de inmunizaci\u00f3n en jardines infantiles de Fundaci\u00f3n Integra<\/span><\/strong><\/p>\n<div id=\"gtx-trans\" style=\"position: absolute; left: -50px; top: 4.31534px;\">\n<div class=\"gtx-trans-icon\"><\/div>\n<\/div>\n<\/div><\/section><\/div><div class=\"flex_column av_one_full  flex_column_div av-zero-column-padding first  avia-builder-el-4  el_after_av_one_full  el_before_av_hr  column-top-margin\" style='border-radius:0px; '><section class=\"av_textblock_section \"  itemscope=\"itemscope\" itemtype=\"https:\/\/schema.org\/BlogPosting\" itemprop=\"blogPost\" ><div class='avia_textblock  '   itemprop=\"text\" ><p style=\"font-weight: 400; text-align: justify;\"><em>Esta es una acci\u00f3n que beneficia de manera gratuita a distintos grupos de personas y que tiene por objetivo prevenir la enfermedad y mortalidad en personas que presentan mayor riesgo.<\/em><\/p>\n<p style=\"font-weight: 400; text-align: justify;\">La vacunaci\u00f3n contra la influenza se hace fundamental cada invierno, ya que ayuda a prevenir esta enfermedad respiratoria sobre todo a grupos de riesgo como son adultos mayores y menores de edad. Para hacer frente a esta situaci\u00f3n, los jardines infantiles y salas cuna de Fundaci\u00f3n Integra en la regi\u00f3n de Ays\u00e9n, se han sumado a la Campa\u00f1a de Vacunaci\u00f3n contra la Influenza impulsada por el Ministerio de Salud.<\/p>\n<p style=\"font-weight: 400; text-align: justify;\">Desde Fundaci\u00f3n Integra se ha informado y orientado a las familias respecto de la importancia de este proceso entregando recomendaciones para prevenir las enfermedades respiratorias, permitiendo con esto promover acciones de salud al interior de las comunidades educativas y facilitar el acceso de las familias a estas campa\u00f1as.<\/p>\n<p style=\"font-weight: 400; text-align: justify;\">La nutricionista regional de Fundaci\u00f3n Integra, Viviana Vera Gonz\u00e1lez quien est\u00e1 a cargo de este proceso destaca que \u201cprevio al inicio de la campa\u00f1a de vacunaci\u00f3n hubo reuniones de coordinaci\u00f3n para ver las estrategias a desarrollar en los jardines infantiles, permitiendo con esto poder agilizar este proceso de vacunaci\u00f3n\u201d.<\/p>\n<p style=\"font-weight: 400; text-align: justify;\">Mirta Ferreira, enfermera del vacunatorio del consultorio Victor Domingo Silva explica que este proceso de inmunizaci\u00f3n contra la influenza tiene car\u00e1cter de obligatorio para todos los ni\u00f1os desde los 6 meses hasta quinto a\u00f1o b\u00e1sico y con un refuerzo al primer mes despu\u00e9s de la primera vacuna.<\/p>\n<p style=\"font-weight: 400; text-align: justify;\">\u201cVacunarse contra la influenza es evitar que esa enfermedad sea m\u00e1s grave o que el ni\u00f1o(a) entre al hospital y que ese cuadro no se agrave. No evita que le d\u00e9 la influenza, pero evitar\u00e1 que ellos lleguen al hospital porque tendr\u00e1 inmunidad para resistir ese cuadro viral\u201d, explica Mirta Ferreira.<\/p>\n<p style=\"font-weight: 400; text-align: justify;\">Es en este contexto que se espera que m\u00e1s de 700 ni\u00f1as y ni\u00f1os se sumen a este proceso, el cual se prolongar\u00e1 hasta fines de mayo para los 19 establecimientos educacionales de Fundaci\u00f3n Integra presentes desde Melinka hasta Villa O\u00b4Higgins.<\/p>\n<p style=\"font-weight: 400; text-align: justify;\">\u201cHacemos un llamado a las familias a acercarse a los centros de salud m\u00e1s cercanos para sumarse a este proceso y que tiene por objetivo prevenir la mortalidad y las complicaciones causadas por la infecci\u00f3n por el virus de la influenza, lo que quiere decir que puede reducir el riesgo de contraer enfermedades graves, hospitalizaci\u00f3n o la mortalidad\u201d, explica Viviana Vera Gonz\u00e1lez.<\/p>\n<p style=\"font-weight: 400; text-align: justify;\">Dato importante es que existen grupos prioritarios los que corresponden a personas mayores de 60 a\u00f1os, mujeres embarazadas, menores desde los 6 meses y que cursen hasta quinto b\u00e1sico, docentes de ense\u00f1anza preb\u00e1sica y b\u00e1sica, cuidadores de personas mayores, enfermos cr\u00f3nicos y trabajadores del rubro av\u00edcola, entre otros.<\/p>\n<p style=\"font-weight: 400; text-align: justify;\">Fundaci\u00f3n Integra, con 33 a\u00f1os de experiencia y m\u00e1s de 1.200 salas cuna y jardines infantiles gratuitos en todo el pa\u00eds, trabaja para que ni\u00f1as y ni\u00f1os alcancen su desarrollo pleno, bienestar integral y aprendizajes significativos, a trav\u00e9s de su protagonismo en espacios educativos amorosos, inclusivos, diversos y de calidad.<\/p>\n<\/div><\/section><\/div><div  style='height:50px' class='hr hr-invisible   avia-builder-el-6  el_after_av_one_full  el_before_av_social_share '><span class='hr-inner ' ><span class='hr-inner-style'><\/span><\/span><\/div><\/p>\n<div  class='av-social-sharing-box  avia-builder-el-7  el_after_av_hr  el_before_av_hr  '><div class='av-share-box'><h5 class='av-share-link-description av-no-toc '>Compartir esta noticia<\/h5><ul class='av-share-box-list noLightbox'><li class='av-share-link av-social-link-facebook' ><a target=\"_blank\" aria-label=\"Compartir en Facebook\" href='https:\/\/www.facebook.com\/sharer.php?u=https:\/\/radiorevelacionfm.cl\/?p=42139&#038;t=Avanza%20proceso%20de%20inmunizaci%C3%B3n%20en%20jardines%20infantiles%20de%20Fundaci%C3%B3n%20Integra' aria-hidden='false' data-av_icon='\ue8f3' data-av_iconfont='entypo-fontello' title='' data-avia-related-tooltip='Compartir en Facebook' rel=\"noopener\"><span class='avia_hidden_link_text'>Compartir en Facebook<\/span><\/a><\/li><li class='av-share-link av-social-link-twitter' ><a target=\"_blank\" aria-label=\"Compartir en Twitter\" href='https:\/\/twitter.com\/share?text=Avanza%20proceso%20de%20inmunizaci%C3%B3n%20en%20jardines%20infantiles%20de%20Fundaci%C3%B3n%20Integra&#038;url=https:\/\/radiorevelacionfm.cl\/?p=42139' aria-hidden='false' data-av_icon='\ue8f1' data-av_iconfont='entypo-fontello' title='' data-avia-related-tooltip='Compartir en Twitter' rel=\"noopener\"><span class='avia_hidden_link_text'>Compartir en Twitter<\/span><\/a><\/li><li class='av-share-link av-social-link-whatsapp' ><a target=\"_blank\" aria-label=\"Compartir en Whatsapp\" href='https:\/\/api.whatsapp.com\/send?text=https:\/\/radiorevelacionfm.cl\/?p=42139' aria-hidden='false' data-av_icon='\uf232' data-av_iconfont='entypo-fontello' title='' data-avia-related-tooltip='Compartir en Whatsapp' rel=\"noopener\"><span class='avia_hidden_link_text'>Compartir en Whatsapp<\/span><\/a><\/li><li class='av-share-link av-social-link-linkedin' ><a target=\"_blank\" aria-label=\"Compartir en LinkedIn\" href='https:\/\/linkedin.com\/shareArticle?mini=true&#038;title=Avanza%20proceso%20de%20inmunizaci%C3%B3n%20en%20jardines%20infantiles%20de%20Fundaci%C3%B3n%20Integra&#038;url=https:\/\/radiorevelacionfm.cl\/?p=42139' aria-hidden='false' data-av_icon='\ue8fc' data-av_iconfont='entypo-fontello' title='' data-avia-related-tooltip='Compartir en LinkedIn' rel=\"noopener\"><span class='avia_hidden_link_text'>Compartir en LinkedIn<\/span><\/a><\/li><li class='av-share-link av-social-link-mail' ><a  aria-label=\"Compartir por correo\" href='mailto:?subject=Avanza%20proceso%20de%20inmunizaci%C3%B3n%20en%20jardines%20infantiles%20de%20Fundaci%C3%B3n%20Integra&#038;body=https:\/\/radiorevelacionfm.cl\/?p=42139' aria-hidden='false' data-av_icon='\ue805' data-av_iconfont='entypo-fontello' title='' data-avia-related-tooltip='Compartir por correo'><span class='avia_hidden_link_text'>Compartir por correo<\/span><\/a><\/li><\/ul><\/div><\/div>\n<div  style='height:50px' class='hr hr-invisible   avia-builder-el-8  el_after_av_social_share  el_before_av_comments_list '><span class='hr-inner ' ><span class='hr-inner-style'><\/span><\/span><\/div>\n<div  class='av-buildercomment  av-blog-meta-html-info-disabled av-blog-meta-tag-disabled  '><\/div>\n","protected":false},"excerpt":{"rendered":"","protected":false},"author":1,"featured_media":42140,"comment_status":"open","ping_status":"open","sticky":false,"template":"","format":"standard","meta":{"footnotes":""},"categories":[49],"tags":[],"class_list":["post-42139","post","type-post","status-publish","format-standard","has-post-thumbnail","hentry","category-educacion"],"jetpack_featured_media_url":"https:\/\/radiorevelacionfm.cl\/wp-content\/uploads\/2024\/05\/IMG_5009-min-1-1.jpg","_links":{"self":[{"href":"https:\/\/radiorevelacionfm.cl\/index.php?rest_route=\/wp\/v2\/posts\/42139","targetHints":{"allow":["GET"]}}],"collection":[{"href":"https:\/\/radiorevelacionfm.cl\/index.php?rest_route=\/wp\/v2\/posts"}],"about":[{"href":"https:\/\/radiorevelacionfm.cl\/index.php?rest_route=\/wp\/v2\/types\/post"}],"author":[{"embeddable":true,"href":"https:\/\/radiorevelacionfm.cl\/index.php?rest_route=\/wp\/v2\/users\/1"}],"replies":[{"embeddable":true,"href":"https:\/\/radiorevelacionfm.cl\/index.php?rest_route=%2Fwp%2Fv2%2Fcomments&post=42139"}],"version-history":[{"count":1,"href":"https:\/\/radiorevelacionfm.cl\/index.php?rest_route=\/wp\/v2\/posts\/42139\/revisions"}],"predecessor-version":[{"id":42141,"href":"https:\/\/radiorevelacionfm.cl\/index.php?rest_route=\/wp\/v2\/posts\/42139\/revisions\/42141"}],"wp:featuredmedia":[{"embeddable":true,"href":"https:\/\/radiorevelacionfm.cl\/index.php?rest_route=\/wp\/v2\/media\/42140"}],"wp:attachment":[{"href":"https:\/\/radiorevelacionfm.cl\/index.php?rest_route=%2Fwp%2Fv2%2Fmedia&parent=42139"}],"wp:term":[{"taxonomy":"category","embeddable":true,"href":"https:\/\/radiorevelacionfm.cl\/index.php?rest_route=%2Fwp%2Fv2%2Fcategories&post=42139"},{"taxonomy":"post_tag","embeddable":true,"href":"https:\/\/radiorevelacionfm.cl\/index.php?rest_route=%2Fwp%2Fv2%2Ftags&post=42139"}],"curies":[{"name":"wp","href":"https:\/\/api.w.org\/{rel}","templated":true}]}}