{"id":42136,"date":"2024-05-13T21:24:54","date_gmt":"2024-05-14T00:24:54","guid":{"rendered":"https:\/\/radiorevelacionfm.cl\/?p=42136"},"modified":"2024-05-13T21:24:54","modified_gmt":"2024-05-14T00:24:54","slug":"con-gran-asistencia-de-la-comunidad-se-realizo-expo-dia-de-la-madre-en-aysen","status":"publish","type":"post","link":"https:\/\/radiorevelacionfm.cl\/?p=42136","title":{"rendered":"Con gran asistencia de la comunidad se realiz\u00f3 \u201cExpo D\u00eda de la Madre\u201d en Ays\u00e9n"},"content":{"rendered":"<div class=\"flex_column av_one_full  flex_column_div av-zero-column-padding first  avia-builder-el-0  el_before_av_one_full  avia-builder-el-first  \" style='border-radius:0px; '><div  class='avia-image-container  av-styling-    avia-builder-el-1  avia-builder-el-no-sibling  avia-align-center '  itemprop=\"image\" itemscope=\"itemscope\" itemtype=\"https:\/\/schema.org\/ImageObject\"  ><div class='avia-image-container-inner'><div class='avia-image-overlay-wrap'><img decoding=\"async\" class='wp-image-42137 avia-img-lazy-loading-not-42137 avia_image' src=\"https:\/\/radiorevelacionfm.cl\/wp-content\/uploads\/2024\/05\/expo-aysen-7-1_optimized-1-1.jpg\" alt='' title='expo-aysen-7-(1)_optimized (1) (1)' height=\"600\" width=\"1067\"  itemprop=\"thumbnailUrl\" srcset=\"https:\/\/radiorevelacionfm.cl\/wp-content\/uploads\/2024\/05\/expo-aysen-7-1_optimized-1-1.jpg 1067w, https:\/\/radiorevelacionfm.cl\/wp-content\/uploads\/2024\/05\/expo-aysen-7-1_optimized-1-1-300x169.jpg 300w, https:\/\/radiorevelacionfm.cl\/wp-content\/uploads\/2024\/05\/expo-aysen-7-1_optimized-1-1-1030x579.jpg 1030w, https:\/\/radiorevelacionfm.cl\/wp-content\/uploads\/2024\/05\/expo-aysen-7-1_optimized-1-1-768x432.jpg 768w, https:\/\/radiorevelacionfm.cl\/wp-content\/uploads\/2024\/05\/expo-aysen-7-1_optimized-1-1-705x396.jpg 705w, https:\/\/radiorevelacionfm.cl\/wp-content\/uploads\/2024\/05\/expo-aysen-7-1_optimized-1-1-450x253.jpg 450w, https:\/\/radiorevelacionfm.cl\/wp-content\/uploads\/2024\/05\/expo-aysen-7-1_optimized-1-1-600x337.jpg 600w\" sizes=\"(max-width: 1067px) 100vw, 1067px\" \/><\/div><\/div><\/div><\/div><div class=\"flex_column av_one_full  flex_column_div av-zero-column-padding first  avia-builder-el-2  el_after_av_one_full  el_before_av_one_full  column-top-margin\" style='border-radius:0px; '><section class=\"av_textblock_section \"  itemscope=\"itemscope\" itemtype=\"https:\/\/schema.org\/BlogPosting\" itemprop=\"blogPost\" ><div class='avia_textblock  '   itemprop=\"text\" ><p style=\"text-align: center;\"><strong><span style=\"font-size: 18pt;\">Con gran asistencia de la comunidad se realiz\u00f3 \u201cExpo D\u00eda de la Madre\u201d en Ays\u00e9n<\/span><\/strong><\/p>\n<div id=\"gtx-trans\" style=\"position: absolute; left: -50px; top: 4.31534px;\">\n<div class=\"gtx-trans-icon\"><\/div>\n<\/div>\n<\/div><\/section><\/div><div class=\"flex_column av_one_full  flex_column_div av-zero-column-padding first  avia-builder-el-4  el_after_av_one_full  el_before_av_hr  column-top-margin\" style='border-radius:0px; '><section class=\"av_textblock_section \"  itemscope=\"itemscope\" itemtype=\"https:\/\/schema.org\/BlogPosting\" itemprop=\"blogPost\" ><div class='avia_textblock  '   itemprop=\"text\" ><p style=\"text-align: justify;\"><em>Hubo artesan\u00edas y gran variedad de productos hechos por las manos de nuestras emprendedoras y emprendedores, con una grata presentaci\u00f3n de la escuela de baile \u201cStar Dance\u201d. La jornada finaliz\u00f3 con un bingo y m\u00fasica en vivo a cargo de los grupos regionales y nacionales \u201cLos Incognitos del Sabor\u201d y \u201cLos Talismanes del Ritmo y del Amor\u201d.<\/em><\/p>\n<p style=\"text-align: justify;\">El fin de semana estuvo dedicado a las reinas del hogar en la comuna de Ays\u00e9n, donde se llev\u00f3 a cabo la \u201cExpo D\u00eda de la Madre\u201d, una actividad que nace a trav\u00e9s del Programa de Desarrollo Local de la Municipalidad y que se pudo ejecutar gracias a los recursos entregados por el Gobierno Regional de Ays\u00e9n. Tal como lo destac\u00f3 el Alcalde, Julio Uribe.<\/p>\n<p style=\"text-align: justify;\">\u201cPor lo tanto, vivimos una fiesta en el d\u00eda de la Madre y eso nos llena de orgullo, porque estas actividades son planificadas, tienen un gran desarrollo y adem\u00e1s fueron financiadas por el Gobierno Regional de Ays\u00e9n, agradecer a nuestra Gobernadora Andrea Mac\u00edas Palma, por habernos financiado este proyecto de Desarrollo Productivo, que nos va a permitir mes a mes ir desarrollando ferias. Agradecer al tremendo equipo que tenemos y que permite llevar adelante estas ferias\u201d.<\/p>\n<p style=\"text-align: justify;\">Para la Gobernadora Regional, Andrea Mac\u00edas, es importante el trabajo que se realiza junto a la Municipalidad de Ays\u00e9n, \u201cy esta es una instancia tremendamente relevante y lo digo no solo como la primera autoridad de esta regi\u00f3n, sino que, tambi\u00e9n lo digo desde la maternidad. Siempre se celebra el d\u00eda de la Madre, pero igual es bueno dejar de romantizar la maternidad y reconocer lo dif\u00edcil que muchas veces nos resultan las crianzas, lo desafiante que es ser madre en los tiempos que vivimos, porque muchas veces, no contamos con todos los medios necesarias para poder ofrecer a nuestros ni\u00f1os, ni\u00f1as y adolescentes, mayores y mejores ofertas que faciliten nuestros procesos de cuidado\u201d.<\/p>\n<p style=\"text-align: justify;\">Tanto en la feria como en el bingo en el D\u00eda de la Madre, participaron muchas vecinas de la comunidad, entre ellas, Martina, quien puedo rescatar el inter\u00e9s de la comunidad en sus productos y la importancia de que el Municipio les entregue espacios a los productores locales.<\/p>\n<p style=\"text-align: justify;\">\u201cMuy divertido, entretenido para todas las madres y las familias que pueden compartir. Ha venido harta gente, nos ha ido bastante bien, la gente se sorprende por c\u00f3mo est\u00e1 hecha la artesan\u00eda, porque les decimos que est\u00e1 hecha a crochet y porque esto no se ve muy seguido. As\u00ed es que, tambi\u00e9n encuentro que esta fue una instancia muy buena para que la gente compartiera con su familia\u201d.<\/p>\n<p style=\"text-align: justify;\">Victoria, es otra emprendedora que puso en valor la instancia propiciada por el Municipio de Ays\u00e9n y el Gobierno Regional, ya que, les permite compartir experiencias con sus pares y con la comunidad. \u201cHa estado buena, muy bonita la feria, me gust\u00f3 harto, para conocernos m\u00e1s entre emprendedores que no siempre estamos en todas las ferias, es bonito que nos den la oportunidad como mam\u00e1 y como emprendedora, para poder mostrarnos\u201d.<\/p>\n<p style=\"text-align: justify;\">Las actividades comenzaron a las 11 de la ma\u00f1ana del d\u00eda s\u00e1bado, hubo diversos talleres, masivo de zumba y una amplia gama de productos hechos por las emprendedoras y emprendedores de la comuna, evento que tuvo tambi\u00e9n una grata presentaci\u00f3n de la escuela de baile \u201cStar Dance\u201d. La jornada finaliz\u00f3 con un bingo exclusivamente para Mam\u00e1 y la presentaci\u00f3n de \u201cIncognitos del Sabor\u201d y \u201cLos Talismanes del Ritmo y del amor\u201d.<\/p>\n<\/div><\/section><\/div><div  style='height:50px' class='hr hr-invisible   avia-builder-el-6  el_after_av_one_full  el_before_av_social_share '><span class='hr-inner ' ><span class='hr-inner-style'><\/span><\/span><\/div><\/p>\n<div  class='av-social-sharing-box  avia-builder-el-7  el_after_av_hr  el_before_av_hr  '><div class='av-share-box'><h5 class='av-share-link-description av-no-toc '>Compartir esta noticia<\/h5><ul class='av-share-box-list noLightbox'><li class='av-share-link av-social-link-facebook' ><a target=\"_blank\" aria-label=\"Compartir en Facebook\" href='https:\/\/www.facebook.com\/sharer.php?u=https:\/\/radiorevelacionfm.cl\/?p=42136&#038;t=Con%20gran%20asistencia%20de%20la%20comunidad%20se%20realiz%C3%B3%20%E2%80%9CExpo%20D%C3%ADa%20de%20la%20Madre%E2%80%9D%20en%20Ays%C3%A9n' aria-hidden='false' data-av_icon='\ue8f3' data-av_iconfont='entypo-fontello' title='' data-avia-related-tooltip='Compartir en Facebook' rel=\"noopener\"><span class='avia_hidden_link_text'>Compartir en Facebook<\/span><\/a><\/li><li class='av-share-link av-social-link-twitter' ><a target=\"_blank\" aria-label=\"Compartir en Twitter\" href='https:\/\/twitter.com\/share?text=Con%20gran%20asistencia%20de%20la%20comunidad%20se%20realiz%C3%B3%20%E2%80%9CExpo%20D%C3%ADa%20de%20la%20Madre%E2%80%9D%20en%20Ays%C3%A9n&#038;url=https:\/\/radiorevelacionfm.cl\/?p=42136' aria-hidden='false' data-av_icon='\ue8f1' data-av_iconfont='entypo-fontello' title='' data-avia-related-tooltip='Compartir en Twitter' rel=\"noopener\"><span class='avia_hidden_link_text'>Compartir en Twitter<\/span><\/a><\/li><li class='av-share-link av-social-link-whatsapp' ><a target=\"_blank\" aria-label=\"Compartir en Whatsapp\" href='https:\/\/api.whatsapp.com\/send?text=https:\/\/radiorevelacionfm.cl\/?p=42136' aria-hidden='false' data-av_icon='\uf232' data-av_iconfont='entypo-fontello' title='' data-avia-related-tooltip='Compartir en Whatsapp' rel=\"noopener\"><span class='avia_hidden_link_text'>Compartir en Whatsapp<\/span><\/a><\/li><li class='av-share-link av-social-link-linkedin' ><a target=\"_blank\" aria-label=\"Compartir en LinkedIn\" href='https:\/\/linkedin.com\/shareArticle?mini=true&#038;title=Con%20gran%20asistencia%20de%20la%20comunidad%20se%20realiz%C3%B3%20%E2%80%9CExpo%20D%C3%ADa%20de%20la%20Madre%E2%80%9D%20en%20Ays%C3%A9n&#038;url=https:\/\/radiorevelacionfm.cl\/?p=42136' aria-hidden='false' data-av_icon='\ue8fc' data-av_iconfont='entypo-fontello' title='' data-avia-related-tooltip='Compartir en LinkedIn' rel=\"noopener\"><span class='avia_hidden_link_text'>Compartir en LinkedIn<\/span><\/a><\/li><li class='av-share-link av-social-link-mail' ><a  aria-label=\"Compartir por correo\" href='mailto:?subject=Con%20gran%20asistencia%20de%20la%20comunidad%20se%20realiz%C3%B3%20%E2%80%9CExpo%20D%C3%ADa%20de%20la%20Madre%E2%80%9D%20en%20Ays%C3%A9n&#038;body=https:\/\/radiorevelacionfm.cl\/?p=42136' aria-hidden='false' data-av_icon='\ue805' data-av_iconfont='entypo-fontello' title='' data-avia-related-tooltip='Compartir por correo'><span class='avia_hidden_link_text'>Compartir por correo<\/span><\/a><\/li><\/ul><\/div><\/div>\n<div  style='height:50px' class='hr hr-invisible   avia-builder-el-8  el_after_av_social_share  el_before_av_comments_list '><span class='hr-inner ' ><span class='hr-inner-style'><\/span><\/span><\/div>\n<div  class='av-buildercomment  av-blog-meta-html-info-disabled av-blog-meta-tag-disabled  '><\/div>\n","protected":false},"excerpt":{"rendered":"","protected":false},"author":1,"featured_media":42137,"comment_status":"open","ping_status":"open","sticky":false,"template":"","format":"standard","meta":{"footnotes":""},"categories":[38],"tags":[],"class_list":["post-42136","post","type-post","status-publish","format-standard","has-post-thumbnail","hentry","category-regional"],"jetpack_featured_media_url":"https:\/\/radiorevelacionfm.cl\/wp-content\/uploads\/2024\/05\/expo-aysen-7-1_optimized-1-1.jpg","_links":{"self":[{"href":"https:\/\/radiorevelacionfm.cl\/index.php?rest_route=\/wp\/v2\/posts\/42136","targetHints":{"allow":["GET"]}}],"collection":[{"href":"https:\/\/radiorevelacionfm.cl\/index.php?rest_route=\/wp\/v2\/posts"}],"about":[{"href":"https:\/\/radiorevelacionfm.cl\/index.php?rest_route=\/wp\/v2\/types\/post"}],"author":[{"embeddable":true,"href":"https:\/\/radiorevelacionfm.cl\/index.php?rest_route=\/wp\/v2\/users\/1"}],"replies":[{"embeddable":true,"href":"https:\/\/radiorevelacionfm.cl\/index.php?rest_route=%2Fwp%2Fv2%2Fcomments&post=42136"}],"version-history":[{"count":1,"href":"https:\/\/radiorevelacionfm.cl\/index.php?rest_route=\/wp\/v2\/posts\/42136\/revisions"}],"predecessor-version":[{"id":42138,"href":"https:\/\/radiorevelacionfm.cl\/index.php?rest_route=\/wp\/v2\/posts\/42136\/revisions\/42138"}],"wp:featuredmedia":[{"embeddable":true,"href":"https:\/\/radiorevelacionfm.cl\/index.php?rest_route=\/wp\/v2\/media\/42137"}],"wp:attachment":[{"href":"https:\/\/radiorevelacionfm.cl\/index.php?rest_route=%2Fwp%2Fv2%2Fmedia&parent=42136"}],"wp:term":[{"taxonomy":"category","embeddable":true,"href":"https:\/\/radiorevelacionfm.cl\/index.php?rest_route=%2Fwp%2Fv2%2Fcategories&post=42136"},{"taxonomy":"post_tag","embeddable":true,"href":"https:\/\/radiorevelacionfm.cl\/index.php?rest_route=%2Fwp%2Fv2%2Ftags&post=42136"}],"curies":[{"name":"wp","href":"https:\/\/api.w.org\/{rel}","templated":true}]}}