{"id":42133,"date":"2024-05-13T21:11:33","date_gmt":"2024-05-14T00:11:33","guid":{"rendered":"https:\/\/radiorevelacionfm.cl\/?p=42133"},"modified":"2024-05-13T21:11:33","modified_gmt":"2024-05-14T00:11:33","slug":"con-escuelas-de-lago-atravesado-coyhaique-y-chacabuco-culturas-aysen-celebra-semana-de-la-educacion-artistica","status":"publish","type":"post","link":"https:\/\/radiorevelacionfm.cl\/?p=42133","title":{"rendered":"Con escuelas de Lago Atravesado, Coyhaique y Chacabuco, Culturas Ays\u00e9n celebra Semana de la Educaci\u00f3n Art\u00edstica"},"content":{"rendered":"<div class=\"flex_column av_one_full  flex_column_div av-zero-column-padding first  avia-builder-el-0  el_before_av_one_full  avia-builder-el-first  \" style='border-radius:0px; '><div  class='avia-image-container  av-styling-    avia-builder-el-1  avia-builder-el-no-sibling  avia-align-center '  itemprop=\"image\" itemscope=\"itemscope\" itemtype=\"https:\/\/schema.org\/ImageObject\"  ><div class='avia-image-container-inner'><div class='avia-image-overlay-wrap'><img decoding=\"async\" class='wp-image-42134 avia-img-lazy-loading-not-42134 avia_image' src=\"https:\/\/radiorevelacionfm.cl\/wp-content\/uploads\/2024\/05\/sea-2024_7-1_optimized.jpg\" alt='' title='sea-2024_7-(1)_optimized' height=\"600\" width=\"900\"  itemprop=\"thumbnailUrl\" srcset=\"https:\/\/radiorevelacionfm.cl\/wp-content\/uploads\/2024\/05\/sea-2024_7-1_optimized.jpg 900w, https:\/\/radiorevelacionfm.cl\/wp-content\/uploads\/2024\/05\/sea-2024_7-1_optimized-300x200.jpg 300w, https:\/\/radiorevelacionfm.cl\/wp-content\/uploads\/2024\/05\/sea-2024_7-1_optimized-768x512.jpg 768w, https:\/\/radiorevelacionfm.cl\/wp-content\/uploads\/2024\/05\/sea-2024_7-1_optimized-705x470.jpg 705w, https:\/\/radiorevelacionfm.cl\/wp-content\/uploads\/2024\/05\/sea-2024_7-1_optimized-450x300.jpg 450w, https:\/\/radiorevelacionfm.cl\/wp-content\/uploads\/2024\/05\/sea-2024_7-1_optimized-600x400.jpg 600w\" sizes=\"(max-width: 900px) 100vw, 900px\" \/><\/div><\/div><\/div><\/div><div class=\"flex_column av_one_full  flex_column_div av-zero-column-padding first  avia-builder-el-2  el_after_av_one_full  el_before_av_one_full  column-top-margin\" style='border-radius:0px; '><section class=\"av_textblock_section \"  itemscope=\"itemscope\" itemtype=\"https:\/\/schema.org\/BlogPosting\" itemprop=\"blogPost\" ><div class='avia_textblock  '   itemprop=\"text\" ><p style=\"text-align: center;\"><span style=\"font-size: 18pt;\"><b>Con escuelas de Lago Atravesado, Coyhaique y Chacabuco, Culturas Ays\u00e9n celebra Semana de la Educaci\u00f3n Art\u00edstica<\/b><\/span><\/p>\n<div id=\"gtx-trans\" style=\"position: absolute; left: -50px; top: 4.31534px;\">\n<div class=\"gtx-trans-icon\"><\/div>\n<\/div>\n<\/div><\/section><\/div><div class=\"flex_column av_one_full  flex_column_div av-zero-column-padding first  avia-builder-el-4  el_after_av_one_full  el_before_av_hr  column-top-margin\" style='border-radius:0px; '><section class=\"av_textblock_section \"  itemscope=\"itemscope\" itemtype=\"https:\/\/schema.org\/BlogPosting\" itemprop=\"blogPost\" ><div class='avia_textblock  '   itemprop=\"text\" ><p style=\"text-align: justify;\">Bajo el lema Compartir la Alegr\u00eda de Crear, todo Chile celebra la Semana de la Educaci\u00f3n Art\u00edstica SEA 2024, iniciativa internacional convocada por la Unesco y a la que Chile adscribe desde el a\u00f1o 2013. La SEA busca sensibilizar acerca de la importancia de la educaci\u00f3n art\u00edstica y promover la diversidad cultural, el di\u00e1logo intercultural y la cohesi\u00f3n social.<\/p>\n<p style=\"text-align: justify;\">En Coyhaique, estudiantes de las escuelas Almirante Simpson de Puerto Chacabuco, Pablo Cea de Lago Atravesado y Baquedano de Coyhaique, llegaron hasta el Centro Cultural Coyhaique y el Espacio Cecrea para participar en una l\u00fadica jornada de arte, cultura, aprendizaje y crecimiento. En total, participaron en 4 laboratorios creativos de artes musicales, esc\u00e9nicas, literarias, visuales y audiovisuales, junto a facilitadores\/as y artistas educadores\/as y docentes de los programas Accionas y Cecrea.<\/p>\n<p style=\"text-align: justify;\">El seremi de Culturas Ays\u00e9n, Felipe Quiroz; y la de Educaci\u00f3n Ays\u00e9n, Isabel Garrido, entregaron primero un reconocimiento a la m\u00fasica y formadora Magdalena Rosas, y a la artista multidisciplinar Sol Inzunza, por su permanente aporte a la educaci\u00f3n art\u00edstica en la Regi\u00f3n de Ays\u00e9n, mediante las artes esc\u00e9nicas y musicales.<\/p>\n<p style=\"text-align: justify;\">Magdalena Rosas, tambi\u00e9n directora de la Escuela de M\u00fasica, dijo que \u201ca m\u00ed me dan un poco de verg\u00fcenza los reconocimientos porque en realidad no es un reconocimiento a m\u00ed, es un reconocimiento a un proyecto donde ha habido mucha gente, como la Guacolda Gajardo, Jessy A\u00f1asco que fue la gestora de esta casa, Felipe Nahuelpan y Jaime Uribe que sostuvieron todo el proyecto mientras fui directora de Cultura, los equipos actuales, los apoderados, la gente que ha confiado en nosotros; las generaciones que han pasado por aqu\u00ed\u201d.<\/p>\n<p style=\"text-align: justify;\">El seremi de Culturas Ays\u00e9n, Felipe Quiroz, dijo que \u201cpara nuestro Gobierno es sumamente importante reconocer el trabajo que se ha hecho en torno a la educaci\u00f3n art\u00edstica, pues consideramos que se trata de una poderosa herramienta para el presente y el futuro de ni\u00f1os, ni\u00f1as y adolescentes. En esta Semana de la Educaci\u00f3n Art\u00edstica queremos relevar el enorme trabajo de nuestras homenajeadas y, a trav\u00e9s de ellas, a todos y todas quienes entregan su vida para que el arte y la cultura sean protagonistas de la educaci\u00f3n\u201d.<\/p>\n<p style=\"text-align: justify;\">Gonzalo Mix, director de la Escuela Pablo Cea de Lago Atravesado se\u00f1al\u00f3 que \u201ccreo que no hay una visi\u00f3n tan acabada, incluso los espacios que ellos habitan cotidianamente son espacios art\u00edsticos. Uno de los sellos que tenemos como escuela es el rescate de la cultura local y eso implica enaltecer las vivencias cotidianas que tienen ellos en la vida rural, desde los admin\u00edculos y los utensilios que utilizan, que son elementos que est\u00e9ticamente son muy bellos y hacen que ellos se sientan muy cercanos a su espacio. No hay que olvidar que ellos ya viven el arte. Creemos que es un idioma m\u00e1s que ellos tienen que hablar. Los ni\u00f1os llevan hartas cosas dentro y con el tiempo van aprendiendo c\u00f3mo comunicarlas, pueden expresarse a trav\u00e9s del dibujo, de la m\u00fasica y distintas formas\u201d.<\/p>\n<p style=\"text-align: justify;\">Patricia Rivera, encargada de Educaci\u00f3n Art\u00edstica de la Seremi de Culturas Ays\u00e9n, cont\u00f3 que \u201cpensamos la Semana de la Educaci\u00f3n Art\u00edstica en el equipo de Educaci\u00f3n y en conjunto con los programas Cecrea y Acciona, partiendo desde el lema Compartir la alegr\u00eda de crear; decidimos que los estudiantes de los colegios que pertenecen a los programas, y que adem\u00e1s pertenecen la Mesa Regional de Educaci\u00f3n art\u00edstica, compartieran un espacio en com\u00fan y tomamos duplas de artistas y educadores para llevar a cabo cuatro laboratorios creativos\u201d.<\/p>\n<p style=\"text-align: justify;\">\u201cMe gusta el arte porque me permite estar un rato tranquilo y me ayuda a calmarme\u201d., dice Maximiliano, estudiante de la escuela Pablo Cea de Lago Atravesado. Agrega que le gusta pintar paisajes.<\/p>\n<p style=\"text-align: justify;\">\u201cMe pareci\u00f3 muy buena la actividad. Del arte me gusta dibujar, me gustan los graffittis\u201d, concluye una concentrada estudiante mientras termina un dibujo en el Espacio Cecrea.<\/p>\n<p style=\"text-align: justify;\">En el resto del territorio de Ays\u00e9n habr\u00e1 actividades de creaci\u00f3n art\u00edstica\u00a0 durante toda la semana en las escuelas Altamira, Espa\u00f1a, Baquedano, V\u00edctor Domingo Silva y Rural de Valle Simpson de la comuna de Coyhaique; las escuelas Litoral Austral y Almirante Simpson de Puerto Chacabuco; y el liceo Ma\u00f1ihuales en Ays\u00e9n; el liceo Luisa Rabanal Palma de Chile Chico, y la escuela Guido G\u00f3mez de Cisnes.<\/p>\n<p style=\"text-align: justify;\">Puedes conocer todas las alternativas en<\/p>\n<p style=\"text-align: justify;\">\u00a0<u><a id=\"m_-7623907121245059087OWAdfb79b7f-7112-d96a-9332-e6abd6c110b6\" href=\"https:\/\/semanaeducacionartistica.cultura.gob.cl\/\" target=\"_blank\" rel=\"noopener\" data-saferedirecturl=\"https:\/\/www.google.com\/url?q=https:\/\/semanaeducacionartistica.cultura.gob.cl\/&amp;source=gmail&amp;ust=1715717452348000&amp;usg=AOvVaw1y668KYcA0JbPHulxoVRSD\">https:\/\/<wbr \/>semanaeducacionartistica.<wbr \/>cultura.gob.cl\/<\/a><\/u><\/p>\n<\/div><\/section><\/div><div  style='height:50px' class='hr hr-invisible   avia-builder-el-6  el_after_av_one_full  el_before_av_social_share '><span class='hr-inner ' ><span class='hr-inner-style'><\/span><\/span><\/div><\/p>\n<div  class='av-social-sharing-box  avia-builder-el-7  el_after_av_hr  el_before_av_hr  '><div class='av-share-box'><h5 class='av-share-link-description av-no-toc '>Compartir esta noticia<\/h5><ul class='av-share-box-list noLightbox'><li class='av-share-link av-social-link-facebook' ><a target=\"_blank\" aria-label=\"Compartir en Facebook\" href='https:\/\/www.facebook.com\/sharer.php?u=https:\/\/radiorevelacionfm.cl\/?p=42133&#038;t=Con%20escuelas%20de%20Lago%20Atravesado%2C%20Coyhaique%20y%20Chacabuco%2C%20Culturas%20Ays%C3%A9n%20celebra%20Semana%20de%20la%20Educaci%C3%B3n%20Art%C3%ADstica' aria-hidden='false' data-av_icon='\ue8f3' data-av_iconfont='entypo-fontello' title='' data-avia-related-tooltip='Compartir en Facebook' rel=\"noopener\"><span class='avia_hidden_link_text'>Compartir en Facebook<\/span><\/a><\/li><li class='av-share-link av-social-link-twitter' ><a target=\"_blank\" aria-label=\"Compartir en Twitter\" href='https:\/\/twitter.com\/share?text=Con%20escuelas%20de%20Lago%20Atravesado%2C%20Coyhaique%20y%20Chacabuco%2C%20Culturas%20Ays%C3%A9n%20celebra%20Semana%20de%20la%20Educaci%C3%B3n%20Art%C3%ADstica&#038;url=https:\/\/radiorevelacionfm.cl\/?p=42133' aria-hidden='false' data-av_icon='\ue8f1' data-av_iconfont='entypo-fontello' title='' data-avia-related-tooltip='Compartir en Twitter' rel=\"noopener\"><span class='avia_hidden_link_text'>Compartir en Twitter<\/span><\/a><\/li><li class='av-share-link av-social-link-whatsapp' ><a target=\"_blank\" aria-label=\"Compartir en Whatsapp\" href='https:\/\/api.whatsapp.com\/send?text=https:\/\/radiorevelacionfm.cl\/?p=42133' aria-hidden='false' data-av_icon='\uf232' data-av_iconfont='entypo-fontello' title='' data-avia-related-tooltip='Compartir en Whatsapp' rel=\"noopener\"><span class='avia_hidden_link_text'>Compartir en Whatsapp<\/span><\/a><\/li><li class='av-share-link av-social-link-linkedin' ><a target=\"_blank\" aria-label=\"Compartir en LinkedIn\" href='https:\/\/linkedin.com\/shareArticle?mini=true&#038;title=Con%20escuelas%20de%20Lago%20Atravesado%2C%20Coyhaique%20y%20Chacabuco%2C%20Culturas%20Ays%C3%A9n%20celebra%20Semana%20de%20la%20Educaci%C3%B3n%20Art%C3%ADstica&#038;url=https:\/\/radiorevelacionfm.cl\/?p=42133' aria-hidden='false' data-av_icon='\ue8fc' data-av_iconfont='entypo-fontello' title='' data-avia-related-tooltip='Compartir en LinkedIn' rel=\"noopener\"><span class='avia_hidden_link_text'>Compartir en LinkedIn<\/span><\/a><\/li><li class='av-share-link av-social-link-mail' ><a  aria-label=\"Compartir por correo\" href='mailto:?subject=Con%20escuelas%20de%20Lago%20Atravesado%2C%20Coyhaique%20y%20Chacabuco%2C%20Culturas%20Ays%C3%A9n%20celebra%20Semana%20de%20la%20Educaci%C3%B3n%20Art%C3%ADstica&#038;body=https:\/\/radiorevelacionfm.cl\/?p=42133' aria-hidden='false' data-av_icon='\ue805' data-av_iconfont='entypo-fontello' title='' data-avia-related-tooltip='Compartir por correo'><span class='avia_hidden_link_text'>Compartir por correo<\/span><\/a><\/li><\/ul><\/div><\/div>\n<div  style='height:50px' class='hr hr-invisible   avia-builder-el-8  el_after_av_social_share  el_before_av_comments_list '><span class='hr-inner ' ><span class='hr-inner-style'><\/span><\/span><\/div>\n<div  class='av-buildercomment  av-blog-meta-html-info-disabled av-blog-meta-tag-disabled  '><\/div>\n","protected":false},"excerpt":{"rendered":"","protected":false},"author":1,"featured_media":42134,"comment_status":"open","ping_status":"open","sticky":false,"template":"","format":"standard","meta":{"footnotes":""},"categories":[52],"tags":[],"class_list":["post-42133","post","type-post","status-publish","format-standard","has-post-thumbnail","hentry","category-cultura"],"jetpack_featured_media_url":"https:\/\/radiorevelacionfm.cl\/wp-content\/uploads\/2024\/05\/sea-2024_7-1_optimized.jpg","_links":{"self":[{"href":"https:\/\/radiorevelacionfm.cl\/index.php?rest_route=\/wp\/v2\/posts\/42133","targetHints":{"allow":["GET"]}}],"collection":[{"href":"https:\/\/radiorevelacionfm.cl\/index.php?rest_route=\/wp\/v2\/posts"}],"about":[{"href":"https:\/\/radiorevelacionfm.cl\/index.php?rest_route=\/wp\/v2\/types\/post"}],"author":[{"embeddable":true,"href":"https:\/\/radiorevelacionfm.cl\/index.php?rest_route=\/wp\/v2\/users\/1"}],"replies":[{"embeddable":true,"href":"https:\/\/radiorevelacionfm.cl\/index.php?rest_route=%2Fwp%2Fv2%2Fcomments&post=42133"}],"version-history":[{"count":1,"href":"https:\/\/radiorevelacionfm.cl\/index.php?rest_route=\/wp\/v2\/posts\/42133\/revisions"}],"predecessor-version":[{"id":42135,"href":"https:\/\/radiorevelacionfm.cl\/index.php?rest_route=\/wp\/v2\/posts\/42133\/revisions\/42135"}],"wp:featuredmedia":[{"embeddable":true,"href":"https:\/\/radiorevelacionfm.cl\/index.php?rest_route=\/wp\/v2\/media\/42134"}],"wp:attachment":[{"href":"https:\/\/radiorevelacionfm.cl\/index.php?rest_route=%2Fwp%2Fv2%2Fmedia&parent=42133"}],"wp:term":[{"taxonomy":"category","embeddable":true,"href":"https:\/\/radiorevelacionfm.cl\/index.php?rest_route=%2Fwp%2Fv2%2Fcategories&post=42133"},{"taxonomy":"post_tag","embeddable":true,"href":"https:\/\/radiorevelacionfm.cl\/index.php?rest_route=%2Fwp%2Fv2%2Ftags&post=42133"}],"curies":[{"name":"wp","href":"https:\/\/api.w.org\/{rel}","templated":true}]}}