{"id":42130,"date":"2024-05-13T20:46:53","date_gmt":"2024-05-13T23:46:53","guid":{"rendered":"https:\/\/radiorevelacionfm.cl\/?p=42130"},"modified":"2024-05-13T20:46:53","modified_gmt":"2024-05-13T23:46:53","slug":"jardin-infantil-sembrando-futuro-llega-con-educacion-inicial-a-los-rincones-mas-apartados-de-la-region-de-aysen","status":"publish","type":"post","link":"https:\/\/radiorevelacionfm.cl\/?p=42130","title":{"rendered":"Jard\u00edn infantil \u201cSembrando Futuro\u201d llega con educaci\u00f3n inicial a los rincones m\u00e1s apartados de la regi\u00f3n de Ays\u00e9n"},"content":{"rendered":"<div class=\"flex_column av_one_full  flex_column_div av-zero-column-padding first  avia-builder-el-0  el_before_av_one_full  avia-builder-el-first  \" style='border-radius:0px; '><div  class='avia-image-container  av-styling-    avia-builder-el-1  avia-builder-el-no-sibling  avia-align-center '  itemprop=\"image\" itemscope=\"itemscope\" itemtype=\"https:\/\/schema.org\/ImageObject\"  ><div class='avia-image-container-inner'><div class='avia-image-overlay-wrap'><img decoding=\"async\" class='wp-image-42131 avia-img-lazy-loading-not-42131 avia_image' src=\"https:\/\/radiorevelacionfm.cl\/wp-content\/uploads\/2024\/05\/IMG_1482-1-1.jpg\" alt='' title='IMG_1482 (1) (1)' height=\"600\" width=\"800\"  itemprop=\"thumbnailUrl\" srcset=\"https:\/\/radiorevelacionfm.cl\/wp-content\/uploads\/2024\/05\/IMG_1482-1-1.jpg 800w, https:\/\/radiorevelacionfm.cl\/wp-content\/uploads\/2024\/05\/IMG_1482-1-1-300x225.jpg 300w, https:\/\/radiorevelacionfm.cl\/wp-content\/uploads\/2024\/05\/IMG_1482-1-1-768x576.jpg 768w, https:\/\/radiorevelacionfm.cl\/wp-content\/uploads\/2024\/05\/IMG_1482-1-1-705x529.jpg 705w, https:\/\/radiorevelacionfm.cl\/wp-content\/uploads\/2024\/05\/IMG_1482-1-1-450x338.jpg 450w, https:\/\/radiorevelacionfm.cl\/wp-content\/uploads\/2024\/05\/IMG_1482-1-1-600x450.jpg 600w\" sizes=\"(max-width: 800px) 100vw, 800px\" \/><\/div><\/div><\/div><\/div><div class=\"flex_column av_one_full  flex_column_div av-zero-column-padding first  avia-builder-el-2  el_after_av_one_full  el_before_av_one_full  column-top-margin\" style='border-radius:0px; '><section class=\"av_textblock_section \"  itemscope=\"itemscope\" itemtype=\"https:\/\/schema.org\/BlogPosting\" itemprop=\"blogPost\" ><div class='avia_textblock  '   itemprop=\"text\" ><p style=\"text-align: center;\"><strong><span style=\"font-size: 18pt;\">Jard\u00edn infantil \u201cSembrando Futuro\u201d llega con educaci\u00f3n inicial a los rincones m\u00e1s apartados de la regi\u00f3n de Ays\u00e9n<\/span><\/strong><\/p>\n<div id=\"gtx-trans\" style=\"position: absolute; left: -50px; top: 4.31534px;\">\n<div class=\"gtx-trans-icon\"><\/div>\n<\/div>\n<\/div><\/section><\/div><div class=\"flex_column av_one_full  flex_column_div av-zero-column-padding first  avia-builder-el-4  el_after_av_one_full  el_before_av_hr  column-top-margin\" style='border-radius:0px; '><section class=\"av_textblock_section \"  itemscope=\"itemscope\" itemtype=\"https:\/\/schema.org\/BlogPosting\" itemprop=\"blogPost\" ><div class='avia_textblock  '   itemprop=\"text\" ><p style=\"text-align: justify;\">Desde las 6 am Alonso Urrutia Mercado, de 3 a\u00f1os, est\u00e1 levantado pregunt\u00e1ndole a su mam\u00e1 a qu\u00e9 hora llega la t\u00eda Yenny. \u00c9l vive en R\u00edo Alto Ma\u00f1ihuales, que est\u00e1 distante a 136 kil\u00f3metros de Coyhaique, de la capital regional, pero para poder llegar es un trayecto en auto de m\u00e1s de 3 horas de camino.<\/p>\n<p style=\"text-align: justify;\">Hasta all\u00e1 viajaron el director regional Juan Eduardo Lorca junto a Yenny Cay\u00fan, quien es una de las dos educadoras que, semana a semana, visitan a ni\u00f1os y ni\u00f1as de los lugares m\u00e1s inh\u00f3spitos de la regi\u00f3n de Ays\u00e9n, zonas donde existe un jard\u00edn infantil o una oferta en educaci\u00f3n inicial.<\/p>\n<p style=\"text-align: justify;\">Para la mam\u00e1 de Alonso, Ang\u00e9lica Mercado, es una gran ayuda; \u201cAlonso aprende harto, estamos a hartos kil\u00f3metros de Coyhaique como para que \u00e9l pueda ir a un jard\u00edn, es dif\u00edcil para nosotros. Entonces que salgan a hacer esto ac\u00e1, es maravilloso. En todas las visitas la t\u00eda hace su entrega de materiales, le ense\u00f1a. Para m\u00ed es muy bueno, muy bonito. Darle las gracias al director (regional de Junji) que \u00e9l vino hasta ac\u00e1\u201d.<\/p>\n<p style=\"text-align: justify;\">Un Jard\u00edn Comunicacional de la Junji es una modalidad de trabajo en la que la familia, en su propio hogar, recibe la asesor\u00eda semipresencial de educadoras de p\u00e1rvulos de la instituci\u00f3n en horarios y jornadas flexibles, como una manera de llevar educaci\u00f3n inicial a los lugares m\u00e1s apartados del pa\u00eds.<\/p>\n<p style=\"text-align: justify;\">\u201cVinimos a la localidad de Alto R\u00edo Ma\u00f1ihuales, aqu\u00ed nos recibi\u00f3 la se\u00f1ora Ang\u00e9lica con Alonso y pudimos convivir con ellos durante esta ma\u00f1ana. Pudimos disfrutar tambi\u00e9n, de todo este entorno natural, que nos permite acompa\u00f1ar nuestro Jard\u00edn (infantil) Comunicacional en todas las experiencias de aprendizajes que podemos vivir con nuestras ni\u00f1as y ni\u00f1os en el jard\u00edn a distancia. Nuestro prop\u00f3sito fundamental es poder entregar educaci\u00f3n de calidad y bienestar integral y eso tambi\u00e9n nos permite llegar a todos los lugares de la regi\u00f3n de Ays\u00e9n, incluso estos lugares apartados donde nuestro jard\u00edn alternativo \u201cSembrando Futuro\u201d, permite trabajar con las familias como primeros agentes educativos y, sobre todo, seguir asegurando bienestar y calidad educativa bueno pueden acceder a un jard\u00edn cl\u00e1sico, se\u00f1al\u00f3 Juan Eduardo Lorca, director regional.<\/p>\n<p style=\"text-align: justify;\">Jard\u00edn Comunicacional a Distancia \u201cSembrando Futuro\u201d, el que cuenta con un equipo de trabajo que realiza; visitas domiciliarias, programas radiales, ludoteca y encuentros pedag\u00f3gicos, para que ni\u00f1os y ni\u00f1as de localidades distantes no se queden atr\u00e1s en su aprendizaje temprano.<\/p>\n<p style=\"text-align: justify;\">\u201cHoy pudimos venir a la casa de Alonso, quien amablemente junto a su mam\u00e1 Ang\u00e9lica nos pudo recibir en este entorno maravilloso, donde pudimos disfrutar de experiencias educativas y compartir junto a \u00e9l y compartir de todas las actividades que hace en su campo; darle de comer a las gallinas, andar a caballo, ir al huerto\u2026 la relevancia de poder llegar a los hogares de a las familias de los ni\u00f1os y ni\u00f1as de Junji, es muy importante, ya que podemos venir aqu\u00ed a realizar experiencia educativas y reforzar en las familias, quienes son los primeros agentes educativos\u201d Dijo Yenny Cay\u00fan, educadora del Jard\u00edn Infantil Comunicacional \u201cSembrando Futuro\u201d.<\/p>\n<p style=\"text-align: justify;\">Antes de irse el equipo de la direcci\u00f3n regional se llev\u00f3 una grata sorpresa, se encontraron con Natalia Mercado, hermana de la mam\u00e1 de Alonso, quien les cont\u00f3 que hace 19 a\u00f1os fue apoderada de \u201cSembrando Futuro\u201d y coment\u00f3: \u201cFue una muy buena experiencia, me ayud\u00f3 mucho, fue de mucho apoyo con mi hijo, \u00e9l aprendi\u00f3 los colores, las vocales y aprendi\u00f3 a compartir con otros ni\u00f1os. Nosotros no pod\u00edamos salir es tan a \u201ctras mano\u201d ac\u00e1, entonces llegan a las casas, es lo mejor\u201d.<\/p>\n<\/div><\/section><\/div><div  style='height:50px' class='hr hr-invisible   avia-builder-el-6  el_after_av_one_full  el_before_av_social_share '><span class='hr-inner ' ><span class='hr-inner-style'><\/span><\/span><\/div><\/p>\n<div  class='av-social-sharing-box  avia-builder-el-7  el_after_av_hr  el_before_av_hr  '><div class='av-share-box'><h5 class='av-share-link-description av-no-toc '>Compartir esta noticia<\/h5><ul class='av-share-box-list noLightbox'><li class='av-share-link av-social-link-facebook' ><a target=\"_blank\" aria-label=\"Compartir en Facebook\" href='https:\/\/www.facebook.com\/sharer.php?u=https:\/\/radiorevelacionfm.cl\/?p=42130&#038;t=Jard%C3%ADn%20infantil%20%E2%80%9CSembrando%20Futuro%E2%80%9D%20llega%20con%20educaci%C3%B3n%20inicial%20a%20los%20rincones%20m%C3%A1s%20apartados%20de%20la%20regi%C3%B3n%20de%20Ays%C3%A9n' aria-hidden='false' data-av_icon='\ue8f3' data-av_iconfont='entypo-fontello' title='' data-avia-related-tooltip='Compartir en Facebook' rel=\"noopener\"><span class='avia_hidden_link_text'>Compartir en Facebook<\/span><\/a><\/li><li class='av-share-link av-social-link-twitter' ><a target=\"_blank\" aria-label=\"Compartir en Twitter\" href='https:\/\/twitter.com\/share?text=Jard%C3%ADn%20infantil%20%E2%80%9CSembrando%20Futuro%E2%80%9D%20llega%20con%20educaci%C3%B3n%20inicial%20a%20los%20rincones%20m%C3%A1s%20apartados%20de%20la%20regi%C3%B3n%20de%20Ays%C3%A9n&#038;url=https:\/\/radiorevelacionfm.cl\/?p=42130' aria-hidden='false' data-av_icon='\ue8f1' data-av_iconfont='entypo-fontello' title='' data-avia-related-tooltip='Compartir en Twitter' rel=\"noopener\"><span class='avia_hidden_link_text'>Compartir en Twitter<\/span><\/a><\/li><li class='av-share-link av-social-link-whatsapp' ><a target=\"_blank\" aria-label=\"Compartir en Whatsapp\" href='https:\/\/api.whatsapp.com\/send?text=https:\/\/radiorevelacionfm.cl\/?p=42130' aria-hidden='false' data-av_icon='\uf232' data-av_iconfont='entypo-fontello' title='' data-avia-related-tooltip='Compartir en Whatsapp' rel=\"noopener\"><span class='avia_hidden_link_text'>Compartir en Whatsapp<\/span><\/a><\/li><li class='av-share-link av-social-link-linkedin' ><a target=\"_blank\" aria-label=\"Compartir en LinkedIn\" href='https:\/\/linkedin.com\/shareArticle?mini=true&#038;title=Jard%C3%ADn%20infantil%20%E2%80%9CSembrando%20Futuro%E2%80%9D%20llega%20con%20educaci%C3%B3n%20inicial%20a%20los%20rincones%20m%C3%A1s%20apartados%20de%20la%20regi%C3%B3n%20de%20Ays%C3%A9n&#038;url=https:\/\/radiorevelacionfm.cl\/?p=42130' aria-hidden='false' data-av_icon='\ue8fc' data-av_iconfont='entypo-fontello' title='' data-avia-related-tooltip='Compartir en LinkedIn' rel=\"noopener\"><span class='avia_hidden_link_text'>Compartir en LinkedIn<\/span><\/a><\/li><li class='av-share-link av-social-link-mail' ><a  aria-label=\"Compartir por correo\" href='mailto:?subject=Jard%C3%ADn%20infantil%20%E2%80%9CSembrando%20Futuro%E2%80%9D%20llega%20con%20educaci%C3%B3n%20inicial%20a%20los%20rincones%20m%C3%A1s%20apartados%20de%20la%20regi%C3%B3n%20de%20Ays%C3%A9n&#038;body=https:\/\/radiorevelacionfm.cl\/?p=42130' aria-hidden='false' data-av_icon='\ue805' data-av_iconfont='entypo-fontello' title='' data-avia-related-tooltip='Compartir por correo'><span class='avia_hidden_link_text'>Compartir por correo<\/span><\/a><\/li><\/ul><\/div><\/div>\n<div  style='height:50px' class='hr hr-invisible   avia-builder-el-8  el_after_av_social_share  el_before_av_comments_list '><span class='hr-inner ' ><span class='hr-inner-style'><\/span><\/span><\/div>\n<div  class='av-buildercomment  av-blog-meta-html-info-disabled av-blog-meta-tag-disabled  '><\/div>\n","protected":false},"excerpt":{"rendered":"","protected":false},"author":1,"featured_media":42131,"comment_status":"open","ping_status":"open","sticky":false,"template":"","format":"standard","meta":{"footnotes":""},"categories":[49],"tags":[],"class_list":["post-42130","post","type-post","status-publish","format-standard","has-post-thumbnail","hentry","category-educacion"],"jetpack_featured_media_url":"https:\/\/radiorevelacionfm.cl\/wp-content\/uploads\/2024\/05\/IMG_1482-1-1.jpg","_links":{"self":[{"href":"https:\/\/radiorevelacionfm.cl\/index.php?rest_route=\/wp\/v2\/posts\/42130","targetHints":{"allow":["GET"]}}],"collection":[{"href":"https:\/\/radiorevelacionfm.cl\/index.php?rest_route=\/wp\/v2\/posts"}],"about":[{"href":"https:\/\/radiorevelacionfm.cl\/index.php?rest_route=\/wp\/v2\/types\/post"}],"author":[{"embeddable":true,"href":"https:\/\/radiorevelacionfm.cl\/index.php?rest_route=\/wp\/v2\/users\/1"}],"replies":[{"embeddable":true,"href":"https:\/\/radiorevelacionfm.cl\/index.php?rest_route=%2Fwp%2Fv2%2Fcomments&post=42130"}],"version-history":[{"count":1,"href":"https:\/\/radiorevelacionfm.cl\/index.php?rest_route=\/wp\/v2\/posts\/42130\/revisions"}],"predecessor-version":[{"id":42132,"href":"https:\/\/radiorevelacionfm.cl\/index.php?rest_route=\/wp\/v2\/posts\/42130\/revisions\/42132"}],"wp:featuredmedia":[{"embeddable":true,"href":"https:\/\/radiorevelacionfm.cl\/index.php?rest_route=\/wp\/v2\/media\/42131"}],"wp:attachment":[{"href":"https:\/\/radiorevelacionfm.cl\/index.php?rest_route=%2Fwp%2Fv2%2Fmedia&parent=42130"}],"wp:term":[{"taxonomy":"category","embeddable":true,"href":"https:\/\/radiorevelacionfm.cl\/index.php?rest_route=%2Fwp%2Fv2%2Fcategories&post=42130"},{"taxonomy":"post_tag","embeddable":true,"href":"https:\/\/radiorevelacionfm.cl\/index.php?rest_route=%2Fwp%2Fv2%2Ftags&post=42130"}],"curies":[{"name":"wp","href":"https:\/\/api.w.org\/{rel}","templated":true}]}}