{"id":42127,"date":"2024-05-13T14:37:08","date_gmt":"2024-05-13T17:37:08","guid":{"rendered":"https:\/\/radiorevelacionfm.cl\/?p=42127"},"modified":"2024-05-13T14:37:08","modified_gmt":"2024-05-13T17:37:08","slug":"inicio-exitoso-del-programa-mi-proyecto-laboral-en-inacap-sede-coyhaique","status":"publish","type":"post","link":"https:\/\/radiorevelacionfm.cl\/?p=42127","title":{"rendered":"Inicio exitoso del Programa \u00abMi Proyecto Laboral\u00bb en INACAP Sede Coyhaique"},"content":{"rendered":"<div class=\"flex_column av_one_full  flex_column_div av-zero-column-padding first  avia-builder-el-0  el_before_av_one_full  avia-builder-el-first  \" style='border-radius:0px; '><div  class='avia-image-container  av-styling-    avia-builder-el-1  avia-builder-el-no-sibling  avia-align-center '  itemprop=\"image\" itemscope=\"itemscope\" itemtype=\"https:\/\/schema.org\/ImageObject\"  ><div class='avia-image-container-inner'><div class='avia-image-overlay-wrap'><img decoding=\"async\" class='wp-image-42128 avia-img-lazy-loading-not-42128 avia_image' src=\"https:\/\/radiorevelacionfm.cl\/wp-content\/uploads\/2024\/05\/WhatsApp-Image-2024-05-13-at-8.56.13-AM-2-1-1.jpeg\" alt='' title='WhatsApp Image 2024-05-13 at 8.56.13 AM (2) (1) (1)' height=\"600\" width=\"854\"  itemprop=\"thumbnailUrl\" srcset=\"https:\/\/radiorevelacionfm.cl\/wp-content\/uploads\/2024\/05\/WhatsApp-Image-2024-05-13-at-8.56.13-AM-2-1-1.jpeg 854w, https:\/\/radiorevelacionfm.cl\/wp-content\/uploads\/2024\/05\/WhatsApp-Image-2024-05-13-at-8.56.13-AM-2-1-1-300x211.jpeg 300w, https:\/\/radiorevelacionfm.cl\/wp-content\/uploads\/2024\/05\/WhatsApp-Image-2024-05-13-at-8.56.13-AM-2-1-1-768x540.jpeg 768w, https:\/\/radiorevelacionfm.cl\/wp-content\/uploads\/2024\/05\/WhatsApp-Image-2024-05-13-at-8.56.13-AM-2-1-1-705x495.jpeg 705w, https:\/\/radiorevelacionfm.cl\/wp-content\/uploads\/2024\/05\/WhatsApp-Image-2024-05-13-at-8.56.13-AM-2-1-1-450x316.jpeg 450w, https:\/\/radiorevelacionfm.cl\/wp-content\/uploads\/2024\/05\/WhatsApp-Image-2024-05-13-at-8.56.13-AM-2-1-1-600x422.jpeg 600w\" sizes=\"(max-width: 854px) 100vw, 854px\" \/><\/div><\/div><\/div><\/div><div class=\"flex_column av_one_full  flex_column_div av-zero-column-padding first  avia-builder-el-2  el_after_av_one_full  el_before_av_one_full  column-top-margin\" style='border-radius:0px; '><section class=\"av_textblock_section \"  itemscope=\"itemscope\" itemtype=\"https:\/\/schema.org\/BlogPosting\" itemprop=\"blogPost\" ><div class='avia_textblock  '   itemprop=\"text\" ><p style=\"text-align: center;\"><strong><span style=\"font-size: 18pt;\">Inicio exitoso del Programa \u00abMi Proyecto Laboral\u00bb en INACAP Sede Coyhaique<\/span><\/strong><\/p>\n<div id=\"gtx-trans\" style=\"position: absolute; left: -50px; top: 4.31534px;\">\n<div class=\"gtx-trans-icon\"><\/div>\n<\/div>\n<\/div><\/section><\/div><div class=\"flex_column av_one_full  flex_column_div av-zero-column-padding first  avia-builder-el-4  el_after_av_one_full  el_before_av_hr  column-top-margin\" style='border-radius:0px; '><section class=\"av_textblock_section \"  itemscope=\"itemscope\" itemtype=\"https:\/\/schema.org\/BlogPosting\" itemprop=\"blogPost\" ><div class='avia_textblock  '   itemprop=\"text\" ><p style=\"text-align: justify;\">El pasado s\u00e1bado se dio inicio al programa \u00abMi Proyecto Laboral\u00bb en INACAP Sede Coyhaique, un paso significativo hacia el desarrollo profesional de estudiantes de 4to medio, de toda la regi\u00f3n de Ays\u00e9n. Este programa, est\u00e1 dise\u00f1ado para preparar a los estudiantes con las habilidades y actitudes necesarias para enfrentar la \u00faltima fase del proceso formativo y su inserci\u00f3n al mundo laboral, el que promete ser una experiencia transformadora.<\/p>\n<p style=\"text-align: justify;\">Nuestro Vicerrector de INACAP Sede Coyhaique, Patrice Van de Maele se\u00f1alo la importancia de este programa \u201cel Programa &#8216;Mi Proyecto Laboral&#8217; es una gran iniciativa de INACAP. Estamos comprometidos en brindar a nuestros j\u00f3venes las herramientas necesarias para que puedan enfrentar con confianza los desaf\u00edos del mundo laboral actual. Este programa representa nuestro compromiso continuo con la formaci\u00f3n integral de nuestros estudiantes y su \u00e9xito futuro\u00bb.<\/p>\n<p style=\"text-align: justify;\">As\u00ed mismo la Coordinadora del Centro de Desarrollo para la Educaci\u00f3n Media (CEDEM), Carla Kelly Moris, expres\u00f3 su entusiasmo por el inicio de este programa \u201cel Programa &#8216;Mi Proyecto Laboral&#8217; es una oportunidad invaluable para nuestros estudiantes de 4to medio. Estamos comprometidos en proporcionarles las herramientas necesarias para que puedan enfrentar con \u00e9xito su transici\u00f3n al mundo laboral y alcanzar sus metas profesionales\u00bb.<\/p>\n<p style=\"text-align: justify;\">En la misma l\u00ednea, el estudiante Sebasti\u00e1n Ignacio Vera Mellao, del Colegio Mater Dei, asistente al programa comparti\u00f3 sus impresiones sobre la experiencia inicial \u201cestoy emocionado de formar parte del Programa &#8216;Mi Proyecto Laboral&#8217;. Creo que esta ser\u00e1 una oportunidad \u00fanica para desarrollar habilidades pr\u00e1cticas y ganar la confianza necesaria para ingresar al mundo laboral con \u00e9xito\u00bb.<\/p>\n<p style=\"text-align: justify;\">El programa se lleva a cabo los s\u00e1bados desde las 09:00 de la ma\u00f1ana en nuestra Sede Coyhaique, ubicada en Las Violetas #171. Esta iniciativa refleja el compromiso de INACAP por ofrecer una educaci\u00f3n de calidad que prepare a los j\u00f3venes para enfrentar los desaf\u00edos del mundo laboral actual.<\/p>\n<\/div><\/section><\/div><div  style='height:50px' class='hr hr-invisible   avia-builder-el-6  el_after_av_one_full  el_before_av_social_share '><span class='hr-inner ' ><span class='hr-inner-style'><\/span><\/span><\/div><\/p>\n<div  class='av-social-sharing-box  avia-builder-el-7  el_after_av_hr  el_before_av_hr  '><div class='av-share-box'><h5 class='av-share-link-description av-no-toc '>Compartir esta noticia<\/h5><ul class='av-share-box-list noLightbox'><li class='av-share-link av-social-link-facebook' ><a target=\"_blank\" aria-label=\"Compartir en Facebook\" href='https:\/\/www.facebook.com\/sharer.php?u=https:\/\/radiorevelacionfm.cl\/?p=42127&#038;t=Inicio%20exitoso%20del%20Programa%20%C2%ABMi%20Proyecto%20Laboral%C2%BB%20en%20INACAP%20Sede%20Coyhaique' aria-hidden='false' data-av_icon='\ue8f3' data-av_iconfont='entypo-fontello' title='' data-avia-related-tooltip='Compartir en Facebook' rel=\"noopener\"><span class='avia_hidden_link_text'>Compartir en Facebook<\/span><\/a><\/li><li class='av-share-link av-social-link-twitter' ><a target=\"_blank\" aria-label=\"Compartir en Twitter\" href='https:\/\/twitter.com\/share?text=Inicio%20exitoso%20del%20Programa%20%C2%ABMi%20Proyecto%20Laboral%C2%BB%20en%20INACAP%20Sede%20Coyhaique&#038;url=https:\/\/radiorevelacionfm.cl\/?p=42127' aria-hidden='false' data-av_icon='\ue8f1' data-av_iconfont='entypo-fontello' title='' data-avia-related-tooltip='Compartir en Twitter' rel=\"noopener\"><span class='avia_hidden_link_text'>Compartir en Twitter<\/span><\/a><\/li><li class='av-share-link av-social-link-whatsapp' ><a target=\"_blank\" aria-label=\"Compartir en Whatsapp\" href='https:\/\/api.whatsapp.com\/send?text=https:\/\/radiorevelacionfm.cl\/?p=42127' aria-hidden='false' data-av_icon='\uf232' data-av_iconfont='entypo-fontello' title='' data-avia-related-tooltip='Compartir en Whatsapp' rel=\"noopener\"><span class='avia_hidden_link_text'>Compartir en Whatsapp<\/span><\/a><\/li><li class='av-share-link av-social-link-linkedin' ><a target=\"_blank\" aria-label=\"Compartir en LinkedIn\" href='https:\/\/linkedin.com\/shareArticle?mini=true&#038;title=Inicio%20exitoso%20del%20Programa%20%C2%ABMi%20Proyecto%20Laboral%C2%BB%20en%20INACAP%20Sede%20Coyhaique&#038;url=https:\/\/radiorevelacionfm.cl\/?p=42127' aria-hidden='false' data-av_icon='\ue8fc' data-av_iconfont='entypo-fontello' title='' data-avia-related-tooltip='Compartir en LinkedIn' rel=\"noopener\"><span class='avia_hidden_link_text'>Compartir en LinkedIn<\/span><\/a><\/li><li class='av-share-link av-social-link-mail' ><a  aria-label=\"Compartir por correo\" href='mailto:?subject=Inicio%20exitoso%20del%20Programa%20%C2%ABMi%20Proyecto%20Laboral%C2%BB%20en%20INACAP%20Sede%20Coyhaique&#038;body=https:\/\/radiorevelacionfm.cl\/?p=42127' aria-hidden='false' data-av_icon='\ue805' data-av_iconfont='entypo-fontello' title='' data-avia-related-tooltip='Compartir por correo'><span class='avia_hidden_link_text'>Compartir por correo<\/span><\/a><\/li><\/ul><\/div><\/div>\n<div  style='height:50px' class='hr hr-invisible   avia-builder-el-8  el_after_av_social_share  el_before_av_comments_list '><span class='hr-inner ' ><span class='hr-inner-style'><\/span><\/span><\/div>\n<div  class='av-buildercomment  av-blog-meta-html-info-disabled av-blog-meta-tag-disabled  '><\/div>\n","protected":false},"excerpt":{"rendered":"","protected":false},"author":1,"featured_media":42128,"comment_status":"open","ping_status":"open","sticky":false,"template":"","format":"standard","meta":{"footnotes":""},"categories":[49],"tags":[],"class_list":["post-42127","post","type-post","status-publish","format-standard","has-post-thumbnail","hentry","category-educacion"],"jetpack_featured_media_url":"https:\/\/radiorevelacionfm.cl\/wp-content\/uploads\/2024\/05\/WhatsApp-Image-2024-05-13-at-8.56.13-AM-2-1-1.jpeg","_links":{"self":[{"href":"https:\/\/radiorevelacionfm.cl\/index.php?rest_route=\/wp\/v2\/posts\/42127","targetHints":{"allow":["GET"]}}],"collection":[{"href":"https:\/\/radiorevelacionfm.cl\/index.php?rest_route=\/wp\/v2\/posts"}],"about":[{"href":"https:\/\/radiorevelacionfm.cl\/index.php?rest_route=\/wp\/v2\/types\/post"}],"author":[{"embeddable":true,"href":"https:\/\/radiorevelacionfm.cl\/index.php?rest_route=\/wp\/v2\/users\/1"}],"replies":[{"embeddable":true,"href":"https:\/\/radiorevelacionfm.cl\/index.php?rest_route=%2Fwp%2Fv2%2Fcomments&post=42127"}],"version-history":[{"count":1,"href":"https:\/\/radiorevelacionfm.cl\/index.php?rest_route=\/wp\/v2\/posts\/42127\/revisions"}],"predecessor-version":[{"id":42129,"href":"https:\/\/radiorevelacionfm.cl\/index.php?rest_route=\/wp\/v2\/posts\/42127\/revisions\/42129"}],"wp:featuredmedia":[{"embeddable":true,"href":"https:\/\/radiorevelacionfm.cl\/index.php?rest_route=\/wp\/v2\/media\/42128"}],"wp:attachment":[{"href":"https:\/\/radiorevelacionfm.cl\/index.php?rest_route=%2Fwp%2Fv2%2Fmedia&parent=42127"}],"wp:term":[{"taxonomy":"category","embeddable":true,"href":"https:\/\/radiorevelacionfm.cl\/index.php?rest_route=%2Fwp%2Fv2%2Fcategories&post=42127"},{"taxonomy":"post_tag","embeddable":true,"href":"https:\/\/radiorevelacionfm.cl\/index.php?rest_route=%2Fwp%2Fv2%2Ftags&post=42127"}],"curies":[{"name":"wp","href":"https:\/\/api.w.org\/{rel}","templated":true}]}}