{"id":42124,"date":"2024-05-13T12:22:36","date_gmt":"2024-05-13T15:22:36","guid":{"rendered":"https:\/\/radiorevelacionfm.cl\/?p=42124"},"modified":"2024-05-13T12:22:36","modified_gmt":"2024-05-13T15:22:36","slug":"anuncian-avances-en-el-cuidado-de-la-salud-para-los-vecinos-y-vecinas-de-cisnes","status":"publish","type":"post","link":"https:\/\/radiorevelacionfm.cl\/?p=42124","title":{"rendered":"Anuncian avances en el cuidado de la salud para los vecinos y vecinas de Cisnes"},"content":{"rendered":"<div class=\"flex_column av_one_full  flex_column_div av-zero-column-padding first  avia-builder-el-0  el_before_av_one_full  avia-builder-el-first  \" style='border-radius:0px; '><div  class='avia-image-container  av-styling-    avia-builder-el-1  avia-builder-el-no-sibling  avia-align-center '  itemprop=\"image\" itemscope=\"itemscope\" itemtype=\"https:\/\/schema.org\/ImageObject\"  ><div class='avia-image-container-inner'><div class='avia-image-overlay-wrap'><img decoding=\"async\" class='wp-image-42125 avia-img-lazy-loading-not-42125 avia_image' src=\"https:\/\/radiorevelacionfm.cl\/wp-content\/uploads\/2024\/05\/CISNES-SERVICIO-DE-SALUD-1-1.jpg\" alt='' title='CISNES-SERVICIO DE SALUD (1) (1)' height=\"600\" width=\"1090\"  itemprop=\"thumbnailUrl\" srcset=\"https:\/\/radiorevelacionfm.cl\/wp-content\/uploads\/2024\/05\/CISNES-SERVICIO-DE-SALUD-1-1.jpg 1090w, https:\/\/radiorevelacionfm.cl\/wp-content\/uploads\/2024\/05\/CISNES-SERVICIO-DE-SALUD-1-1-300x165.jpg 300w, https:\/\/radiorevelacionfm.cl\/wp-content\/uploads\/2024\/05\/CISNES-SERVICIO-DE-SALUD-1-1-1030x567.jpg 1030w, https:\/\/radiorevelacionfm.cl\/wp-content\/uploads\/2024\/05\/CISNES-SERVICIO-DE-SALUD-1-1-768x423.jpg 768w, https:\/\/radiorevelacionfm.cl\/wp-content\/uploads\/2024\/05\/CISNES-SERVICIO-DE-SALUD-1-1-705x388.jpg 705w, https:\/\/radiorevelacionfm.cl\/wp-content\/uploads\/2024\/05\/CISNES-SERVICIO-DE-SALUD-1-1-450x248.jpg 450w, https:\/\/radiorevelacionfm.cl\/wp-content\/uploads\/2024\/05\/CISNES-SERVICIO-DE-SALUD-1-1-600x330.jpg 600w\" sizes=\"(max-width: 1090px) 100vw, 1090px\" \/><\/div><\/div><\/div><\/div><div class=\"flex_column av_one_full  flex_column_div av-zero-column-padding first  avia-builder-el-2  el_after_av_one_full  el_before_av_one_full  column-top-margin\" style='border-radius:0px; '><section class=\"av_textblock_section \"  itemscope=\"itemscope\" itemtype=\"https:\/\/schema.org\/BlogPosting\" itemprop=\"blogPost\" ><div class='avia_textblock  '   itemprop=\"text\" ><p style=\"text-align: center;\"><strong><span style=\"font-size: 18pt;\">Anuncian avances en el cuidado de la salud para los vecinos y vecinas de Cisnes<\/span><\/strong><\/p>\n<div id=\"gtx-trans\" style=\"position: absolute; left: -50px; top: 4.31534px;\">\n<div class=\"gtx-trans-icon\"><\/div>\n<\/div>\n<\/div><\/section><\/div><div class=\"flex_column av_one_full  flex_column_div av-zero-column-padding first  avia-builder-el-4  el_after_av_one_full  el_before_av_hr  column-top-margin\" style='border-radius:0px; '><section class=\"av_textblock_section \"  itemscope=\"itemscope\" itemtype=\"https:\/\/schema.org\/BlogPosting\" itemprop=\"blogPost\" ><div class='avia_textblock  '   itemprop=\"text\" ><p style=\"text-align: justify;\">Hace unos d\u00edas el alcalde Francisco Roncagliolo se reuni\u00f3 con el Director Regional de Servicio de Salud Ays\u00e9n, Juan Pablo Bravo, para establecer estrategias colaborativas en beneficio de la comunidad cisnense. Dentro de la reuni\u00f3n se destac\u00f3 que dentro de las pr\u00f3ximas semanas se realizar\u00e1n operativos de endoscopias.<\/p>\n<p style=\"text-align: justify;\">Respecto a las iniciativas que est\u00e1n impulsando desde el municipio el alcalde Francisco Roncagliolo se\u00f1al\u00f3, \u00abestamos trabajando en un Convenio de colaboraci\u00f3n con Esquel, Argentina, para la realizaci\u00f3n de atenciones m\u00e9dicas con apoyo del Servicio de Salud Ays\u00e9n. Esto significa un gran avance en la accesibilidad y calidad de la atenci\u00f3n m\u00e9dica para nuestros vecinos.\u00bb<\/p>\n<p style=\"text-align: justify;\">Desde el municipio, nos se\u00f1alan que est\u00e1n trabajando en nuevas iniciativas que ir\u00e1n enfocadas en trabajar en el bienestar integral de la comunidad y que continuar\u00e1n realizando alianzas estrat\u00e9gicas con distintos organismos p\u00fablicos para lograr este objetivo.<\/p>\n<p style=\"text-align: justify;\">Roncagliolo indic\u00f3 que \u00abestamos comprometidos en brindar el mejor apoyo y atenci\u00f3n a aquellos que m\u00e1s lo necesitan, y seguimos trabajando arduamente para crear un ambiente saludable y seguro para todos.\u00bb<\/p>\n<p style=\"text-align: justify;\">Desde el Servicio de Salud Ays\u00e9n, el director Juan Pablo Bravo, se\u00f1al\u00f3 \u00abtrabajaremos en conjunto con el alcalde para seguir avanzando y acercar la salud a la comunidad, los operativos de endoscopias se realizaran a fines de mayo\u00bb. Respecto a las fechas ser\u00e1n publicadas dentro de los pr\u00f3ximos d\u00edas en los canales de comunicaci\u00f3n municipales.<\/p>\n<p style=\"text-align: justify;\">Desde el municipio nos indicaron que dentro de los pr\u00f3ximos d\u00edas se informar\u00e1 a la comunidad de nuevas iniciativas en la misma l\u00ednea.<\/p>\n<\/div><\/section><\/div><div  style='height:50px' class='hr hr-invisible   avia-builder-el-6  el_after_av_one_full  el_before_av_social_share '><span class='hr-inner ' ><span class='hr-inner-style'><\/span><\/span><\/div><\/p>\n<div  class='av-social-sharing-box  avia-builder-el-7  el_after_av_hr  el_before_av_hr  '><div class='av-share-box'><h5 class='av-share-link-description av-no-toc '>Compartir esta noticia<\/h5><ul class='av-share-box-list noLightbox'><li class='av-share-link av-social-link-facebook' ><a target=\"_blank\" aria-label=\"Compartir en Facebook\" href='https:\/\/www.facebook.com\/sharer.php?u=https:\/\/radiorevelacionfm.cl\/?p=42124&#038;t=Anuncian%20avances%20en%20el%20cuidado%20de%20la%20salud%20para%20los%20vecinos%20y%20vecinas%20de%20Cisnes' aria-hidden='false' data-av_icon='\ue8f3' data-av_iconfont='entypo-fontello' title='' data-avia-related-tooltip='Compartir en Facebook' rel=\"noopener\"><span class='avia_hidden_link_text'>Compartir en Facebook<\/span><\/a><\/li><li class='av-share-link av-social-link-twitter' ><a target=\"_blank\" aria-label=\"Compartir en Twitter\" href='https:\/\/twitter.com\/share?text=Anuncian%20avances%20en%20el%20cuidado%20de%20la%20salud%20para%20los%20vecinos%20y%20vecinas%20de%20Cisnes&#038;url=https:\/\/radiorevelacionfm.cl\/?p=42124' aria-hidden='false' data-av_icon='\ue8f1' data-av_iconfont='entypo-fontello' title='' data-avia-related-tooltip='Compartir en Twitter' rel=\"noopener\"><span class='avia_hidden_link_text'>Compartir en Twitter<\/span><\/a><\/li><li class='av-share-link av-social-link-whatsapp' ><a target=\"_blank\" aria-label=\"Compartir en Whatsapp\" href='https:\/\/api.whatsapp.com\/send?text=https:\/\/radiorevelacionfm.cl\/?p=42124' aria-hidden='false' data-av_icon='\uf232' data-av_iconfont='entypo-fontello' title='' data-avia-related-tooltip='Compartir en Whatsapp' rel=\"noopener\"><span class='avia_hidden_link_text'>Compartir en Whatsapp<\/span><\/a><\/li><li class='av-share-link av-social-link-linkedin' ><a target=\"_blank\" aria-label=\"Compartir en LinkedIn\" href='https:\/\/linkedin.com\/shareArticle?mini=true&#038;title=Anuncian%20avances%20en%20el%20cuidado%20de%20la%20salud%20para%20los%20vecinos%20y%20vecinas%20de%20Cisnes&#038;url=https:\/\/radiorevelacionfm.cl\/?p=42124' aria-hidden='false' data-av_icon='\ue8fc' data-av_iconfont='entypo-fontello' title='' data-avia-related-tooltip='Compartir en LinkedIn' rel=\"noopener\"><span class='avia_hidden_link_text'>Compartir en LinkedIn<\/span><\/a><\/li><li class='av-share-link av-social-link-mail' ><a  aria-label=\"Compartir por correo\" href='mailto:?subject=Anuncian%20avances%20en%20el%20cuidado%20de%20la%20salud%20para%20los%20vecinos%20y%20vecinas%20de%20Cisnes&#038;body=https:\/\/radiorevelacionfm.cl\/?p=42124' aria-hidden='false' data-av_icon='\ue805' data-av_iconfont='entypo-fontello' title='' data-avia-related-tooltip='Compartir por correo'><span class='avia_hidden_link_text'>Compartir por correo<\/span><\/a><\/li><\/ul><\/div><\/div>\n<div  style='height:50px' class='hr hr-invisible   avia-builder-el-8  el_after_av_social_share  el_before_av_comments_list '><span class='hr-inner ' ><span class='hr-inner-style'><\/span><\/span><\/div>\n<div  class='av-buildercomment  av-blog-meta-html-info-disabled av-blog-meta-tag-disabled  '><\/div>\n","protected":false},"excerpt":{"rendered":"","protected":false},"author":1,"featured_media":42125,"comment_status":"open","ping_status":"open","sticky":false,"template":"","format":"standard","meta":{"footnotes":""},"categories":[38],"tags":[],"class_list":["post-42124","post","type-post","status-publish","format-standard","has-post-thumbnail","hentry","category-regional"],"jetpack_featured_media_url":"https:\/\/radiorevelacionfm.cl\/wp-content\/uploads\/2024\/05\/CISNES-SERVICIO-DE-SALUD-1-1.jpg","_links":{"self":[{"href":"https:\/\/radiorevelacionfm.cl\/index.php?rest_route=\/wp\/v2\/posts\/42124","targetHints":{"allow":["GET"]}}],"collection":[{"href":"https:\/\/radiorevelacionfm.cl\/index.php?rest_route=\/wp\/v2\/posts"}],"about":[{"href":"https:\/\/radiorevelacionfm.cl\/index.php?rest_route=\/wp\/v2\/types\/post"}],"author":[{"embeddable":true,"href":"https:\/\/radiorevelacionfm.cl\/index.php?rest_route=\/wp\/v2\/users\/1"}],"replies":[{"embeddable":true,"href":"https:\/\/radiorevelacionfm.cl\/index.php?rest_route=%2Fwp%2Fv2%2Fcomments&post=42124"}],"version-history":[{"count":1,"href":"https:\/\/radiorevelacionfm.cl\/index.php?rest_route=\/wp\/v2\/posts\/42124\/revisions"}],"predecessor-version":[{"id":42126,"href":"https:\/\/radiorevelacionfm.cl\/index.php?rest_route=\/wp\/v2\/posts\/42124\/revisions\/42126"}],"wp:featuredmedia":[{"embeddable":true,"href":"https:\/\/radiorevelacionfm.cl\/index.php?rest_route=\/wp\/v2\/media\/42125"}],"wp:attachment":[{"href":"https:\/\/radiorevelacionfm.cl\/index.php?rest_route=%2Fwp%2Fv2%2Fmedia&parent=42124"}],"wp:term":[{"taxonomy":"category","embeddable":true,"href":"https:\/\/radiorevelacionfm.cl\/index.php?rest_route=%2Fwp%2Fv2%2Fcategories&post=42124"},{"taxonomy":"post_tag","embeddable":true,"href":"https:\/\/radiorevelacionfm.cl\/index.php?rest_route=%2Fwp%2Fv2%2Ftags&post=42124"}],"curies":[{"name":"wp","href":"https:\/\/api.w.org\/{rel}","templated":true}]}}