{"id":42121,"date":"2024-05-13T11:37:53","date_gmt":"2024-05-13T14:37:53","guid":{"rendered":"https:\/\/radiorevelacionfm.cl\/?p=42121"},"modified":"2024-05-13T11:37:53","modified_gmt":"2024-05-13T14:37:53","slug":"invitan-a-jornada-de-charlas-y-dia-de-campo-sobre-avances-de-programa-de-cultivos-de-granos-para-alimentacion-animal","status":"publish","type":"post","link":"https:\/\/radiorevelacionfm.cl\/?p=42121","title":{"rendered":"Invitan a jornada de charlas y d\u00eda de campo sobre avances de programa de cultivos de granos para alimentaci\u00f3n animal"},"content":{"rendered":"<div class=\"flex_column av_one_full  flex_column_div av-zero-column-padding first  avia-builder-el-0  el_before_av_one_full  avia-builder-el-first  \" style='border-radius:0px; '><div  class='avia-image-container  av-styling-    avia-builder-el-1  avia-builder-el-no-sibling  avia-align-center '  itemprop=\"image\" itemscope=\"itemscope\" itemtype=\"https:\/\/schema.org\/ImageObject\"  ><div class='avia-image-container-inner'><div class='avia-image-overlay-wrap'><img decoding=\"async\" class='wp-image-42122 avia-img-lazy-loading-not-42122 avia_image' src=\"https:\/\/radiorevelacionfm.cl\/wp-content\/uploads\/2024\/05\/z9a9482-1_optimized-1.jpg\" alt='' title='_z9a9482-(1)_optimized (1)' height=\"600\" width=\"900\"  itemprop=\"thumbnailUrl\" srcset=\"https:\/\/radiorevelacionfm.cl\/wp-content\/uploads\/2024\/05\/z9a9482-1_optimized-1.jpg 900w, https:\/\/radiorevelacionfm.cl\/wp-content\/uploads\/2024\/05\/z9a9482-1_optimized-1-300x200.jpg 300w, https:\/\/radiorevelacionfm.cl\/wp-content\/uploads\/2024\/05\/z9a9482-1_optimized-1-768x512.jpg 768w, https:\/\/radiorevelacionfm.cl\/wp-content\/uploads\/2024\/05\/z9a9482-1_optimized-1-705x470.jpg 705w, https:\/\/radiorevelacionfm.cl\/wp-content\/uploads\/2024\/05\/z9a9482-1_optimized-1-450x300.jpg 450w, https:\/\/radiorevelacionfm.cl\/wp-content\/uploads\/2024\/05\/z9a9482-1_optimized-1-600x400.jpg 600w\" sizes=\"(max-width: 900px) 100vw, 900px\" \/><\/div><\/div><\/div><\/div><div class=\"flex_column av_one_full  flex_column_div av-zero-column-padding first  avia-builder-el-2  el_after_av_one_full  el_before_av_one_full  column-top-margin\" style='border-radius:0px; '><section class=\"av_textblock_section \"  itemscope=\"itemscope\" itemtype=\"https:\/\/schema.org\/BlogPosting\" itemprop=\"blogPost\" ><div class='avia_textblock  '   itemprop=\"text\" ><p style=\"text-align: center;\"><strong><span style=\"font-size: 18pt;\">Invitan a jornada de charlas y d\u00eda de campo sobre avances de programa de cultivos de granos para alimentaci\u00f3n animal<\/span><\/strong><\/p>\n<div id=\"gtx-trans\" style=\"position: absolute; left: -50px; top: 4.31534px;\">\n<div class=\"gtx-trans-icon\"><\/div>\n<\/div>\n<\/div><\/section><\/div><div class=\"flex_column av_one_full  flex_column_div av-zero-column-padding first  avia-builder-el-4  el_after_av_one_full  el_before_av_hr  column-top-margin\" style='border-radius:0px; '><section class=\"av_textblock_section \"  itemscope=\"itemscope\" itemtype=\"https:\/\/schema.org\/BlogPosting\" itemprop=\"blogPost\" ><div class='avia_textblock  '   itemprop=\"text\" ><p class=\"v1MsoNormal\" style=\"text-align: justify;\">Bajo el t\u00edtulo \u00abPotencial de cultivos industriales en la regi\u00f3n de Ays\u00e9n\u00bb, se llevar\u00e1 a cabo una Jornada de Charlas T\u00e9cnicas y D\u00eda de Campo el jueves 16 de mayo en INIA Tamel Aike, Predio El Ciruelo y Estancia La Rioja, en Valle Simpson, Coyhaique.<\/p>\n<p class=\"v1MsoNormal\" style=\"text-align: justify;\">En el marco del segundo a\u00f1o de ejecuci\u00f3n del \u00abPrograma Tecnol\u00f3gico para la Producci\u00f3n Local de Insumos Vegetales Nutricionales Para la Acuicultura\u00bb (PTEC-INVA), financiado por Corfo, este jueves se desarrollar\u00e1 una jornada de charlas y d\u00eda de campo titulada; \u00abPotencial de cultivos industriales en la regi\u00f3n de Ays\u00e9n\u00bb en dependencias de INIA Tamel Aike en el sector de Valle Simpson.<\/p>\n<p class=\"v1MsoNormal\" style=\"text-align: justify;\">El Programa PTEC-INVA re\u00fane a Salmones Ant\u00e1rtica junto con seis entidades coejecutoras, entre las que se encuentran el Instituto de Investigaciones Agropecuarias (INIA), el Centro Tecnol\u00f3gico para la Innovaci\u00f3n Alimentaria (CeTA), VeHiCe, Empresas AgroTop (Saprosem), la Universidad Cat\u00f3lica de Temuco y la Universidad de Chile.<\/p>\n<p class=\"v1MsoNormal\" style=\"text-align: justify;\">El INIA, con sus centros regionales desde la Araucan\u00eda a Magallanes, est\u00e1 desempe\u00f1ando un papel crucial en la determinaci\u00f3n de especies y cultivares mejor adaptados y con mayor potencial productivo, a las diferentes condiciones edafoclim\u00e1ticas de la macro zona sur y austral de Chile. En la Regi\u00f3n de Ays\u00e9n, el Centro Regional INIA Tamel Aike, en un trabajo liderado por el Investigador Dr. Osvaldo Teuber, est\u00e1 llevando a cabo investigaciones en diversos cultivos, como el raps de primavera e invierno, la camelina, la alfalfa, el tr\u00e9bol rosado, el lupino dulce y de hoja angosta, la arveja y el trigo de invierno.<\/p>\n<p class=\"v1MsoNormal\" style=\"text-align: justify;\">\u00abQueremos invitar a nuestros productores\/as\u00a0 a una actividad a realizarse el pr\u00f3ximo jueves 16 de mayo en dependencias de INIA en Valle Simpson, donde presentaremos los avances del programa de Corfo, donde estamos trabajando con especies proteaginosas, oleaginosas y cereales, como insumo para la dieta de los salmones\u00bb, indic\u00f3 el Investigador Osvaldo Teuber.<\/p>\n<p class=\"v1MsoNormal\" style=\"text-align: justify;\">La jornada a desarrollarse el pr\u00f3ximo jueves busca entregar detalles de los trabajos de investigaci\u00f3n desarrollados a nivel regional por INIA Tamel Aike, adem\u00e1s de destacar las potencialidades de los cultivos, por parte de la Dra. Claudia Osorio y un repaso de la actualidad de la producci\u00f3n comercial del trigo por parte del Dr. Claudio Jobet, ambos de INIA Carillanca, Regi\u00f3n de la Araucan\u00eda. Adem\u00e1s de conocer aspectos productivos y comerciales del cultivo del raps, a cargo de profesionales de la empresa Agrotop de Temuco. Finalizar\u00e1 con un d\u00eda de campo donde se mostrar\u00e1n en terreno los avances de las investigaciones.<\/p>\n<p class=\"v1MsoNormal\" style=\"text-align: justify;\">El programa PTEC-INVA es una iniciativa p\u00fablico-privada, cuyo objetivo principal es establecer una plataforma de apoyo para la producci\u00f3n y uso de insumos vegetales provenientes de cultivos de rotaci\u00f3n en la macrozona sur y austral de Chile. Estos cultivos, especialmente ricos en prote\u00ednas y aceites, con \u00f3ptimos \u00edndices de \u00e1cidos grasos esenciales como ALA (alfa linol\u00e9nico), EPA (\u00e1cido eicosapentaenoico) y DHA (\u00e1cido docosahexaenoico), presentan un gran potencial como materias primas para la generaci\u00f3n de dietas en la producci\u00f3n de especies salmonideas.<\/p>\n<p class=\"v1MsoNormal\" style=\"text-align: justify;\">En este contexto, la iniciativa, que se extiende desde las regiones de la Araucan\u00eda hasta Magallanes, ha impulsado investigaciones para identificar nuevas fuentes de prote\u00ednas y aceites, aplicables en diversos rubros agropecuarios enfocados en la alimentaci\u00f3n animal, a su vez, promover pr\u00e1cticas agr\u00edcolas que fomenten la econom\u00eda circular entre los productores del territorio.<\/p>\n<p class=\"v1MsoNormal\" style=\"text-align: justify;\">\u00abEn la regi\u00f3n de Ays\u00e9n tenemos condiciones edafoclim\u00e1ticas para realizar cultivos de especies anuales con potencial, tanto para la industria salm\u00f3n, como para otros rubros en producci\u00f3n animal.\u00a0 Esta jornada de charlas y d\u00eda de campo tiene por finalidad difundir los avances de este programa, el que entrega nuevas alternativas productivas a nivel local, aportando en la b\u00fasqueda de soluciones innovadoras que conduzcan hacia una mayor seguridad y soberan\u00eda alimentaria\u00bb, sintetiz\u00f3 Camila Reyes, directora regional de INIA\u00a0Tamel\u00a0Aike.<\/p>\n<\/div><\/section><\/div><div  style='height:50px' class='hr hr-invisible   avia-builder-el-6  el_after_av_one_full  el_before_av_social_share '><span class='hr-inner ' ><span class='hr-inner-style'><\/span><\/span><\/div><\/p>\n<div  class='av-social-sharing-box  avia-builder-el-7  el_after_av_hr  el_before_av_hr  '><div class='av-share-box'><h5 class='av-share-link-description av-no-toc '>Compartir esta noticia<\/h5><ul class='av-share-box-list noLightbox'><li class='av-share-link av-social-link-facebook' ><a target=\"_blank\" aria-label=\"Compartir en Facebook\" href='https:\/\/www.facebook.com\/sharer.php?u=https:\/\/radiorevelacionfm.cl\/?p=42121&#038;t=Invitan%20a%20jornada%20de%20charlas%20y%20d%C3%ADa%20de%20campo%20sobre%20avances%20de%20programa%20de%20cultivos%20de%20granos%20para%20alimentaci%C3%B3n%20animal' aria-hidden='false' data-av_icon='\ue8f3' data-av_iconfont='entypo-fontello' title='' data-avia-related-tooltip='Compartir en Facebook' rel=\"noopener\"><span class='avia_hidden_link_text'>Compartir en Facebook<\/span><\/a><\/li><li class='av-share-link av-social-link-twitter' ><a target=\"_blank\" aria-label=\"Compartir en Twitter\" href='https:\/\/twitter.com\/share?text=Invitan%20a%20jornada%20de%20charlas%20y%20d%C3%ADa%20de%20campo%20sobre%20avances%20de%20programa%20de%20cultivos%20de%20granos%20para%20alimentaci%C3%B3n%20animal&#038;url=https:\/\/radiorevelacionfm.cl\/?p=42121' aria-hidden='false' data-av_icon='\ue8f1' data-av_iconfont='entypo-fontello' title='' data-avia-related-tooltip='Compartir en Twitter' rel=\"noopener\"><span class='avia_hidden_link_text'>Compartir en Twitter<\/span><\/a><\/li><li class='av-share-link av-social-link-whatsapp' ><a target=\"_blank\" aria-label=\"Compartir en Whatsapp\" href='https:\/\/api.whatsapp.com\/send?text=https:\/\/radiorevelacionfm.cl\/?p=42121' aria-hidden='false' data-av_icon='\uf232' data-av_iconfont='entypo-fontello' title='' data-avia-related-tooltip='Compartir en Whatsapp' rel=\"noopener\"><span class='avia_hidden_link_text'>Compartir en Whatsapp<\/span><\/a><\/li><li class='av-share-link av-social-link-linkedin' ><a target=\"_blank\" aria-label=\"Compartir en LinkedIn\" href='https:\/\/linkedin.com\/shareArticle?mini=true&#038;title=Invitan%20a%20jornada%20de%20charlas%20y%20d%C3%ADa%20de%20campo%20sobre%20avances%20de%20programa%20de%20cultivos%20de%20granos%20para%20alimentaci%C3%B3n%20animal&#038;url=https:\/\/radiorevelacionfm.cl\/?p=42121' aria-hidden='false' data-av_icon='\ue8fc' data-av_iconfont='entypo-fontello' title='' data-avia-related-tooltip='Compartir en LinkedIn' rel=\"noopener\"><span class='avia_hidden_link_text'>Compartir en LinkedIn<\/span><\/a><\/li><li class='av-share-link av-social-link-mail' ><a  aria-label=\"Compartir por correo\" href='mailto:?subject=Invitan%20a%20jornada%20de%20charlas%20y%20d%C3%ADa%20de%20campo%20sobre%20avances%20de%20programa%20de%20cultivos%20de%20granos%20para%20alimentaci%C3%B3n%20animal&#038;body=https:\/\/radiorevelacionfm.cl\/?p=42121' aria-hidden='false' data-av_icon='\ue805' data-av_iconfont='entypo-fontello' title='' data-avia-related-tooltip='Compartir por correo'><span class='avia_hidden_link_text'>Compartir por correo<\/span><\/a><\/li><\/ul><\/div><\/div>\n<div  style='height:50px' class='hr hr-invisible   avia-builder-el-8  el_after_av_social_share  el_before_av_comments_list '><span class='hr-inner ' ><span class='hr-inner-style'><\/span><\/span><\/div>\n<div  class='av-buildercomment  av-blog-meta-html-info-disabled av-blog-meta-tag-disabled  '><\/div>\n","protected":false},"excerpt":{"rendered":"","protected":false},"author":1,"featured_media":42122,"comment_status":"open","ping_status":"open","sticky":false,"template":"","format":"standard","meta":{"footnotes":""},"categories":[58],"tags":[],"class_list":["post-42121","post","type-post","status-publish","format-standard","has-post-thumbnail","hentry","category-agricultura"],"jetpack_featured_media_url":"https:\/\/radiorevelacionfm.cl\/wp-content\/uploads\/2024\/05\/z9a9482-1_optimized-1.jpg","_links":{"self":[{"href":"https:\/\/radiorevelacionfm.cl\/index.php?rest_route=\/wp\/v2\/posts\/42121","targetHints":{"allow":["GET"]}}],"collection":[{"href":"https:\/\/radiorevelacionfm.cl\/index.php?rest_route=\/wp\/v2\/posts"}],"about":[{"href":"https:\/\/radiorevelacionfm.cl\/index.php?rest_route=\/wp\/v2\/types\/post"}],"author":[{"embeddable":true,"href":"https:\/\/radiorevelacionfm.cl\/index.php?rest_route=\/wp\/v2\/users\/1"}],"replies":[{"embeddable":true,"href":"https:\/\/radiorevelacionfm.cl\/index.php?rest_route=%2Fwp%2Fv2%2Fcomments&post=42121"}],"version-history":[{"count":1,"href":"https:\/\/radiorevelacionfm.cl\/index.php?rest_route=\/wp\/v2\/posts\/42121\/revisions"}],"predecessor-version":[{"id":42123,"href":"https:\/\/radiorevelacionfm.cl\/index.php?rest_route=\/wp\/v2\/posts\/42121\/revisions\/42123"}],"wp:featuredmedia":[{"embeddable":true,"href":"https:\/\/radiorevelacionfm.cl\/index.php?rest_route=\/wp\/v2\/media\/42122"}],"wp:attachment":[{"href":"https:\/\/radiorevelacionfm.cl\/index.php?rest_route=%2Fwp%2Fv2%2Fmedia&parent=42121"}],"wp:term":[{"taxonomy":"category","embeddable":true,"href":"https:\/\/radiorevelacionfm.cl\/index.php?rest_route=%2Fwp%2Fv2%2Fcategories&post=42121"},{"taxonomy":"post_tag","embeddable":true,"href":"https:\/\/radiorevelacionfm.cl\/index.php?rest_route=%2Fwp%2Fv2%2Ftags&post=42121"}],"curies":[{"name":"wp","href":"https:\/\/api.w.org\/{rel}","templated":true}]}}