{"id":42118,"date":"2024-05-13T11:12:57","date_gmt":"2024-05-13T14:12:57","guid":{"rendered":"https:\/\/radiorevelacionfm.cl\/?p=42118"},"modified":"2024-05-13T11:12:57","modified_gmt":"2024-05-13T14:12:57","slug":"luperciano-munoz-la-dc-esta-ejerciendo-presiones-para-bajar-nuestra-candidatura","status":"publish","type":"post","link":"https:\/\/radiorevelacionfm.cl\/?p=42118","title":{"rendered":"Luperciano Mu\u00f1oz: \u00abLa DC est\u00e1 ejerciendo presiones para bajar nuestra candidatura\u00bb"},"content":{"rendered":"<div class=\"flex_column av_one_full  flex_column_div av-zero-column-padding first  avia-builder-el-0  el_before_av_one_full  avia-builder-el-first  \" style='border-radius:0px; '><div  class='avia-image-container  av-styling-    avia-builder-el-1  avia-builder-el-no-sibling  avia-align-center '  itemprop=\"image\" itemscope=\"itemscope\" itemtype=\"https:\/\/schema.org\/ImageObject\"  ><div class='avia-image-container-inner'><div class='avia-image-overlay-wrap'><img decoding=\"async\" class='wp-image-42119 avia-img-lazy-loading-not-42119 avia_image' src=\"https:\/\/radiorevelacionfm.cl\/wp-content\/uploads\/2024\/05\/Luperciano3-1-1.jpg\" alt='' title='Luperciano3 (1) (1)' height=\"835\" width=\"804\"  itemprop=\"thumbnailUrl\" srcset=\"https:\/\/radiorevelacionfm.cl\/wp-content\/uploads\/2024\/05\/Luperciano3-1-1.jpg 804w, https:\/\/radiorevelacionfm.cl\/wp-content\/uploads\/2024\/05\/Luperciano3-1-1-289x300.jpg 289w, https:\/\/radiorevelacionfm.cl\/wp-content\/uploads\/2024\/05\/Luperciano3-1-1-768x798.jpg 768w, https:\/\/radiorevelacionfm.cl\/wp-content\/uploads\/2024\/05\/Luperciano3-1-1-36x36.jpg 36w, https:\/\/radiorevelacionfm.cl\/wp-content\/uploads\/2024\/05\/Luperciano3-1-1-679x705.jpg 679w, https:\/\/radiorevelacionfm.cl\/wp-content\/uploads\/2024\/05\/Luperciano3-1-1-450x467.jpg 450w, https:\/\/radiorevelacionfm.cl\/wp-content\/uploads\/2024\/05\/Luperciano3-1-1-600x623.jpg 600w\" sizes=\"(max-width: 804px) 100vw, 804px\" \/><\/div><\/div><\/div><\/div><div class=\"flex_column av_one_full  flex_column_div av-zero-column-padding first  avia-builder-el-2  el_after_av_one_full  el_before_av_one_full  column-top-margin\" style='border-radius:0px; '><section class=\"av_textblock_section \"  itemscope=\"itemscope\" itemtype=\"https:\/\/schema.org\/BlogPosting\" itemprop=\"blogPost\" ><div class='avia_textblock  '   itemprop=\"text\" ><p style=\"text-align: center;\"><strong><span style=\"font-size: 18pt;\">Luperciano Mu\u00f1oz: \u00abLa DC est\u00e1 ejerciendo presiones para bajar nuestra candidatura\u00bb<\/span><\/strong><\/p>\n<div id=\"gtx-trans\" style=\"position: absolute; left: -50px; top: 4.31534px;\">\n<div class=\"gtx-trans-icon\"><\/div>\n<\/div>\n<\/div><\/section><\/div><div class=\"flex_column av_one_full  flex_column_div av-zero-column-padding first  avia-builder-el-4  el_after_av_one_full  el_before_av_hr  column-top-margin\" style='border-radius:0px; '><section class=\"av_textblock_section \"  itemscope=\"itemscope\" itemtype=\"https:\/\/schema.org\/BlogPosting\" itemprop=\"blogPost\" ><div class='avia_textblock  '   itemprop=\"text\" ><p style=\"text-align: justify;\">El edil de Chile Chico, Luperciano Mu\u00f1oz, acus\u00f3 presiones indebidas de la Democracia Cristiana sobre el Partido Radical para bajar su eventual candidatura a alcalde en la comuna de Coyhaique.<\/p>\n<p style=\"text-align: justify;\">De acuerdo a lo indicado por el jefe comunal, \u00abestamos volviendo a esas viejas pr\u00e1cticas que no corresponden, apuntando a acuerdos pol\u00edticos a nivel nacional donde nosotros no tenemos nada que ver. Si bien existen afectos y amistad con muchas personas del Partido Radical, nuestra eventual candidatura es independiente\u00bb.<\/p>\n<p style=\"text-align: justify;\">Mu\u00f1oz explic\u00f3 en concreto que la Democracia Cristiana est\u00e1 solicitando al Partido Radical que intervenga para bajar su candidatura a alcalde por Coyhaique o de lo contrario quitar\u00e1n el respaldo al PRSD en otras cinco comunas a nivel nacional, situaci\u00f3n que fue expuesta al jefe comunal por un integrante de la directiva nacional del Partido Radical.<\/p>\n<p style=\"text-align: justify;\">\u00abAnte esta situaci\u00f3n quiero solidarizar con el Partido Radical, ya que siempre voy a estar muy agradecido de ellos por tenderme la mano en el momento que m\u00e1s lo necesitaba\u00bb, finaliz\u00f3 Luperciano Mu\u00f1oz.<\/p>\n<\/div><\/section><\/div><div  style='height:50px' class='hr hr-invisible   avia-builder-el-6  el_after_av_one_full  el_before_av_social_share '><span class='hr-inner ' ><span class='hr-inner-style'><\/span><\/span><\/div><\/p>\n<div  class='av-social-sharing-box  avia-builder-el-7  el_after_av_hr  el_before_av_hr  '><div class='av-share-box'><h5 class='av-share-link-description av-no-toc '>Compartir esta noticia<\/h5><ul class='av-share-box-list noLightbox'><li class='av-share-link av-social-link-facebook' ><a target=\"_blank\" aria-label=\"Compartir en Facebook\" href='https:\/\/www.facebook.com\/sharer.php?u=https:\/\/radiorevelacionfm.cl\/?p=42118&#038;t=Luperciano%20Mu%C3%B1oz%3A%20%C2%ABLa%20DC%20est%C3%A1%20ejerciendo%20presiones%20para%20bajar%20nuestra%20candidatura%C2%BB' aria-hidden='false' data-av_icon='\ue8f3' data-av_iconfont='entypo-fontello' title='' data-avia-related-tooltip='Compartir en Facebook' rel=\"noopener\"><span class='avia_hidden_link_text'>Compartir en Facebook<\/span><\/a><\/li><li class='av-share-link av-social-link-twitter' ><a target=\"_blank\" aria-label=\"Compartir en Twitter\" href='https:\/\/twitter.com\/share?text=Luperciano%20Mu%C3%B1oz%3A%20%C2%ABLa%20DC%20est%C3%A1%20ejerciendo%20presiones%20para%20bajar%20nuestra%20candidatura%C2%BB&#038;url=https:\/\/radiorevelacionfm.cl\/?p=42118' aria-hidden='false' data-av_icon='\ue8f1' data-av_iconfont='entypo-fontello' title='' data-avia-related-tooltip='Compartir en Twitter' rel=\"noopener\"><span class='avia_hidden_link_text'>Compartir en Twitter<\/span><\/a><\/li><li class='av-share-link av-social-link-whatsapp' ><a target=\"_blank\" aria-label=\"Compartir en Whatsapp\" href='https:\/\/api.whatsapp.com\/send?text=https:\/\/radiorevelacionfm.cl\/?p=42118' aria-hidden='false' data-av_icon='\uf232' data-av_iconfont='entypo-fontello' title='' data-avia-related-tooltip='Compartir en Whatsapp' rel=\"noopener\"><span class='avia_hidden_link_text'>Compartir en Whatsapp<\/span><\/a><\/li><li class='av-share-link av-social-link-linkedin' ><a target=\"_blank\" aria-label=\"Compartir en LinkedIn\" href='https:\/\/linkedin.com\/shareArticle?mini=true&#038;title=Luperciano%20Mu%C3%B1oz%3A%20%C2%ABLa%20DC%20est%C3%A1%20ejerciendo%20presiones%20para%20bajar%20nuestra%20candidatura%C2%BB&#038;url=https:\/\/radiorevelacionfm.cl\/?p=42118' aria-hidden='false' data-av_icon='\ue8fc' data-av_iconfont='entypo-fontello' title='' data-avia-related-tooltip='Compartir en LinkedIn' rel=\"noopener\"><span class='avia_hidden_link_text'>Compartir en LinkedIn<\/span><\/a><\/li><li class='av-share-link av-social-link-mail' ><a  aria-label=\"Compartir por correo\" href='mailto:?subject=Luperciano%20Mu%C3%B1oz%3A%20%C2%ABLa%20DC%20est%C3%A1%20ejerciendo%20presiones%20para%20bajar%20nuestra%20candidatura%C2%BB&#038;body=https:\/\/radiorevelacionfm.cl\/?p=42118' aria-hidden='false' data-av_icon='\ue805' data-av_iconfont='entypo-fontello' title='' data-avia-related-tooltip='Compartir por correo'><span class='avia_hidden_link_text'>Compartir por correo<\/span><\/a><\/li><\/ul><\/div><\/div>\n<div  style='height:50px' class='hr hr-invisible   avia-builder-el-8  el_after_av_social_share  el_before_av_comments_list '><span class='hr-inner ' ><span class='hr-inner-style'><\/span><\/span><\/div>\n<div  class='av-buildercomment  av-blog-meta-html-info-disabled av-blog-meta-tag-disabled  '><\/div>\n","protected":false},"excerpt":{"rendered":"","protected":false},"author":1,"featured_media":42119,"comment_status":"open","ping_status":"open","sticky":false,"template":"","format":"standard","meta":{"footnotes":""},"categories":[35],"tags":[],"class_list":["post-42118","post","type-post","status-publish","format-standard","has-post-thumbnail","hentry","category-politica"],"jetpack_featured_media_url":"https:\/\/radiorevelacionfm.cl\/wp-content\/uploads\/2024\/05\/Luperciano3-1-1.jpg","_links":{"self":[{"href":"https:\/\/radiorevelacionfm.cl\/index.php?rest_route=\/wp\/v2\/posts\/42118","targetHints":{"allow":["GET"]}}],"collection":[{"href":"https:\/\/radiorevelacionfm.cl\/index.php?rest_route=\/wp\/v2\/posts"}],"about":[{"href":"https:\/\/radiorevelacionfm.cl\/index.php?rest_route=\/wp\/v2\/types\/post"}],"author":[{"embeddable":true,"href":"https:\/\/radiorevelacionfm.cl\/index.php?rest_route=\/wp\/v2\/users\/1"}],"replies":[{"embeddable":true,"href":"https:\/\/radiorevelacionfm.cl\/index.php?rest_route=%2Fwp%2Fv2%2Fcomments&post=42118"}],"version-history":[{"count":1,"href":"https:\/\/radiorevelacionfm.cl\/index.php?rest_route=\/wp\/v2\/posts\/42118\/revisions"}],"predecessor-version":[{"id":42120,"href":"https:\/\/radiorevelacionfm.cl\/index.php?rest_route=\/wp\/v2\/posts\/42118\/revisions\/42120"}],"wp:featuredmedia":[{"embeddable":true,"href":"https:\/\/radiorevelacionfm.cl\/index.php?rest_route=\/wp\/v2\/media\/42119"}],"wp:attachment":[{"href":"https:\/\/radiorevelacionfm.cl\/index.php?rest_route=%2Fwp%2Fv2%2Fmedia&parent=42118"}],"wp:term":[{"taxonomy":"category","embeddable":true,"href":"https:\/\/radiorevelacionfm.cl\/index.php?rest_route=%2Fwp%2Fv2%2Fcategories&post=42118"},{"taxonomy":"post_tag","embeddable":true,"href":"https:\/\/radiorevelacionfm.cl\/index.php?rest_route=%2Fwp%2Fv2%2Ftags&post=42118"}],"curies":[{"name":"wp","href":"https:\/\/api.w.org\/{rel}","templated":true}]}}