{"id":4211,"date":"2021-05-17T16:22:24","date_gmt":"2021-05-17T19:22:24","guid":{"rendered":"https:\/\/radiorevelacionfm.cl\/?p=4211"},"modified":"2021-05-17T16:22:24","modified_gmt":"2021-05-17T19:22:24","slug":"convencion-constitucional-conoce-los-proximos-hitos","status":"publish","type":"post","link":"https:\/\/radiorevelacionfm.cl\/?p=4211","title":{"rendered":"Convenci\u00f3n Constitucional: Conoce los pr\u00f3ximos hitos"},"content":{"rendered":"<div class=\"flex_column av_one_full  flex_column_div av-zero-column-padding first  avia-builder-el-0  el_before_av_one_full  avia-builder-el-first  \" style='border-radius:0px; '><div  class='avia-image-container  av-styling-    avia-builder-el-1  avia-builder-el-no-sibling  avia-align-center '  itemprop=\"image\" itemscope=\"itemscope\" itemtype=\"https:\/\/schema.org\/ImageObject\"  ><div class='avia-image-container-inner'><div class='avia-image-overlay-wrap'><img decoding=\"async\" class='wp-image-0 avia-img-lazy-loading-not-0 avia_image' src=\"https:\/\/radiorevelacionfm.cl\/wp-content\/uploads\/2021\/05\/Voto-constituyentes-1.jpeg\" alt='' title=''   itemprop=\"thumbnailUrl\"  \/><\/div><\/div><\/div><\/div><div class=\"flex_column av_one_full  flex_column_div av-zero-column-padding first  avia-builder-el-2  el_after_av_one_full  el_before_av_one_full  column-top-margin\" style='border-radius:0px; '><section class=\"av_textblock_section \"  itemscope=\"itemscope\" itemtype=\"https:\/\/schema.org\/BlogPosting\" itemprop=\"blogPost\" ><div class='avia_textblock  '   itemprop=\"text\" ><p style=\"text-align: center;\"><strong><span style=\"font-size: 18pt;\">Convenci\u00f3n Constitucional: Conoce los pr\u00f3ximos hitos<\/span><\/strong><\/p>\n<div id=\"gtx-trans\" style=\"position: absolute; left: -50px; top: 4.31534px;\">\n<div class=\"gtx-trans-icon\"><\/div>\n<\/div>\n<\/div><\/section><\/div><div class=\"flex_column av_one_full  flex_column_div av-zero-column-padding first  avia-builder-el-4  el_after_av_one_full  el_before_av_hr  column-top-margin\" style='border-radius:0px; '><section class=\"av_textblock_section \"  itemscope=\"itemscope\" itemtype=\"https:\/\/schema.org\/BlogPosting\" itemprop=\"blogPost\" ><div class='avia_textblock  '   itemprop=\"text\" ><div>\n<p style=\"text-align: justify;\">Luego de un proceso electoral hist\u00f3rico, llevado a cabo los d\u00edas 15 y 16 de mayo, en\u00a0donde nuestro pa\u00eds eligi\u00f3 a quienes tendr\u00e1n por mandato constitucional la tarea de\u00a0proponerle a Chile una nueva Constituci\u00f3n, el Ministerio Secretaria General de la\u00a0Presidencia, a trav\u00e9s de la Secretaria Ejecutiva de la Convenci\u00f3n Constitucional, se\u00a0refiere\u00a0a\u00a0los\u00a0pr\u00f3ximos\u00a0hitos\u00a0que\u00a0preceder\u00e1n\u00a0a\u00a0la\u00a0instalaci\u00f3n\u00a0de\u00a0la\u00a0Convenci\u00f3n.<\/p>\n<p style=\"text-align: justify;\"><strong><span style=\"font-size: 12pt;\">Pr\u00f3ximos\u00a0Hitos:<\/span><\/strong><\/p>\n<p style=\"text-align: justify;\">1. De acuerdo a la Constituci\u00f3n, el Tribunal Calificador de Elecciones cuenta con un plazo de 30 d\u00edas para calificar la elecci\u00f3n de convencionales constituyentes y dictar la respectiva sentencia de proclamaci\u00f3n con los convencionales electos.<\/p>\n<p style=\"text-align: justify;\">2. Una vez dictada la sentencia, y dentro de los tres d\u00edas siguientes, esta \u00faltima deber\u00e1 ser comunicada al Presidente de la Rep\u00fablica y al Congreso Nacional.<\/p>\n<p style=\"text-align: justify;\">3.\u00a0 A partir de dicha comunicaci\u00f3n, el Presidente de la Rep\u00fablica cuenta con un plazo de tres d\u00edas para dictar un decreto que convocar\u00e1 a la sesi\u00f3n de instalaci\u00f3n de la Convenci\u00f3n Constitucional, la cual ser\u00e1 desarrollada en las dependencias del ex Congreso Nacional.<\/p>\n<p style=\"text-align: justify;\">4. La sesi\u00f3n de instalaci\u00f3n deber\u00e1 efectuarse dentro de los quince d\u00edas siguientes a la publicaci\u00f3n en el Diario Oficial del decreto de convocatoria.<\/p>\n<p style=\"text-align: justify;\">5. De acuerdo a los plazos m\u00e1ximos establecidos en la Constituci\u00f3n, la sesi\u00f3n de instalaci\u00f3n de la Convenci\u00f3n debiera llevarse a cabo, a m\u00e1s tardar, dentro de la primera semana del mes de julio.<\/p>\n<\/div>\n<h1 style=\"text-align: justify;\"><span style=\"font-size: 12pt;\">Secretar\u00eda Ejecutiva de la Convenci\u00f3n Constitucional:<\/span><\/h1>\n<p style=\"text-align: justify;\">De conformidad con el inciso final del art\u00edculo 133 la Constituci\u00f3n, el Presidente de la Rep\u00fablica design\u00f3 al Ministerio Secretar\u00eda General de la Presidencia como el \u00f3rgano responsable de prestar el apoyo t\u00e9cnico, administrativo y financiero que sea necesario tanto para la instalaci\u00f3n como el funcionamiento de la Convenci\u00f3n Constitucional.<\/p>\n<p style=\"text-align: justify;\">En raz\u00f3n de lo anterior, dicho Ministerio, a trav\u00e9s de la Secretar\u00eda Ejecutiva de la Convenci\u00f3n Constitucional, se ha abocado en los \u00faltimos meses a permitir que la Convenci\u00f3n Constitucional cuente con todas las herramientas necesarias. Entre otras cosas, se ha preocupado de la infraestructura, tecnolog\u00eda, seguridad y diversos aspectos administrativos, que posibiliten su correcto funcionamiento.<\/p>\n<p style=\"text-align: justify;\">A\u00a0partir\u00a0del\u00a0d\u00eda\u00a0lunes\u00a017\u00a0de\u00a0mayo,\u00a0la\u00a0Secretaria\u00a0Ejecutiva\u00a0de\u00a0la\u00a0Convenci\u00f3n\u00a0Constitucional se pondr\u00e1 en contacto con todos los Convencionales electos, a fin de\u00a0informar los hitos venideros de este proceso y el rol que desarrollar\u00e1 la referida\u00a0Secretar\u00eda, dentro\u00a0de sus facultades constitucionales, y siempre resguardando la\u00a0debida\u00a0autonom\u00eda\u00a0de\u00a0la\u00a0Convenci\u00f3n.<\/p>\n<p style=\"text-align: justify;\">Como\u00a0Gobierno\u00a0de\u00a0Chile\u00a0queremos\u00a0felicitar\u00a0a\u00a0todos\u00a0los\u00a0chilenos\u00a0y\u00a0chilenas\u00a0que\u00a0participaron activamente en estas elecciones, que constituyen un hecho hist\u00f3rico\u00a0para la democracia de nuestro pa\u00eds. Hacemos un llamado, para que, luego de esta\u00a0importante jornada, sea el di\u00e1logo y un firme compromiso por Chile y su futuro, lo\u00a0que\u00a0siente\u00a0las\u00a0bases\u00a0de\u00a0nuestra\u00a0futura institucionalidad.<\/p>\n<\/div><\/section><\/div><div  style='height:50px' class='hr hr-invisible   avia-builder-el-6  el_after_av_one_full  el_before_av_social_share '><span class='hr-inner ' ><span class='hr-inner-style'><\/span><\/span><\/div><\/p>\n<div  class='av-social-sharing-box  avia-builder-el-7  el_after_av_hr  el_before_av_hr  '><div class='av-share-box'><h5 class='av-share-link-description av-no-toc '>Compartir esta noticia<\/h5><ul class='av-share-box-list noLightbox'><li class='av-share-link av-social-link-facebook' ><a target=\"_blank\" aria-label=\"Compartir en Facebook\" href='https:\/\/www.facebook.com\/sharer.php?u=https:\/\/radiorevelacionfm.cl\/?p=4211&#038;t=Convenci%C3%B3n%20Constitucional%3A%20Conoce%20los%20pr%C3%B3ximos%20hitos' aria-hidden='false' data-av_icon='\ue8f3' data-av_iconfont='entypo-fontello' title='' data-avia-related-tooltip='Compartir en Facebook' rel=\"noopener\"><span class='avia_hidden_link_text'>Compartir en Facebook<\/span><\/a><\/li><li class='av-share-link av-social-link-twitter' ><a target=\"_blank\" aria-label=\"Compartir en Twitter\" href='https:\/\/twitter.com\/share?text=Convenci%C3%B3n%20Constitucional%3A%20Conoce%20los%20pr%C3%B3ximos%20hitos&#038;url=https:\/\/radiorevelacionfm.cl\/?p=4211' aria-hidden='false' data-av_icon='\ue8f1' data-av_iconfont='entypo-fontello' title='' data-avia-related-tooltip='Compartir en Twitter' rel=\"noopener\"><span class='avia_hidden_link_text'>Compartir en Twitter<\/span><\/a><\/li><li class='av-share-link av-social-link-whatsapp' ><a target=\"_blank\" aria-label=\"Compartir en Whatsapp\" href='https:\/\/api.whatsapp.com\/send?text=https:\/\/radiorevelacionfm.cl\/?p=4211' aria-hidden='false' data-av_icon='\uf232' data-av_iconfont='entypo-fontello' title='' data-avia-related-tooltip='Compartir en Whatsapp' rel=\"noopener\"><span class='avia_hidden_link_text'>Compartir en Whatsapp<\/span><\/a><\/li><li class='av-share-link av-social-link-linkedin' ><a target=\"_blank\" aria-label=\"Compartir en LinkedIn\" href='https:\/\/linkedin.com\/shareArticle?mini=true&#038;title=Convenci%C3%B3n%20Constitucional%3A%20Conoce%20los%20pr%C3%B3ximos%20hitos&#038;url=https:\/\/radiorevelacionfm.cl\/?p=4211' aria-hidden='false' data-av_icon='\ue8fc' data-av_iconfont='entypo-fontello' title='' data-avia-related-tooltip='Compartir en LinkedIn' rel=\"noopener\"><span class='avia_hidden_link_text'>Compartir en LinkedIn<\/span><\/a><\/li><li class='av-share-link av-social-link-mail' ><a  aria-label=\"Compartir por correo\" href='mailto:?subject=Convenci%C3%B3n%20Constitucional%3A%20Conoce%20los%20pr%C3%B3ximos%20hitos&#038;body=https:\/\/radiorevelacionfm.cl\/?p=4211' aria-hidden='false' data-av_icon='\ue805' data-av_iconfont='entypo-fontello' title='' data-avia-related-tooltip='Compartir por correo'><span class='avia_hidden_link_text'>Compartir por correo<\/span><\/a><\/li><\/ul><\/div><\/div>\n<div  style='height:50px' class='hr hr-invisible   avia-builder-el-8  el_after_av_social_share  el_before_av_comments_list '><span class='hr-inner ' ><span class='hr-inner-style'><\/span><\/span><\/div>\n<div  class='av-buildercomment  av-blog-meta-html-info-disabled av-blog-meta-tag-disabled  '><\/div>\n","protected":false},"excerpt":{"rendered":"","protected":false},"author":1,"featured_media":0,"comment_status":"open","ping_status":"open","sticky":false,"template":"","format":"standard","meta":{"footnotes":""},"categories":[35],"tags":[],"class_list":["post-4211","post","type-post","status-publish","format-standard","hentry","category-politica"],"jetpack_featured_media_url":"","_links":{"self":[{"href":"https:\/\/radiorevelacionfm.cl\/index.php?rest_route=\/wp\/v2\/posts\/4211","targetHints":{"allow":["GET"]}}],"collection":[{"href":"https:\/\/radiorevelacionfm.cl\/index.php?rest_route=\/wp\/v2\/posts"}],"about":[{"href":"https:\/\/radiorevelacionfm.cl\/index.php?rest_route=\/wp\/v2\/types\/post"}],"author":[{"embeddable":true,"href":"https:\/\/radiorevelacionfm.cl\/index.php?rest_route=\/wp\/v2\/users\/1"}],"replies":[{"embeddable":true,"href":"https:\/\/radiorevelacionfm.cl\/index.php?rest_route=%2Fwp%2Fv2%2Fcomments&post=4211"}],"version-history":[{"count":1,"href":"https:\/\/radiorevelacionfm.cl\/index.php?rest_route=\/wp\/v2\/posts\/4211\/revisions"}],"predecessor-version":[{"id":4213,"href":"https:\/\/radiorevelacionfm.cl\/index.php?rest_route=\/wp\/v2\/posts\/4211\/revisions\/4213"}],"wp:attachment":[{"href":"https:\/\/radiorevelacionfm.cl\/index.php?rest_route=%2Fwp%2Fv2%2Fmedia&parent=4211"}],"wp:term":[{"taxonomy":"category","embeddable":true,"href":"https:\/\/radiorevelacionfm.cl\/index.php?rest_route=%2Fwp%2Fv2%2Fcategories&post=4211"},{"taxonomy":"post_tag","embeddable":true,"href":"https:\/\/radiorevelacionfm.cl\/index.php?rest_route=%2Fwp%2Fv2%2Ftags&post=4211"}],"curies":[{"name":"wp","href":"https:\/\/api.w.org\/{rel}","templated":true}]}}