{"id":42100,"date":"2024-05-12T15:39:18","date_gmt":"2024-05-12T18:39:18","guid":{"rendered":"https:\/\/radiorevelacionfm.cl\/?p=42100"},"modified":"2024-05-12T15:39:18","modified_gmt":"2024-05-12T18:39:18","slug":"refuerzan-fiscalizacion-a-locales-nocturnos-para-mayor-seguridad-publica","status":"publish","type":"post","link":"https:\/\/radiorevelacionfm.cl\/?p=42100","title":{"rendered":"Refuerzan fiscalizaci\u00f3n a locales nocturnos para mayor seguridad p\u00fablica"},"content":{"rendered":"<div class=\"flex_column av_one_full  flex_column_div av-zero-column-padding first  avia-builder-el-0  el_before_av_one_full  avia-builder-el-first  \" style='border-radius:0px; '><div  class='avia-image-container  av-styling-    avia-builder-el-1  avia-builder-el-no-sibling  avia-align-center '  itemprop=\"image\" itemscope=\"itemscope\" itemtype=\"https:\/\/schema.org\/ImageObject\"  ><div class='avia-image-container-inner'><div class='avia-image-overlay-wrap'><img decoding=\"async\" class='wp-image-42101 avia-img-lazy-loading-not-42101 avia_image' src=\"https:\/\/radiorevelacionfm.cl\/wp-content\/uploads\/2024\/05\/IMG_1189-1-1.jpg\" alt='' title='IMG_1189 (1) (1)' height=\"600\" width=\"913\"  itemprop=\"thumbnailUrl\" srcset=\"https:\/\/radiorevelacionfm.cl\/wp-content\/uploads\/2024\/05\/IMG_1189-1-1.jpg 913w, https:\/\/radiorevelacionfm.cl\/wp-content\/uploads\/2024\/05\/IMG_1189-1-1-300x197.jpg 300w, https:\/\/radiorevelacionfm.cl\/wp-content\/uploads\/2024\/05\/IMG_1189-1-1-768x505.jpg 768w, https:\/\/radiorevelacionfm.cl\/wp-content\/uploads\/2024\/05\/IMG_1189-1-1-705x463.jpg 705w, https:\/\/radiorevelacionfm.cl\/wp-content\/uploads\/2024\/05\/IMG_1189-1-1-450x296.jpg 450w, https:\/\/radiorevelacionfm.cl\/wp-content\/uploads\/2024\/05\/IMG_1189-1-1-600x394.jpg 600w\" sizes=\"(max-width: 913px) 100vw, 913px\" \/><\/div><\/div><\/div><\/div><div class=\"flex_column av_one_full  flex_column_div av-zero-column-padding first  avia-builder-el-2  el_after_av_one_full  el_before_av_one_full  column-top-margin\" style='border-radius:0px; '><section class=\"av_textblock_section \"  itemscope=\"itemscope\" itemtype=\"https:\/\/schema.org\/BlogPosting\" itemprop=\"blogPost\" ><div class='avia_textblock  '   itemprop=\"text\" ><p style=\"text-align: center;\"><strong><span style=\"font-size: 18pt;\">Refuerzan fiscalizaci\u00f3n a locales nocturnos para mayor seguridad p\u00fablica<\/span><\/strong><\/p>\n<div id=\"gtx-trans\" style=\"position: absolute; left: -50px; top: 4.31534px;\">\n<div class=\"gtx-trans-icon\"><\/div>\n<\/div>\n<\/div><\/section><\/div><div class=\"flex_column av_one_full  flex_column_div av-zero-column-padding first  avia-builder-el-4  el_after_av_one_full  el_before_av_hr  column-top-margin\" style='border-radius:0px; '><section class=\"av_textblock_section \"  itemscope=\"itemscope\" itemtype=\"https:\/\/schema.org\/BlogPosting\" itemprop=\"blogPost\" ><div class='avia_textblock  '   itemprop=\"text\" ><p style=\"font-weight: 400; text-align: justify;\">El cumplimiento de las leyes sobre expendio y consumo de bebidas alcoh\u00f3licas, sanitarias, laborales y tributarias en locales nocturnos, entre otras, reforz\u00f3 el Gobierno mediante una serie de fiscalizaciones de Carabineros de Chile junto con servicios competentes en prevenci\u00f3n y seguridad p\u00fablica.<\/p>\n<p style=\"font-weight: 400; text-align: justify;\">El Delegado Presidencial Regional de Ays\u00e9n, Rodrigo Araya, encabez\u00f3 un nuevo operativo nocturno junto al Comisario de Coyhaique, mayor Gerardo Gonz\u00e1lez, coordinadora regional de Seguridad P\u00fablica, Camila Covarrubias, seremi del Trabajo y Previsi\u00f3n Social, Rodrigo D\u00edaz, administradora municipal Gabriela Retamal, y equipos de la seremi de Salud, Servicio de Impuestos Internos, Direcci\u00f3n del Trabajo y seguridad comunitaria del municipio.<\/p>\n<p style=\"font-weight: 400; text-align: justify;\">\u201cLa fiscalizaci\u00f3n es muy relevante, tiene que ver con que haya presencia, que haya una conducta adecuada de las personas y, tambi\u00e9n, con pesquisar a personas que est\u00e9n en situaciones de infracci\u00f3n. Nosotros recalcamos que, ante cualquier il\u00edcito o situaci\u00f3n que pudiera estar relacionada con un delito -violencia intrafamiliar, maltrato de personas mayores, por ejemplo-, est\u00e1 disponible el tel\u00e9fono *4242\u201d, se\u00f1al\u00f3 Rodrigo Araya al recordar este n\u00famero telef\u00f3nico dispuesto por la Subsecretar\u00eda de Prevenci\u00f3n del Delito.<\/p>\n<p style=\"font-weight: 400; text-align: justify;\">El Mayor Gerardo Gonz\u00e1lez agreg\u00f3 que el consumo excesivo de alcohol est\u00e1 tradicionalmente vinculado a delitos que afectan la seguridad de la poblaci\u00f3n.<\/p>\n<p style=\"font-weight: 400; text-align: justify;\">\u201cEstos controles se vienen realizando peri\u00f3dicamente. La semana pasada tuvimos un control intersectorial y esta es una segunda etapa, sumado a los controles que ha hecho Carabineros en virtud del convenio 11 14 junto a personal de la Municipalidad. La verdad es que llevamos m\u00e1s de cuatro veces las infracciones que tuvimos el a\u00f1o 2023 a la fecha y hemos doblado la cantidad de controles, as\u00ed es que esperamos seguir estas fiscalizaciones, que nos permitan atacar este fen\u00f3meno, que est\u00e1 relacionado con delitos que ocurren en nuestra comuna\u201d, destac\u00f3.<\/p>\n<p style=\"font-weight: 400; text-align: justify;\">La coordinadora de Seguridad P\u00fablica, Camila Covarrubias, explic\u00f3 que \u201ca trav\u00e9s del Consejo Regional de Seguridad P\u00fablica se han priorizado cinco delitos para abordar preventivamente en la regi\u00f3n: violencia intrafamiliar, delitos sexuales, robo en lugar habitado-no habitado, infracciones a la Ley de Armas y a la Ley de Drogas, adem\u00e1s de incivilidades como consumo de alcohol en la v\u00eda p\u00fablica y el fen\u00f3meno emergente de violencia escolar\u201d.<\/p>\n<p style=\"font-weight: 400; text-align: justify;\">En esta misma l\u00ednea el seremi del Trabajo y Previsi\u00f3n Social, Rodrigo D\u00edaz, subray\u00f3 que tambi\u00e9n se est\u00e1n realizando fiscalizaciones peri\u00f3dicas para el buen cumplimiento de las leyes laborales.<\/p>\n<p style=\"font-weight: 400; text-align: justify;\">\u201cEstamos con la Direcci\u00f3n del Trabajo en esta fiscalizaci\u00f3n, ya que para nosotros como Ministerio del Trabajo y Previsi\u00f3n Social es fundamental ver la situaci\u00f3n laboral de los trabajadores. Si se est\u00e1 cumpliendo, por ejemplo, la reducci\u00f3n de la jornada laboral que tenemos hoy en d\u00eda, por lo que vamos a seguir fiscalizando y esto es fundamental para resguardar los derechos de los trabajadores y de los trabajadores\u201d, expres\u00f3.<\/p>\n<p style=\"font-weight: 400; text-align: justify;\">Cabe se\u00f1alar que en lo que va del a\u00f1o, el Plan Calles Sin Violencia registra m\u00e1s de 82 mil controles preventivos, 2.768 infracciones, 1.709 detenciones y 77 armas recuperadas a nivel regional.<\/p>\n<\/div><\/section><\/div><div  style='height:50px' class='hr hr-invisible   avia-builder-el-6  el_after_av_one_full  el_before_av_social_share '><span class='hr-inner ' ><span class='hr-inner-style'><\/span><\/span><\/div><\/p>\n<div  class='av-social-sharing-box  avia-builder-el-7  el_after_av_hr  el_before_av_hr  '><div class='av-share-box'><h5 class='av-share-link-description av-no-toc '>Compartir esta noticia<\/h5><ul class='av-share-box-list noLightbox'><li class='av-share-link av-social-link-facebook' ><a target=\"_blank\" aria-label=\"Compartir en Facebook\" href='https:\/\/www.facebook.com\/sharer.php?u=https:\/\/radiorevelacionfm.cl\/?p=42100&#038;t=Refuerzan%20fiscalizaci%C3%B3n%20a%20locales%20nocturnos%20para%20mayor%20seguridad%20p%C3%BAblica' aria-hidden='false' data-av_icon='\ue8f3' data-av_iconfont='entypo-fontello' title='' data-avia-related-tooltip='Compartir en Facebook' rel=\"noopener\"><span class='avia_hidden_link_text'>Compartir en Facebook<\/span><\/a><\/li><li class='av-share-link av-social-link-twitter' ><a target=\"_blank\" aria-label=\"Compartir en Twitter\" href='https:\/\/twitter.com\/share?text=Refuerzan%20fiscalizaci%C3%B3n%20a%20locales%20nocturnos%20para%20mayor%20seguridad%20p%C3%BAblica&#038;url=https:\/\/radiorevelacionfm.cl\/?p=42100' aria-hidden='false' data-av_icon='\ue8f1' data-av_iconfont='entypo-fontello' title='' data-avia-related-tooltip='Compartir en Twitter' rel=\"noopener\"><span class='avia_hidden_link_text'>Compartir en Twitter<\/span><\/a><\/li><li class='av-share-link av-social-link-whatsapp' ><a target=\"_blank\" aria-label=\"Compartir en Whatsapp\" href='https:\/\/api.whatsapp.com\/send?text=https:\/\/radiorevelacionfm.cl\/?p=42100' aria-hidden='false' data-av_icon='\uf232' data-av_iconfont='entypo-fontello' title='' data-avia-related-tooltip='Compartir en Whatsapp' rel=\"noopener\"><span class='avia_hidden_link_text'>Compartir en Whatsapp<\/span><\/a><\/li><li class='av-share-link av-social-link-linkedin' ><a target=\"_blank\" aria-label=\"Compartir en LinkedIn\" href='https:\/\/linkedin.com\/shareArticle?mini=true&#038;title=Refuerzan%20fiscalizaci%C3%B3n%20a%20locales%20nocturnos%20para%20mayor%20seguridad%20p%C3%BAblica&#038;url=https:\/\/radiorevelacionfm.cl\/?p=42100' aria-hidden='false' data-av_icon='\ue8fc' data-av_iconfont='entypo-fontello' title='' data-avia-related-tooltip='Compartir en LinkedIn' rel=\"noopener\"><span class='avia_hidden_link_text'>Compartir en LinkedIn<\/span><\/a><\/li><li class='av-share-link av-social-link-mail' ><a  aria-label=\"Compartir por correo\" href='mailto:?subject=Refuerzan%20fiscalizaci%C3%B3n%20a%20locales%20nocturnos%20para%20mayor%20seguridad%20p%C3%BAblica&#038;body=https:\/\/radiorevelacionfm.cl\/?p=42100' aria-hidden='false' data-av_icon='\ue805' data-av_iconfont='entypo-fontello' title='' data-avia-related-tooltip='Compartir por correo'><span class='avia_hidden_link_text'>Compartir por correo<\/span><\/a><\/li><\/ul><\/div><\/div>\n<div  style='height:50px' class='hr hr-invisible   avia-builder-el-8  el_after_av_social_share  el_before_av_comments_list '><span class='hr-inner ' ><span class='hr-inner-style'><\/span><\/span><\/div>\n<div  class='av-buildercomment  av-blog-meta-html-info-disabled av-blog-meta-tag-disabled  '><\/div>\n","protected":false},"excerpt":{"rendered":"","protected":false},"author":1,"featured_media":42101,"comment_status":"open","ping_status":"open","sticky":false,"template":"","format":"standard","meta":{"footnotes":""},"categories":[38],"tags":[],"class_list":["post-42100","post","type-post","status-publish","format-standard","has-post-thumbnail","hentry","category-regional"],"jetpack_featured_media_url":"https:\/\/radiorevelacionfm.cl\/wp-content\/uploads\/2024\/05\/IMG_1189-1-1.jpg","_links":{"self":[{"href":"https:\/\/radiorevelacionfm.cl\/index.php?rest_route=\/wp\/v2\/posts\/42100","targetHints":{"allow":["GET"]}}],"collection":[{"href":"https:\/\/radiorevelacionfm.cl\/index.php?rest_route=\/wp\/v2\/posts"}],"about":[{"href":"https:\/\/radiorevelacionfm.cl\/index.php?rest_route=\/wp\/v2\/types\/post"}],"author":[{"embeddable":true,"href":"https:\/\/radiorevelacionfm.cl\/index.php?rest_route=\/wp\/v2\/users\/1"}],"replies":[{"embeddable":true,"href":"https:\/\/radiorevelacionfm.cl\/index.php?rest_route=%2Fwp%2Fv2%2Fcomments&post=42100"}],"version-history":[{"count":1,"href":"https:\/\/radiorevelacionfm.cl\/index.php?rest_route=\/wp\/v2\/posts\/42100\/revisions"}],"predecessor-version":[{"id":42102,"href":"https:\/\/radiorevelacionfm.cl\/index.php?rest_route=\/wp\/v2\/posts\/42100\/revisions\/42102"}],"wp:featuredmedia":[{"embeddable":true,"href":"https:\/\/radiorevelacionfm.cl\/index.php?rest_route=\/wp\/v2\/media\/42101"}],"wp:attachment":[{"href":"https:\/\/radiorevelacionfm.cl\/index.php?rest_route=%2Fwp%2Fv2%2Fmedia&parent=42100"}],"wp:term":[{"taxonomy":"category","embeddable":true,"href":"https:\/\/radiorevelacionfm.cl\/index.php?rest_route=%2Fwp%2Fv2%2Fcategories&post=42100"},{"taxonomy":"post_tag","embeddable":true,"href":"https:\/\/radiorevelacionfm.cl\/index.php?rest_route=%2Fwp%2Fv2%2Ftags&post=42100"}],"curies":[{"name":"wp","href":"https:\/\/api.w.org\/{rel}","templated":true}]}}