{"id":42097,"date":"2024-05-12T15:54:59","date_gmt":"2024-05-12T18:54:59","guid":{"rendered":"https:\/\/radiorevelacionfm.cl\/?p=42097"},"modified":"2024-05-12T15:54:59","modified_gmt":"2024-05-12T18:54:59","slug":"la-voz-de-los-jovenes-sera-considerada-en-el-pdze-aysen-2024-2034","status":"publish","type":"post","link":"https:\/\/radiorevelacionfm.cl\/?p=42097","title":{"rendered":"La voz de los j\u00f3venes ser\u00e1 considerada en el PDZE Ays\u00e9n 2024-2034"},"content":{"rendered":"<div class=\"flex_column av_one_full  flex_column_div av-zero-column-padding first  avia-builder-el-0  el_before_av_one_full  avia-builder-el-first  \" style='border-radius:0px; '><div  class='avia-image-container  av-styling-    avia-builder-el-1  avia-builder-el-no-sibling  avia-align-center '  itemprop=\"image\" itemscope=\"itemscope\" itemtype=\"https:\/\/schema.org\/ImageObject\"  ><div class='avia-image-container-inner'><div class='avia-image-overlay-wrap'><img decoding=\"async\" class='wp-image-42098 avia-img-lazy-loading-not-42098 avia_image' src=\"https:\/\/radiorevelacionfm.cl\/wp-content\/uploads\/2024\/05\/WhatsApp-Image-2024-05-07-at-6.12.24-PM-1-1-1.jpeg\" alt='' title='WhatsApp Image 2024-05-07 at 6.12.24 PM (1) (1) (1)' height=\"600\" width=\"940\"  itemprop=\"thumbnailUrl\" srcset=\"https:\/\/radiorevelacionfm.cl\/wp-content\/uploads\/2024\/05\/WhatsApp-Image-2024-05-07-at-6.12.24-PM-1-1-1.jpeg 940w, https:\/\/radiorevelacionfm.cl\/wp-content\/uploads\/2024\/05\/WhatsApp-Image-2024-05-07-at-6.12.24-PM-1-1-1-300x191.jpeg 300w, https:\/\/radiorevelacionfm.cl\/wp-content\/uploads\/2024\/05\/WhatsApp-Image-2024-05-07-at-6.12.24-PM-1-1-1-768x490.jpeg 768w, https:\/\/radiorevelacionfm.cl\/wp-content\/uploads\/2024\/05\/WhatsApp-Image-2024-05-07-at-6.12.24-PM-1-1-1-705x450.jpeg 705w, https:\/\/radiorevelacionfm.cl\/wp-content\/uploads\/2024\/05\/WhatsApp-Image-2024-05-07-at-6.12.24-PM-1-1-1-450x287.jpeg 450w, https:\/\/radiorevelacionfm.cl\/wp-content\/uploads\/2024\/05\/WhatsApp-Image-2024-05-07-at-6.12.24-PM-1-1-1-600x383.jpeg 600w\" sizes=\"(max-width: 940px) 100vw, 940px\" \/><\/div><\/div><\/div><\/div><div class=\"flex_column av_one_full  flex_column_div av-zero-column-padding first  avia-builder-el-2  el_after_av_one_full  el_before_av_one_full  column-top-margin\" style='border-radius:0px; '><section class=\"av_textblock_section \"  itemscope=\"itemscope\" itemtype=\"https:\/\/schema.org\/BlogPosting\" itemprop=\"blogPost\" ><div class='avia_textblock  '   itemprop=\"text\" ><p style=\"text-align: center;\"><strong><span style=\"font-size: 18pt;\">La voz de los j\u00f3venes ser\u00e1 considerada en el PDZE Ays\u00e9n 2024-2034<\/span><\/strong><\/p>\n<div id=\"gtx-trans\" style=\"position: absolute; left: -50px; top: 4.31534px;\">\n<div class=\"gtx-trans-icon\"><\/div>\n<\/div>\n<\/div><\/section><\/div><div class=\"flex_column av_one_full  flex_column_div av-zero-column-padding first  avia-builder-el-4  el_after_av_one_full  el_before_av_hr  column-top-margin\" style='border-radius:0px; '><section class=\"av_textblock_section \"  itemscope=\"itemscope\" itemtype=\"https:\/\/schema.org\/BlogPosting\" itemprop=\"blogPost\" ><div class='avia_textblock  '   itemprop=\"text\" ><p dir=\"ltr\" style=\"text-align: justify;\">M\u00e1s de 30 estudiantes y dirigentes estudiantiles de Coyhaique y distintos puntos de la regi\u00f3n participaron de un novedoso di\u00e1logo en el Gobierno Regional en el marco del Plan de Desarrollo de Zonas Extremas (PDZE) Ays\u00e9n enfocado en la juventud.<\/p>\n<p dir=\"ltr\" style=\"text-align: justify;\">La Gobernadora Regional Andrea Mac\u00edas Palma valor\u00f3 la visi\u00f3n entregada por los j\u00f3venes de distintos establecimientos y localidades de la Regi\u00f3n de Ays\u00e9n.<\/p>\n<p dir=\"ltr\" style=\"text-align: justify;\">\u00abEs la oportunidad de poder juntarse, compartir miradas con nuestros estudiantes de distintos lugares de la regi\u00f3n, de distintos sistemas educativos tambi\u00e9n, que nos vienen a mostrar muchas cosas de las cuales uno desconoce o tambi\u00e9n muchas ideas de cosas que est\u00e1n sucediendo y que con gestiones o con acciones que son muy r\u00e1pidas se pueden solucionar\u00bb, afirm\u00f3 la m\u00e1xima autoridad regional.<\/p>\n<p dir=\"ltr\" style=\"text-align: justify;\">Por su parte, la consejera regional de la provincia de Coyhaique, Paula Acu\u00f1a agradeci\u00f3 al GORE Ays\u00e9n por esta instancia para poder tomar en consideraci\u00f3n la visi\u00f3n de la juventud a la hora de construir una cartera de inversi\u00f3n para los pr\u00f3ximos diez a\u00f1os.<\/p>\n<p dir=\"ltr\" style=\"text-align: justify;\">\u00abAgradecer al Gobierno regional por abrir los espacios sobre todo en el plan de desarrollo de zonas extremas. es fundamental que heoy d\u00eda los y las j\u00f3venes puedan expresar sus ideas, sus anhelos, pero tambi\u00e9n las necesidades que tienen. muy contenta de poder haber participado de este encuentro. para nosotros va a ser fundamental esto para despue\u00b4s cuando podmaos tomar la decisi\u00f3n acerca de qu\u00e9 obras o infraestructura vamos a financiar, tener en consideraci\u00f3n los sue\u00f1os de nuestros j\u00f3venes\u00bb, se\u00f1al\u00f3.<\/p>\n<p dir=\"ltr\" style=\"text-align: justify;\">Grishna Stroz, presidenta del Centro General de Alumnos del Liceo Juan Pablo II\u00a0\u00a0manifest\u00f3 esperar con ansias la materializaci\u00f3n de las propuestas que se levantaron y en otros de los Talleres de Participaci\u00f3n Ciudadana a los que ha asistido.<\/p>\n<p dir=\"ltr\" style=\"text-align: justify;\">\u00abCreo que es super importante escuchar nuestra voz, pero tambi\u00e9n buscar soluci\u00f3n a estos problemas. Yo he asistido a muchas de estas reuniones y realmente espero con muchas ansias ver la resoluci\u00f3n de estos problemas porque finalmente ya estoy en 4to medio, me voy acercando al \u00e1mbito laboral y a la vida adulta, entonces yo espero tener una vida adulta en buenas condiciones en mi regi\u00f3n. Yo amo mi regi\u00f3n y espero lo mejor\u00bb.<\/p>\n<p dir=\"ltr\" style=\"text-align: justify;\">Dentro de las ideas manifestadas por los j\u00f3venes est\u00e1n temas ambientales y de asentamientos humanos, y valoraron el poder ser escuchados en el marco de este proceso. As\u00ed lo dej\u00f3 ver el secretario ejecutivo del Centro General de Alumnos del Liceo San Felipe Benicio, Benjam\u00edn V\u00e1squez.<\/p>\n<p dir=\"ltr\" style=\"text-align: justify;\">\u00abMe parece super bien en el hecho que gente que es parte del gobierno regional est\u00e9 en contacto con las personas, con quienes votaron por ellos y que se abran este tipo de proyectos son super importantes\u00bb, concluy\u00f3.<\/p>\n<p dir=\"ltr\" style=\"text-align: justify;\">Este encuentro se suma a los ya 19 Talleres de Participaci\u00f3n Ciudadana que se han hecho para dise\u00f1ar el nuevo PDZE Ays\u00e9n, los que se han realizado en todas las comunas de la regi\u00f3n y con grupos focalizados como el sector privado y ahora la juventud. Est\u00e1n programados para los pr\u00f3ximos d\u00edas di\u00e1logos con ni\u00f1os y ni\u00f1as, adem\u00e1s de adultos mayores.<\/p>\n<\/div><\/section><\/div><div  style='height:50px' class='hr hr-invisible   avia-builder-el-6  el_after_av_one_full  el_before_av_social_share '><span class='hr-inner ' ><span class='hr-inner-style'><\/span><\/span><\/div><\/p>\n<div  class='av-social-sharing-box  avia-builder-el-7  el_after_av_hr  el_before_av_hr  '><div class='av-share-box'><h5 class='av-share-link-description av-no-toc '>Compartir esta noticia<\/h5><ul class='av-share-box-list noLightbox'><li class='av-share-link av-social-link-facebook' ><a target=\"_blank\" aria-label=\"Compartir en Facebook\" href='https:\/\/www.facebook.com\/sharer.php?u=https:\/\/radiorevelacionfm.cl\/?p=42097&#038;t=La%20voz%20de%20los%20j%C3%B3venes%20ser%C3%A1%20considerada%20en%20el%20PDZE%20Ays%C3%A9n%202024-2034' aria-hidden='false' data-av_icon='\ue8f3' data-av_iconfont='entypo-fontello' title='' data-avia-related-tooltip='Compartir en Facebook' rel=\"noopener\"><span class='avia_hidden_link_text'>Compartir en Facebook<\/span><\/a><\/li><li class='av-share-link av-social-link-twitter' ><a target=\"_blank\" aria-label=\"Compartir en Twitter\" href='https:\/\/twitter.com\/share?text=La%20voz%20de%20los%20j%C3%B3venes%20ser%C3%A1%20considerada%20en%20el%20PDZE%20Ays%C3%A9n%202024-2034&#038;url=https:\/\/radiorevelacionfm.cl\/?p=42097' aria-hidden='false' data-av_icon='\ue8f1' data-av_iconfont='entypo-fontello' title='' data-avia-related-tooltip='Compartir en Twitter' rel=\"noopener\"><span class='avia_hidden_link_text'>Compartir en Twitter<\/span><\/a><\/li><li class='av-share-link av-social-link-whatsapp' ><a target=\"_blank\" aria-label=\"Compartir en Whatsapp\" href='https:\/\/api.whatsapp.com\/send?text=https:\/\/radiorevelacionfm.cl\/?p=42097' aria-hidden='false' data-av_icon='\uf232' data-av_iconfont='entypo-fontello' title='' data-avia-related-tooltip='Compartir en Whatsapp' rel=\"noopener\"><span class='avia_hidden_link_text'>Compartir en Whatsapp<\/span><\/a><\/li><li class='av-share-link av-social-link-linkedin' ><a target=\"_blank\" aria-label=\"Compartir en LinkedIn\" href='https:\/\/linkedin.com\/shareArticle?mini=true&#038;title=La%20voz%20de%20los%20j%C3%B3venes%20ser%C3%A1%20considerada%20en%20el%20PDZE%20Ays%C3%A9n%202024-2034&#038;url=https:\/\/radiorevelacionfm.cl\/?p=42097' aria-hidden='false' data-av_icon='\ue8fc' data-av_iconfont='entypo-fontello' title='' data-avia-related-tooltip='Compartir en LinkedIn' rel=\"noopener\"><span class='avia_hidden_link_text'>Compartir en LinkedIn<\/span><\/a><\/li><li class='av-share-link av-social-link-mail' ><a  aria-label=\"Compartir por correo\" href='mailto:?subject=La%20voz%20de%20los%20j%C3%B3venes%20ser%C3%A1%20considerada%20en%20el%20PDZE%20Ays%C3%A9n%202024-2034&#038;body=https:\/\/radiorevelacionfm.cl\/?p=42097' aria-hidden='false' data-av_icon='\ue805' data-av_iconfont='entypo-fontello' title='' data-avia-related-tooltip='Compartir por correo'><span class='avia_hidden_link_text'>Compartir por correo<\/span><\/a><\/li><\/ul><\/div><\/div>\n<div  style='height:50px' class='hr hr-invisible   avia-builder-el-8  el_after_av_social_share  el_before_av_comments_list '><span class='hr-inner ' ><span class='hr-inner-style'><\/span><\/span><\/div>\n<div  class='av-buildercomment  av-blog-meta-html-info-disabled av-blog-meta-tag-disabled  '><\/div>\n","protected":false},"excerpt":{"rendered":"","protected":false},"author":1,"featured_media":42098,"comment_status":"open","ping_status":"open","sticky":false,"template":"","format":"standard","meta":{"footnotes":""},"categories":[38],"tags":[],"class_list":["post-42097","post","type-post","status-publish","format-standard","has-post-thumbnail","hentry","category-regional"],"jetpack_featured_media_url":"https:\/\/radiorevelacionfm.cl\/wp-content\/uploads\/2024\/05\/WhatsApp-Image-2024-05-07-at-6.12.24-PM-1-1-1.jpeg","_links":{"self":[{"href":"https:\/\/radiorevelacionfm.cl\/index.php?rest_route=\/wp\/v2\/posts\/42097","targetHints":{"allow":["GET"]}}],"collection":[{"href":"https:\/\/radiorevelacionfm.cl\/index.php?rest_route=\/wp\/v2\/posts"}],"about":[{"href":"https:\/\/radiorevelacionfm.cl\/index.php?rest_route=\/wp\/v2\/types\/post"}],"author":[{"embeddable":true,"href":"https:\/\/radiorevelacionfm.cl\/index.php?rest_route=\/wp\/v2\/users\/1"}],"replies":[{"embeddable":true,"href":"https:\/\/radiorevelacionfm.cl\/index.php?rest_route=%2Fwp%2Fv2%2Fcomments&post=42097"}],"version-history":[{"count":1,"href":"https:\/\/radiorevelacionfm.cl\/index.php?rest_route=\/wp\/v2\/posts\/42097\/revisions"}],"predecessor-version":[{"id":42099,"href":"https:\/\/radiorevelacionfm.cl\/index.php?rest_route=\/wp\/v2\/posts\/42097\/revisions\/42099"}],"wp:featuredmedia":[{"embeddable":true,"href":"https:\/\/radiorevelacionfm.cl\/index.php?rest_route=\/wp\/v2\/media\/42098"}],"wp:attachment":[{"href":"https:\/\/radiorevelacionfm.cl\/index.php?rest_route=%2Fwp%2Fv2%2Fmedia&parent=42097"}],"wp:term":[{"taxonomy":"category","embeddable":true,"href":"https:\/\/radiorevelacionfm.cl\/index.php?rest_route=%2Fwp%2Fv2%2Fcategories&post=42097"},{"taxonomy":"post_tag","embeddable":true,"href":"https:\/\/radiorevelacionfm.cl\/index.php?rest_route=%2Fwp%2Fv2%2Ftags&post=42097"}],"curies":[{"name":"wp","href":"https:\/\/api.w.org\/{rel}","templated":true}]}}