{"id":42090,"date":"2024-05-11T13:55:01","date_gmt":"2024-05-11T16:55:01","guid":{"rendered":"https:\/\/radiorevelacionfm.cl\/?p=42090"},"modified":"2024-05-11T13:55:01","modified_gmt":"2024-05-11T16:55:01","slug":"desde-melimoyu-hasta-villa-ohiggins-estudiantes-inician-proyectos-de-investigacion-e-innovacion-junto-al-par-explora-aysen","status":"publish","type":"post","link":"https:\/\/radiorevelacionfm.cl\/?p=42090","title":{"rendered":"Desde Melimoyu hasta Villa O\u2019Higgins: estudiantes inician proyectos de investigaci\u00f3n e innovaci\u00f3n junto al PAR Explora Ays\u00e9n"},"content":{"rendered":"<div class=\"flex_column av_one_full  flex_column_div av-zero-column-padding first  avia-builder-el-0  el_before_av_one_full  avia-builder-el-first  \" style='border-radius:0px; '><div  class='avia-image-container  av-styling-    avia-builder-el-1  avia-builder-el-no-sibling  avia-align-center '  itemprop=\"image\" itemscope=\"itemscope\" itemtype=\"https:\/\/schema.org\/ImageObject\"  ><div class='avia-image-container-inner'><div class='avia-image-overlay-wrap'><img decoding=\"async\" class='wp-image-42091 avia-img-lazy-loading-not-42091 avia_image' src=\"https:\/\/radiorevelacionfm.cl\/wp-content\/uploads\/2024\/05\/iie20242-1_optimized.jpg\" alt='' title='iie20242-(1)_optimized' height=\"600\" width=\"800\"  itemprop=\"thumbnailUrl\" srcset=\"https:\/\/radiorevelacionfm.cl\/wp-content\/uploads\/2024\/05\/iie20242-1_optimized.jpg 800w, https:\/\/radiorevelacionfm.cl\/wp-content\/uploads\/2024\/05\/iie20242-1_optimized-300x225.jpg 300w, https:\/\/radiorevelacionfm.cl\/wp-content\/uploads\/2024\/05\/iie20242-1_optimized-768x576.jpg 768w, https:\/\/radiorevelacionfm.cl\/wp-content\/uploads\/2024\/05\/iie20242-1_optimized-705x529.jpg 705w, https:\/\/radiorevelacionfm.cl\/wp-content\/uploads\/2024\/05\/iie20242-1_optimized-450x338.jpg 450w, https:\/\/radiorevelacionfm.cl\/wp-content\/uploads\/2024\/05\/iie20242-1_optimized-600x450.jpg 600w\" sizes=\"(max-width: 800px) 100vw, 800px\" \/><\/div><\/div><\/div><\/div><div class=\"flex_column av_one_full  flex_column_div av-zero-column-padding first  avia-builder-el-2  el_after_av_one_full  el_before_av_one_full  column-top-margin\" style='border-radius:0px; '><section class=\"av_textblock_section \"  itemscope=\"itemscope\" itemtype=\"https:\/\/schema.org\/BlogPosting\" itemprop=\"blogPost\" ><div class='avia_textblock  '   itemprop=\"text\" ><p style=\"text-align: center;\"><strong><span style=\"font-size: 18pt;\">Desde Melimoyu hasta Villa O\u2019Higgins: estudiantes inician proyectos de investigaci\u00f3n e innovaci\u00f3n junto al PAR Explora Ays\u00e9n<\/span><\/strong><\/p>\n<div id=\"gtx-trans\" style=\"position: absolute; left: -50px; top: 4.31534px;\">\n<div class=\"gtx-trans-icon\"><\/div>\n<\/div>\n<\/div><\/section><\/div><div class=\"flex_column av_one_full  flex_column_div av-zero-column-padding first  avia-builder-el-4  el_after_av_one_full  el_before_av_hr  column-top-margin\" style='border-radius:0px; '><section class=\"av_textblock_section \"  itemscope=\"itemscope\" itemtype=\"https:\/\/schema.org\/BlogPosting\" itemprop=\"blogPost\" ><div class='avia_textblock  '   itemprop=\"text\" ><p style=\"text-align: justify;\"><em>Este a\u00f1o son 38 los equipos escolares de Educaci\u00f3n B\u00e1sica y Media de la regi\u00f3n de Ays\u00e9n que buscan fortalecer sus competencias cient\u00edficas, trabajando en proyectos inspirados en el territorio o abordando soluciones a problem\u00e1ticas locales.<\/em><\/p>\n<p style=\"text-align: justify;\">En dependencias del Campus Patagonia de la Universidad Austral de Chile comenzaron los talleres del Programa de Investigaci\u00f3n e Innovaci\u00f3n Escolar (IIE) impulsados por el PAR Explora Ays\u00e9n, del Ministerio de Ciencia, Tecnolog\u00eda, Conocimiento e Innovaci\u00f3n.<\/p>\n<p style=\"text-align: justify;\">El Programa, que se desarrollar\u00e1 entre abril y septiembre de 2024, involucra a estudiantes y docentes de 11 localidades de la regi\u00f3n de Ays\u00e9n en el desaf\u00edo de trabajar en equipo un proyecto de investigaci\u00f3n o innovaci\u00f3n, inspirado en problem\u00e1ticas o necesidades que identifiquen en sus entornos.<\/p>\n<p style=\"text-align: justify;\">Javiera Beltr\u00e1n, Encargada del Programa de Investigaci\u00f3n e Innovaci\u00f3n Escolar en Ays\u00e9n, comenta que \u201ceste a\u00f1o las tem\u00e1ticas que eligieron var\u00edan desde programaci\u00f3n, reconstrucci\u00f3n de la historia de sus comunidades, arte y ciencia para resolver problem\u00e1ticas propias, y tambi\u00e9n hay mucho inter\u00e9s por ser agentes de cambio para el resguardo de espacios de sus territorios\u201d.<\/p>\n<p style=\"text-align: justify;\">En la jornada inicial, los equipos avanzaron en las primeras definiciones de sus proyectos, recibiendo orientaciones \u00e9ticas y diferentes perspectivas para abordar una investigaci\u00f3n, en compa\u00f1\u00eda de profesionales de las ciencias sociales, ciencias de la salud y la innovaci\u00f3n.<\/p>\n<p style=\"text-align: justify;\">\u201cLas personas que vienen ac\u00e1, adem\u00e1s de ense\u00f1arnos, nos dan la oportunidad de ver m\u00e1s all\u00e1 de nuestros proyectos\u201d coment\u00f3 la estudiante Camila Alvarado, del Liceo Bicentenario Altos del Mackay. \u201cConocer gente nueva me motiva a seguir adelante y pensar en diferentes proyectos\u201d complement\u00f3 la estudiante Barbara Nasar, del Liceo Pioneros del Sur.<\/p>\n<p style=\"text-align: justify;\">Participaron en este primer taller la kinesi\u00f3loga Angie Bichara y el epidemi\u00f3logo Marco Acu\u00f1a de la Seremi de Salud Ays\u00e9n, la m\u00e9dica cirujana Carla Basualto y el soci\u00f3logo Sebasti\u00e1n Ibarra de la Universidad de Ays\u00e9n, y la ingeniera qu\u00edmica Manuela L\u00f3pez del Centro de Investigaci\u00f3n en Ecosistemas de la Patagonia.<\/p>\n<p style=\"text-align: justify;\">\u201cUno puede hacer el puente entre lo que disfruta, la pasi\u00f3n que uno tiene, y el c\u00f3mo eso los puede ayudar en su vida diaria, a responderse preguntas, a ordenar de mejor manera su conocimiento y aprovechar esta herramienta que es la investigaci\u00f3n\u201d se\u00f1al\u00f3 Basualto.<\/p>\n<p style=\"text-align: justify;\">Al finalizar el proceso, los equipos escolares socializar\u00e1n el resultado de sus experiencias en un encuentro abierto a la comunidad en la ciudad de Coyhaique.<\/p>\n<p style=\"text-align: justify;\">\u201cAc\u00e1 se genera una oportunidad para que impacten en su comunidad. Ellos(as) aprenden a comunicarse, a sociabilizar, a estar con otros, a compartir ideas y tambi\u00e9n a generar pensamiento cr\u00edtico\u201d afirm\u00f3 la profesora Yanara Mart\u00ednez del Colegio Sagrada Familia.<\/p>\n<p style=\"text-align: justify;\">El Programa IIE est\u00e1 conformado por estudiantes y docentes de establecimientos educacionales de Melimoyu, Puerto Gala, Puerto Chacabuco, Puerto Ays\u00e9n, Coyhaique, El Blanco, Bah\u00eda Murta, Puerto S\u00e1nchez, Cochrane, Caleta Tortel y Villa O\u2019Higgins.<\/p>\n<\/div><\/section><\/div><div  style='height:50px' class='hr hr-invisible   avia-builder-el-6  el_after_av_one_full  el_before_av_social_share '><span class='hr-inner ' ><span class='hr-inner-style'><\/span><\/span><\/div><\/p>\n<div  class='av-social-sharing-box  avia-builder-el-7  el_after_av_hr  el_before_av_hr  '><div class='av-share-box'><h5 class='av-share-link-description av-no-toc '>Compartir esta noticia<\/h5><ul class='av-share-box-list noLightbox'><li class='av-share-link av-social-link-facebook' ><a target=\"_blank\" aria-label=\"Compartir en Facebook\" href='https:\/\/www.facebook.com\/sharer.php?u=https:\/\/radiorevelacionfm.cl\/?p=42090&#038;t=Desde%20Melimoyu%20hasta%20Villa%20O%E2%80%99Higgins%3A%20estudiantes%20inician%20proyectos%20de%20investigaci%C3%B3n%20e%20innovaci%C3%B3n%20junto%20al%20PAR%20Explora%20Ays%C3%A9n' aria-hidden='false' data-av_icon='\ue8f3' data-av_iconfont='entypo-fontello' title='' data-avia-related-tooltip='Compartir en Facebook' rel=\"noopener\"><span class='avia_hidden_link_text'>Compartir en Facebook<\/span><\/a><\/li><li class='av-share-link av-social-link-twitter' ><a target=\"_blank\" aria-label=\"Compartir en Twitter\" href='https:\/\/twitter.com\/share?text=Desde%20Melimoyu%20hasta%20Villa%20O%E2%80%99Higgins%3A%20estudiantes%20inician%20proyectos%20de%20investigaci%C3%B3n%20e%20innovaci%C3%B3n%20junto%20al%20PAR%20Explora%20Ays%C3%A9n&#038;url=https:\/\/radiorevelacionfm.cl\/?p=42090' aria-hidden='false' data-av_icon='\ue8f1' data-av_iconfont='entypo-fontello' title='' data-avia-related-tooltip='Compartir en Twitter' rel=\"noopener\"><span class='avia_hidden_link_text'>Compartir en Twitter<\/span><\/a><\/li><li class='av-share-link av-social-link-whatsapp' ><a target=\"_blank\" aria-label=\"Compartir en Whatsapp\" href='https:\/\/api.whatsapp.com\/send?text=https:\/\/radiorevelacionfm.cl\/?p=42090' aria-hidden='false' data-av_icon='\uf232' data-av_iconfont='entypo-fontello' title='' data-avia-related-tooltip='Compartir en Whatsapp' rel=\"noopener\"><span class='avia_hidden_link_text'>Compartir en Whatsapp<\/span><\/a><\/li><li class='av-share-link av-social-link-linkedin' ><a target=\"_blank\" aria-label=\"Compartir en LinkedIn\" href='https:\/\/linkedin.com\/shareArticle?mini=true&#038;title=Desde%20Melimoyu%20hasta%20Villa%20O%E2%80%99Higgins%3A%20estudiantes%20inician%20proyectos%20de%20investigaci%C3%B3n%20e%20innovaci%C3%B3n%20junto%20al%20PAR%20Explora%20Ays%C3%A9n&#038;url=https:\/\/radiorevelacionfm.cl\/?p=42090' aria-hidden='false' data-av_icon='\ue8fc' data-av_iconfont='entypo-fontello' title='' data-avia-related-tooltip='Compartir en LinkedIn' rel=\"noopener\"><span class='avia_hidden_link_text'>Compartir en LinkedIn<\/span><\/a><\/li><li class='av-share-link av-social-link-mail' ><a  aria-label=\"Compartir por correo\" href='mailto:?subject=Desde%20Melimoyu%20hasta%20Villa%20O%E2%80%99Higgins%3A%20estudiantes%20inician%20proyectos%20de%20investigaci%C3%B3n%20e%20innovaci%C3%B3n%20junto%20al%20PAR%20Explora%20Ays%C3%A9n&#038;body=https:\/\/radiorevelacionfm.cl\/?p=42090' aria-hidden='false' data-av_icon='\ue805' data-av_iconfont='entypo-fontello' title='' data-avia-related-tooltip='Compartir por correo'><span class='avia_hidden_link_text'>Compartir por correo<\/span><\/a><\/li><\/ul><\/div><\/div>\n<div  style='height:50px' class='hr hr-invisible   avia-builder-el-8  el_after_av_social_share  el_before_av_comments_list '><span class='hr-inner ' ><span class='hr-inner-style'><\/span><\/span><\/div>\n<div  class='av-buildercomment  av-blog-meta-html-info-disabled av-blog-meta-tag-disabled  '><\/div>\n","protected":false},"excerpt":{"rendered":"","protected":false},"author":1,"featured_media":42091,"comment_status":"open","ping_status":"open","sticky":false,"template":"","format":"standard","meta":{"footnotes":""},"categories":[49],"tags":[],"class_list":["post-42090","post","type-post","status-publish","format-standard","has-post-thumbnail","hentry","category-educacion"],"jetpack_featured_media_url":"https:\/\/radiorevelacionfm.cl\/wp-content\/uploads\/2024\/05\/iie20242-1_optimized.jpg","_links":{"self":[{"href":"https:\/\/radiorevelacionfm.cl\/index.php?rest_route=\/wp\/v2\/posts\/42090","targetHints":{"allow":["GET"]}}],"collection":[{"href":"https:\/\/radiorevelacionfm.cl\/index.php?rest_route=\/wp\/v2\/posts"}],"about":[{"href":"https:\/\/radiorevelacionfm.cl\/index.php?rest_route=\/wp\/v2\/types\/post"}],"author":[{"embeddable":true,"href":"https:\/\/radiorevelacionfm.cl\/index.php?rest_route=\/wp\/v2\/users\/1"}],"replies":[{"embeddable":true,"href":"https:\/\/radiorevelacionfm.cl\/index.php?rest_route=%2Fwp%2Fv2%2Fcomments&post=42090"}],"version-history":[{"count":1,"href":"https:\/\/radiorevelacionfm.cl\/index.php?rest_route=\/wp\/v2\/posts\/42090\/revisions"}],"predecessor-version":[{"id":42092,"href":"https:\/\/radiorevelacionfm.cl\/index.php?rest_route=\/wp\/v2\/posts\/42090\/revisions\/42092"}],"wp:featuredmedia":[{"embeddable":true,"href":"https:\/\/radiorevelacionfm.cl\/index.php?rest_route=\/wp\/v2\/media\/42091"}],"wp:attachment":[{"href":"https:\/\/radiorevelacionfm.cl\/index.php?rest_route=%2Fwp%2Fv2%2Fmedia&parent=42090"}],"wp:term":[{"taxonomy":"category","embeddable":true,"href":"https:\/\/radiorevelacionfm.cl\/index.php?rest_route=%2Fwp%2Fv2%2Fcategories&post=42090"},{"taxonomy":"post_tag","embeddable":true,"href":"https:\/\/radiorevelacionfm.cl\/index.php?rest_route=%2Fwp%2Fv2%2Ftags&post=42090"}],"curies":[{"name":"wp","href":"https:\/\/api.w.org\/{rel}","templated":true}]}}