{"id":42087,"date":"2024-05-10T21:59:01","date_gmt":"2024-05-11T00:59:01","guid":{"rendered":"https:\/\/radiorevelacionfm.cl\/?p=42087"},"modified":"2024-05-10T21:59:01","modified_gmt":"2024-05-11T00:59:01","slug":"internas-del-ccp-coyhaique-se-capacitan-en-servicio-de-manicure-y-pedicure","status":"publish","type":"post","link":"https:\/\/radiorevelacionfm.cl\/?p=42087","title":{"rendered":"Internas del CCP Coyhaique se capacitan en \u201cServicio de Manicure y Pedicure\u201d"},"content":{"rendered":"<div class=\"flex_column av_one_full  flex_column_div av-zero-column-padding first  avia-builder-el-0  el_before_av_one_full  avia-builder-el-first  \" style='border-radius:0px; '><div  class='avia-image-container  av-styling-    avia-builder-el-1  avia-builder-el-no-sibling  avia-align-center '  itemprop=\"image\" itemscope=\"itemscope\" itemtype=\"https:\/\/schema.org\/ImageObject\"  ><div class='avia-image-container-inner'><div class='avia-image-overlay-wrap'><img decoding=\"async\" class='wp-image-42088 avia-img-lazy-loading-not-42088 avia_image' src=\"https:\/\/radiorevelacionfm.cl\/wp-content\/uploads\/2024\/05\/visita-mujeres-1-1-1-1.jpg\" alt='' title='visita mujeres 1 (1) (1) (1)' height=\"600\" width=\"900\"  itemprop=\"thumbnailUrl\" srcset=\"https:\/\/radiorevelacionfm.cl\/wp-content\/uploads\/2024\/05\/visita-mujeres-1-1-1-1.jpg 900w, https:\/\/radiorevelacionfm.cl\/wp-content\/uploads\/2024\/05\/visita-mujeres-1-1-1-1-300x200.jpg 300w, https:\/\/radiorevelacionfm.cl\/wp-content\/uploads\/2024\/05\/visita-mujeres-1-1-1-1-768x512.jpg 768w, https:\/\/radiorevelacionfm.cl\/wp-content\/uploads\/2024\/05\/visita-mujeres-1-1-1-1-705x470.jpg 705w, https:\/\/radiorevelacionfm.cl\/wp-content\/uploads\/2024\/05\/visita-mujeres-1-1-1-1-450x300.jpg 450w, https:\/\/radiorevelacionfm.cl\/wp-content\/uploads\/2024\/05\/visita-mujeres-1-1-1-1-600x400.jpg 600w\" sizes=\"(max-width: 900px) 100vw, 900px\" \/><\/div><\/div><\/div><\/div><div class=\"flex_column av_one_full  flex_column_div av-zero-column-padding first  avia-builder-el-2  el_after_av_one_full  el_before_av_one_full  column-top-margin\" style='border-radius:0px; '><section class=\"av_textblock_section \"  itemscope=\"itemscope\" itemtype=\"https:\/\/schema.org\/BlogPosting\" itemprop=\"blogPost\" ><div class='avia_textblock  '   itemprop=\"text\" ><p style=\"text-align: center;\"><span style=\"font-size: 18pt;\"><strong>Internas del CCP Coyhaique se capacitan en \u201cServicio de Manicure y Pedicure\u201d<\/strong><\/span><\/p>\n<div id=\"gtx-trans\" style=\"position: absolute; left: -50px; top: 4.31534px;\">\n<div class=\"gtx-trans-icon\"><\/div>\n<\/div>\n<\/div><\/section><\/div><div class=\"flex_column av_one_full  flex_column_div av-zero-column-padding first  avia-builder-el-4  el_after_av_one_full  el_before_av_hr  column-top-margin\" style='border-radius:0px; '><section class=\"av_textblock_section \"  itemscope=\"itemscope\" itemtype=\"https:\/\/schema.org\/BlogPosting\" itemprop=\"blogPost\" ><div class='avia_textblock  '   itemprop=\"text\" ><p style=\"text-align: justify;\">Hace un par de semanas, 6 usuarias del Centro de Cumplimiento Penitenciario de Coyhaique iniciaron el curso denominado \u201cServicio de Manicure y Pedicure\u201d, iniciativa desarrollada por el Organismo T\u00e9cnico de Capacitaci\u00f3n Jennyal, y que recientemente recibieron la visita de los seremis de Justicia y Derechos Humanos Samuel Navarro, del Trabajo y Previsi\u00f3n Social Rodrigo D\u00edaz y de la Mujer y Equidad de G\u00e9nero Andrea M\u00e9ndez, adem\u00e1s del Director Regional del Sence Nelson Garrido para constatar en terreno la puesta en marcha de esta capacitaci\u00f3n.<\/p>\n<p style=\"text-align: justify;\">La usuaria C.V quien participa de este curso indic\u00f3 que \u201ces muy bueno, ya que estamos recluidas aqu\u00ed y para nosotros es una oportunidad, porque podemos complementar afuera con este oficio, reinsert\u00e1ndonos a la sociedad, siendo un gran apoyo para nuestras familias\u201d.<\/p>\n<p style=\"text-align: justify;\">Tras la visita realizada, la Seremi de la Mujer y Equidad de G\u00e9nero, Andrea Mendez Valenzuela explic\u00f3 que \u201ccon orgullo venimos a presenciar la realizaci\u00f3n de un curso de capacitaci\u00f3n que tiene dos aspectos importantes a destacar, primero que fue solicitado por las mismas mujeres privadas de libertad y adem\u00e1s que cont\u00f3 con el trabajo colaborativo de diferentes instituciones, agradecemos particularmente la voluntad y gesti\u00f3n de Sence y Gendarmer\u00eda, con estas iniciativas avanzamos en reconocer que las experiencias carcelarias femeninas son diferentes a las masculinas, y que desde el Estado debemos desplegar esfuerzos para comprenderlas y atenderlas\u201d.<\/p>\n<p style=\"text-align: justify;\">Mientras que el Seremi de Justicia y Derechos Humanos Samuel Navarro indic\u00f3 que \u201cfue una visita muy agradable porque se ve un avance significativo con relaci\u00f3n a la realizaci\u00f3n de este curso espec\u00edfico para mujeres privadas de libertad enmarcado en todo el contexto de reinserci\u00f3n social, pero tambi\u00e9n del trabajo que estamos desplegando intersectorialmente para contribuir al trabajo con las mujeres privadas de libertad, mejorando sus condiciones, el acceso a oficios que les permitan una vez que egresen del sistema penitenciario tener una reinserci\u00f3n adecuada\u201d.<\/p>\n<p style=\"text-align: justify;\">Por su parte, el Seremi del Trabajo y Previsi\u00f3n Social Rodrigo D\u00edaz se\u00f1al\u00f3 que \u201cen el Ministerio del Trabajo y Previsi\u00f3n social valoramos la reinserci\u00f3n social, por eso junto a los seremis de Justicia y de Mujer y con el director del Sence Nelson Garrido y Gendarmer\u00eda, fuimos a conocer la experiencia de las internas del Centro de Cumplimiento Penitenciario de Coyhaique, quienes a trav\u00e9s del programa de transferencias al sector p\u00fablico de Sence y Gendarmer\u00eda se est\u00e1n capacitando en manicure profesional, higiene y seguridad, recibiendo herramientas concretas, para que cuando recuperen su libertad puedan tener un sustento para sus familias. Esperamos como Gobierno seguir profundizando este trabajo y alianzas interinstitucionales para apoyar su reinserci\u00f3n laboral y as\u00ed tengan nuevas oportunidades como trabajadoras\u201d.<\/p>\n<p style=\"text-align: justify;\">Finalmente, cabe mencionar que dicho curso tendr\u00e1 una duraci\u00f3n de 110 horas cronol\u00f3gicas y considera adem\u00e1s un subsidio de herramientas por alumna que alcanza los 200 mil pesos.<\/p>\n<\/div><\/section><\/div><div  style='height:50px' class='hr hr-invisible   avia-builder-el-6  el_after_av_one_full  el_before_av_social_share '><span class='hr-inner ' ><span class='hr-inner-style'><\/span><\/span><\/div><\/p>\n<div  class='av-social-sharing-box  avia-builder-el-7  el_after_av_hr  el_before_av_hr  '><div class='av-share-box'><h5 class='av-share-link-description av-no-toc '>Compartir esta noticia<\/h5><ul class='av-share-box-list noLightbox'><li class='av-share-link av-social-link-facebook' ><a target=\"_blank\" aria-label=\"Compartir en Facebook\" href='https:\/\/www.facebook.com\/sharer.php?u=https:\/\/radiorevelacionfm.cl\/?p=42087&#038;t=Internas%20del%20CCP%20Coyhaique%20se%20capacitan%20en%20%E2%80%9CServicio%20de%20Manicure%20y%20Pedicure%E2%80%9D' aria-hidden='false' data-av_icon='\ue8f3' data-av_iconfont='entypo-fontello' title='' data-avia-related-tooltip='Compartir en Facebook' rel=\"noopener\"><span class='avia_hidden_link_text'>Compartir en Facebook<\/span><\/a><\/li><li class='av-share-link av-social-link-twitter' ><a target=\"_blank\" aria-label=\"Compartir en Twitter\" href='https:\/\/twitter.com\/share?text=Internas%20del%20CCP%20Coyhaique%20se%20capacitan%20en%20%E2%80%9CServicio%20de%20Manicure%20y%20Pedicure%E2%80%9D&#038;url=https:\/\/radiorevelacionfm.cl\/?p=42087' aria-hidden='false' data-av_icon='\ue8f1' data-av_iconfont='entypo-fontello' title='' data-avia-related-tooltip='Compartir en Twitter' rel=\"noopener\"><span class='avia_hidden_link_text'>Compartir en Twitter<\/span><\/a><\/li><li class='av-share-link av-social-link-whatsapp' ><a target=\"_blank\" aria-label=\"Compartir en Whatsapp\" href='https:\/\/api.whatsapp.com\/send?text=https:\/\/radiorevelacionfm.cl\/?p=42087' aria-hidden='false' data-av_icon='\uf232' data-av_iconfont='entypo-fontello' title='' data-avia-related-tooltip='Compartir en Whatsapp' rel=\"noopener\"><span class='avia_hidden_link_text'>Compartir en Whatsapp<\/span><\/a><\/li><li class='av-share-link av-social-link-linkedin' ><a target=\"_blank\" aria-label=\"Compartir en LinkedIn\" href='https:\/\/linkedin.com\/shareArticle?mini=true&#038;title=Internas%20del%20CCP%20Coyhaique%20se%20capacitan%20en%20%E2%80%9CServicio%20de%20Manicure%20y%20Pedicure%E2%80%9D&#038;url=https:\/\/radiorevelacionfm.cl\/?p=42087' aria-hidden='false' data-av_icon='\ue8fc' data-av_iconfont='entypo-fontello' title='' data-avia-related-tooltip='Compartir en LinkedIn' rel=\"noopener\"><span class='avia_hidden_link_text'>Compartir en LinkedIn<\/span><\/a><\/li><li class='av-share-link av-social-link-mail' ><a  aria-label=\"Compartir por correo\" href='mailto:?subject=Internas%20del%20CCP%20Coyhaique%20se%20capacitan%20en%20%E2%80%9CServicio%20de%20Manicure%20y%20Pedicure%E2%80%9D&#038;body=https:\/\/radiorevelacionfm.cl\/?p=42087' aria-hidden='false' data-av_icon='\ue805' data-av_iconfont='entypo-fontello' title='' data-avia-related-tooltip='Compartir por correo'><span class='avia_hidden_link_text'>Compartir por correo<\/span><\/a><\/li><\/ul><\/div><\/div>\n<div  style='height:50px' class='hr hr-invisible   avia-builder-el-8  el_after_av_social_share  el_before_av_comments_list '><span class='hr-inner ' ><span class='hr-inner-style'><\/span><\/span><\/div>\n<div  class='av-buildercomment  av-blog-meta-html-info-disabled av-blog-meta-tag-disabled  '><\/div>\n","protected":false},"excerpt":{"rendered":"","protected":false},"author":1,"featured_media":42088,"comment_status":"open","ping_status":"open","sticky":false,"template":"","format":"standard","meta":{"footnotes":""},"categories":[55],"tags":[],"class_list":["post-42087","post","type-post","status-publish","format-standard","has-post-thumbnail","hentry","category-justicia"],"jetpack_featured_media_url":"https:\/\/radiorevelacionfm.cl\/wp-content\/uploads\/2024\/05\/visita-mujeres-1-1-1-1.jpg","_links":{"self":[{"href":"https:\/\/radiorevelacionfm.cl\/index.php?rest_route=\/wp\/v2\/posts\/42087","targetHints":{"allow":["GET"]}}],"collection":[{"href":"https:\/\/radiorevelacionfm.cl\/index.php?rest_route=\/wp\/v2\/posts"}],"about":[{"href":"https:\/\/radiorevelacionfm.cl\/index.php?rest_route=\/wp\/v2\/types\/post"}],"author":[{"embeddable":true,"href":"https:\/\/radiorevelacionfm.cl\/index.php?rest_route=\/wp\/v2\/users\/1"}],"replies":[{"embeddable":true,"href":"https:\/\/radiorevelacionfm.cl\/index.php?rest_route=%2Fwp%2Fv2%2Fcomments&post=42087"}],"version-history":[{"count":1,"href":"https:\/\/radiorevelacionfm.cl\/index.php?rest_route=\/wp\/v2\/posts\/42087\/revisions"}],"predecessor-version":[{"id":42089,"href":"https:\/\/radiorevelacionfm.cl\/index.php?rest_route=\/wp\/v2\/posts\/42087\/revisions\/42089"}],"wp:featuredmedia":[{"embeddable":true,"href":"https:\/\/radiorevelacionfm.cl\/index.php?rest_route=\/wp\/v2\/media\/42088"}],"wp:attachment":[{"href":"https:\/\/radiorevelacionfm.cl\/index.php?rest_route=%2Fwp%2Fv2%2Fmedia&parent=42087"}],"wp:term":[{"taxonomy":"category","embeddable":true,"href":"https:\/\/radiorevelacionfm.cl\/index.php?rest_route=%2Fwp%2Fv2%2Fcategories&post=42087"},{"taxonomy":"post_tag","embeddable":true,"href":"https:\/\/radiorevelacionfm.cl\/index.php?rest_route=%2Fwp%2Fv2%2Ftags&post=42087"}],"curies":[{"name":"wp","href":"https:\/\/api.w.org\/{rel}","templated":true}]}}