{"id":42084,"date":"2024-05-10T21:22:54","date_gmt":"2024-05-11T00:22:54","guid":{"rendered":"https:\/\/radiorevelacionfm.cl\/?p=42084"},"modified":"2024-05-10T21:22:54","modified_gmt":"2024-05-11T00:22:54","slug":"firma-de-convenio-busca-fortalecer-el-reciclaje-en-la-comuna-de-lago-verde","status":"publish","type":"post","link":"https:\/\/radiorevelacionfm.cl\/?p=42084","title":{"rendered":"Firma de convenio busca fortalecer el reciclaje en la comuna de Lago Verde"},"content":{"rendered":"<div class=\"flex_column av_one_full  flex_column_div av-zero-column-padding first  avia-builder-el-0  el_before_av_one_full  avia-builder-el-first  \" style='border-radius:0px; '><div  class='avia-image-container  av-styling-    avia-builder-el-1  avia-builder-el-no-sibling  avia-align-center '  itemprop=\"image\" itemscope=\"itemscope\" itemtype=\"https:\/\/schema.org\/ImageObject\"  ><div class='avia-image-container-inner'><div class='avia-image-overlay-wrap'><img decoding=\"async\" class='wp-image-42085 avia-img-lazy-loading-not-42085 avia_image' src=\"https:\/\/radiorevelacionfm.cl\/wp-content\/uploads\/2024\/05\/img-lagoverdeBH3-1-1.jpeg\" alt='' title='img-lagoverdeBH3 (1) (1)' height=\"600\" width=\"859\"  itemprop=\"thumbnailUrl\" srcset=\"https:\/\/radiorevelacionfm.cl\/wp-content\/uploads\/2024\/05\/img-lagoverdeBH3-1-1.jpeg 859w, https:\/\/radiorevelacionfm.cl\/wp-content\/uploads\/2024\/05\/img-lagoverdeBH3-1-1-300x210.jpeg 300w, https:\/\/radiorevelacionfm.cl\/wp-content\/uploads\/2024\/05\/img-lagoverdeBH3-1-1-768x536.jpeg 768w, https:\/\/radiorevelacionfm.cl\/wp-content\/uploads\/2024\/05\/img-lagoverdeBH3-1-1-705x492.jpeg 705w, https:\/\/radiorevelacionfm.cl\/wp-content\/uploads\/2024\/05\/img-lagoverdeBH3-1-1-450x314.jpeg 450w, https:\/\/radiorevelacionfm.cl\/wp-content\/uploads\/2024\/05\/img-lagoverdeBH3-1-1-600x419.jpeg 600w\" sizes=\"(max-width: 859px) 100vw, 859px\" \/><\/div><\/div><\/div><\/div><div class=\"flex_column av_one_full  flex_column_div av-zero-column-padding first  avia-builder-el-2  el_after_av_one_full  el_before_av_one_full  column-top-margin\" style='border-radius:0px; '><section class=\"av_textblock_section \"  itemscope=\"itemscope\" itemtype=\"https:\/\/schema.org\/BlogPosting\" itemprop=\"blogPost\" ><div class='avia_textblock  '   itemprop=\"text\" ><p style=\"text-align: center;\"><strong><span style=\"font-size: 18pt;\">Firma de convenio busca fortalecer el reciclaje en la comuna de Lago Verde<\/span><\/strong><\/p>\n<div id=\"gtx-trans\" style=\"position: absolute; left: -50px; top: 4.31534px;\">\n<div class=\"gtx-trans-icon\"><\/div>\n<\/div>\n<\/div><\/section><\/div><div class=\"flex_column av_one_full  flex_column_div av-zero-column-padding first  avia-builder-el-4  el_after_av_one_full  el_before_av_hr  column-top-margin\" style='border-radius:0px; '><section class=\"av_textblock_section \"  itemscope=\"itemscope\" itemtype=\"https:\/\/schema.org\/BlogPosting\" itemprop=\"blogPost\" ><div class='avia_textblock  '   itemprop=\"text\" ><p style=\"text-align: justify;\">Un nuevo cap\u00edtulo de cuidado y protecci\u00f3n al ambiente se escribe desde la comuna de Lago Verde junto a Empresas Bahamonde. En este sentido, la empresa liderada por Alejandro Bahamonde Corey suscribi\u00f3 con la municipalidad un convenio de colaboraci\u00f3n para fortalecer las medidas ambientales que se encuentra implementando la casa edilicia. La nueva alianza p\u00fablico \u2013 privada permitir\u00e1 a los vecinos acceder a talleres, reciclaje y una adecuada gesti\u00f3n de residuos s\u00f3lidos domiciliarios. Desde la empresa instan a los municipios interesados en la tem\u00e1tica ambiental a trabajar de manera colaborativa por la construcci\u00f3n de un Ays\u00e9n de futuro.<\/p>\n<p style=\"text-align: justify;\">El convenio de colaboraci\u00f3n tiene por objetivo contribuir con la reutilizaci\u00f3n de residuos org\u00e1nicos vegetales, latas y cartones.\u00a0 As\u00ed como tambi\u00e9n, promover iniciativas para la gesti\u00f3n de residuos s\u00f3lidos domiciliarios; talleres, charlas y otras acciones que propicien enfoques amables con el medio ambiente y que permitan una reducci\u00f3n de residuos en los hogares de Lago Verde.<\/p>\n<p style=\"text-align: justify;\">Al respecto, en conversaci\u00f3n con el medio local, Panor\u00e1mica Informativa. Ra\u00fal Arteaga, asesor de Empresas Bahamonde explic\u00f3 sobre esta acci\u00f3n \u201cYa hemos firmado convenio con la comuna de Lago Verde y vamos a firmar otra colaboraci\u00f3n probablemente con Puerto Cisnes. Esto para llevar parte las experiencias de reciclaje a esas comunas. O sea, tambi\u00e9n en la medida que se pueda, del tema de gesti\u00f3n de residuos. Como empresa estamos abiertos a ese tipo de colaboraciones.\u201d<\/p>\n<p style=\"text-align: justify;\">Por su parte, el alcalde de Lago Verde, Nelson Opazo L\u00f3pez, coment\u00f3 sobre el convenio suscrito que \u201ccon esta empresa van todos los residuos, papeles, cartones, vidrios, ya debidamente segregados, ser\u00e1n entregados a partir de un trabajo que se va a generar con destino a Puerto Ays\u00e9n\u00bb. Esto tambi\u00e9n en el contexto de la campa\u00f1a \u00abRecolectamos, limpiamos y reciclamos\u00bb que impulsa la administraci\u00f3n municipal.<\/p>\n<p style=\"text-align: justify;\">A\u00f1adiendo que, \u201clo que significa este gran desaf\u00edo que tenemos como comuna y en el cierre de nuestro proyecto que con tanto esfuerzo hemos ejecutado en nuestro territorio,\u00a0naturalmente que hay un aspecto que reviste especial importancia. Para nosotros, el poder contarle con plena certeza a nuestros vecinos\u00a0de que vamos a tener un plan de manejo de residuos en todo el territorio que ser\u00e1 \u00edcono en la regi\u00f3n y m\u00e1s all\u00e1 y el cual satisface las necesidades detectadas por la administraci\u00f3n en la gesti\u00f3n de estos elementos\u201d sentenci\u00f3 el l\u00edder comunal.<\/p>\n<p style=\"text-align: justify;\">En tanto, Dilan Hern\u00e1ndez Arias, encargado del Programa de Recolecci\u00f3n Municipal de Lago Verde agradeci\u00f3 a Empresas Bahamonde la colaboraci\u00f3n expuesta y al alcalde Opazo en el nuevo desaf\u00edo que reviste la reducci\u00f3n de los residuos que se generan en todas las localidades que componen el territorio comunal: Lago Verde, Tapera y Amengual.<\/p>\n<p style=\"text-align: justify;\">Finalmente, Empresas Bahamonde invita a las instituciones que tengan inter\u00e9s en desarrollar un trabajo colaborativo para nuevas acciones ambientes a tomar contacto a trav\u00e9s del mail de la encargada de Vinculaci\u00f3n con el Medio de la empresa, Daniela Garriga en <a href=\"mailto:dgarriga@empresasbahamonde.cl\">dgarriga@empresasbahamonde.cl<\/a>.<\/p>\n<\/div><\/section><\/div><div  style='height:50px' class='hr hr-invisible   avia-builder-el-6  el_after_av_one_full  el_before_av_social_share '><span class='hr-inner ' ><span class='hr-inner-style'><\/span><\/span><\/div><\/p>\n<div  class='av-social-sharing-box  avia-builder-el-7  el_after_av_hr  el_before_av_hr  '><div class='av-share-box'><h5 class='av-share-link-description av-no-toc '>Compartir esta noticia<\/h5><ul class='av-share-box-list noLightbox'><li class='av-share-link av-social-link-facebook' ><a target=\"_blank\" aria-label=\"Compartir en Facebook\" href='https:\/\/www.facebook.com\/sharer.php?u=https:\/\/radiorevelacionfm.cl\/?p=42084&#038;t=Firma%20de%20convenio%20busca%20fortalecer%20el%20reciclaje%20en%20la%20comuna%20de%20Lago%20Verde' aria-hidden='false' data-av_icon='\ue8f3' data-av_iconfont='entypo-fontello' title='' data-avia-related-tooltip='Compartir en Facebook' rel=\"noopener\"><span class='avia_hidden_link_text'>Compartir en Facebook<\/span><\/a><\/li><li class='av-share-link av-social-link-twitter' ><a target=\"_blank\" aria-label=\"Compartir en Twitter\" href='https:\/\/twitter.com\/share?text=Firma%20de%20convenio%20busca%20fortalecer%20el%20reciclaje%20en%20la%20comuna%20de%20Lago%20Verde&#038;url=https:\/\/radiorevelacionfm.cl\/?p=42084' aria-hidden='false' data-av_icon='\ue8f1' data-av_iconfont='entypo-fontello' title='' data-avia-related-tooltip='Compartir en Twitter' rel=\"noopener\"><span class='avia_hidden_link_text'>Compartir en Twitter<\/span><\/a><\/li><li class='av-share-link av-social-link-whatsapp' ><a target=\"_blank\" aria-label=\"Compartir en Whatsapp\" href='https:\/\/api.whatsapp.com\/send?text=https:\/\/radiorevelacionfm.cl\/?p=42084' aria-hidden='false' data-av_icon='\uf232' data-av_iconfont='entypo-fontello' title='' data-avia-related-tooltip='Compartir en Whatsapp' rel=\"noopener\"><span class='avia_hidden_link_text'>Compartir en Whatsapp<\/span><\/a><\/li><li class='av-share-link av-social-link-linkedin' ><a target=\"_blank\" aria-label=\"Compartir en LinkedIn\" href='https:\/\/linkedin.com\/shareArticle?mini=true&#038;title=Firma%20de%20convenio%20busca%20fortalecer%20el%20reciclaje%20en%20la%20comuna%20de%20Lago%20Verde&#038;url=https:\/\/radiorevelacionfm.cl\/?p=42084' aria-hidden='false' data-av_icon='\ue8fc' data-av_iconfont='entypo-fontello' title='' data-avia-related-tooltip='Compartir en LinkedIn' rel=\"noopener\"><span class='avia_hidden_link_text'>Compartir en LinkedIn<\/span><\/a><\/li><li class='av-share-link av-social-link-mail' ><a  aria-label=\"Compartir por correo\" href='mailto:?subject=Firma%20de%20convenio%20busca%20fortalecer%20el%20reciclaje%20en%20la%20comuna%20de%20Lago%20Verde&#038;body=https:\/\/radiorevelacionfm.cl\/?p=42084' aria-hidden='false' data-av_icon='\ue805' data-av_iconfont='entypo-fontello' title='' data-avia-related-tooltip='Compartir por correo'><span class='avia_hidden_link_text'>Compartir por correo<\/span><\/a><\/li><\/ul><\/div><\/div>\n<div  style='height:50px' class='hr hr-invisible   avia-builder-el-8  el_after_av_social_share  el_before_av_comments_list '><span class='hr-inner ' ><span class='hr-inner-style'><\/span><\/span><\/div>\n<div  class='av-buildercomment  av-blog-meta-html-info-disabled av-blog-meta-tag-disabled  '><\/div>\n","protected":false},"excerpt":{"rendered":"","protected":false},"author":1,"featured_media":42085,"comment_status":"open","ping_status":"open","sticky":false,"template":"","format":"standard","meta":{"footnotes":""},"categories":[38],"tags":[],"class_list":["post-42084","post","type-post","status-publish","format-standard","has-post-thumbnail","hentry","category-regional"],"jetpack_featured_media_url":"https:\/\/radiorevelacionfm.cl\/wp-content\/uploads\/2024\/05\/img-lagoverdeBH3-1-1.jpeg","_links":{"self":[{"href":"https:\/\/radiorevelacionfm.cl\/index.php?rest_route=\/wp\/v2\/posts\/42084","targetHints":{"allow":["GET"]}}],"collection":[{"href":"https:\/\/radiorevelacionfm.cl\/index.php?rest_route=\/wp\/v2\/posts"}],"about":[{"href":"https:\/\/radiorevelacionfm.cl\/index.php?rest_route=\/wp\/v2\/types\/post"}],"author":[{"embeddable":true,"href":"https:\/\/radiorevelacionfm.cl\/index.php?rest_route=\/wp\/v2\/users\/1"}],"replies":[{"embeddable":true,"href":"https:\/\/radiorevelacionfm.cl\/index.php?rest_route=%2Fwp%2Fv2%2Fcomments&post=42084"}],"version-history":[{"count":1,"href":"https:\/\/radiorevelacionfm.cl\/index.php?rest_route=\/wp\/v2\/posts\/42084\/revisions"}],"predecessor-version":[{"id":42086,"href":"https:\/\/radiorevelacionfm.cl\/index.php?rest_route=\/wp\/v2\/posts\/42084\/revisions\/42086"}],"wp:featuredmedia":[{"embeddable":true,"href":"https:\/\/radiorevelacionfm.cl\/index.php?rest_route=\/wp\/v2\/media\/42085"}],"wp:attachment":[{"href":"https:\/\/radiorevelacionfm.cl\/index.php?rest_route=%2Fwp%2Fv2%2Fmedia&parent=42084"}],"wp:term":[{"taxonomy":"category","embeddable":true,"href":"https:\/\/radiorevelacionfm.cl\/index.php?rest_route=%2Fwp%2Fv2%2Fcategories&post=42084"},{"taxonomy":"post_tag","embeddable":true,"href":"https:\/\/radiorevelacionfm.cl\/index.php?rest_route=%2Fwp%2Fv2%2Ftags&post=42084"}],"curies":[{"name":"wp","href":"https:\/\/api.w.org\/{rel}","templated":true}]}}