{"id":42081,"date":"2024-05-12T00:43:33","date_gmt":"2024-05-12T03:43:33","guid":{"rendered":"https:\/\/radiorevelacionfm.cl\/?p=42081"},"modified":"2024-05-12T00:43:33","modified_gmt":"2024-05-12T03:43:33","slug":"autoridades-de-sec-nacional-visitan-central-hidroelectrica-lago-atravesado","status":"publish","type":"post","link":"https:\/\/radiorevelacionfm.cl\/?p=42081","title":{"rendered":"Autoridades de SEC Nacional visitan central hidroel\u00e9ctrica Lago Atravesado"},"content":{"rendered":"<div class=\"flex_column av_one_full  flex_column_div av-zero-column-padding first  avia-builder-el-0  el_before_av_one_full  avia-builder-el-first  \" style='border-radius:0px; '><div  class='avia-image-container  av-styling-    avia-builder-el-1  avia-builder-el-no-sibling  avia-align-center '  itemprop=\"image\" itemscope=\"itemscope\" itemtype=\"https:\/\/schema.org\/ImageObject\"  ><div class='avia-image-container-inner'><div class='avia-image-overlay-wrap'><img decoding=\"async\" class='wp-image-42082 avia-img-lazy-loading-not-42082 avia_image' src=\"https:\/\/radiorevelacionfm.cl\/wp-content\/uploads\/2024\/05\/visita-sec2-1_optimized-1.jpeg\" alt='' title='visita-sec2-(1)_optimized (1)' height=\"600\" width=\"1067\"  itemprop=\"thumbnailUrl\" srcset=\"https:\/\/radiorevelacionfm.cl\/wp-content\/uploads\/2024\/05\/visita-sec2-1_optimized-1.jpeg 1067w, https:\/\/radiorevelacionfm.cl\/wp-content\/uploads\/2024\/05\/visita-sec2-1_optimized-1-300x169.jpeg 300w, https:\/\/radiorevelacionfm.cl\/wp-content\/uploads\/2024\/05\/visita-sec2-1_optimized-1-1030x579.jpeg 1030w, https:\/\/radiorevelacionfm.cl\/wp-content\/uploads\/2024\/05\/visita-sec2-1_optimized-1-768x432.jpeg 768w, https:\/\/radiorevelacionfm.cl\/wp-content\/uploads\/2024\/05\/visita-sec2-1_optimized-1-705x396.jpeg 705w, https:\/\/radiorevelacionfm.cl\/wp-content\/uploads\/2024\/05\/visita-sec2-1_optimized-1-450x253.jpeg 450w, https:\/\/radiorevelacionfm.cl\/wp-content\/uploads\/2024\/05\/visita-sec2-1_optimized-1-600x337.jpeg 600w\" sizes=\"(max-width: 1067px) 100vw, 1067px\" \/><\/div><\/div><\/div><\/div><div class=\"flex_column av_one_full  flex_column_div av-zero-column-padding first  avia-builder-el-2  el_after_av_one_full  el_before_av_one_full  column-top-margin\" style='border-radius:0px; '><section class=\"av_textblock_section \"  itemscope=\"itemscope\" itemtype=\"https:\/\/schema.org\/BlogPosting\" itemprop=\"blogPost\" ><div class='avia_textblock  '   itemprop=\"text\" ><p style=\"text-align: center;\"><strong><span style=\"font-size: 18pt;\">Autoridades de SEC Nacional visitan central hidroel\u00e9ctrica Lago Atravesado de Edelaysen<\/span><\/strong><\/p>\n<div id=\"gtx-trans\" style=\"position: absolute; left: -50px; top: 4.31534px;\">\n<div class=\"gtx-trans-icon\"><\/div>\n<\/div>\n<\/div><\/section><\/div><div class=\"flex_column av_one_full  flex_column_div av-zero-column-padding first  avia-builder-el-4  el_after_av_one_full  el_before_av_hr  column-top-margin\" style='border-radius:0px; '><section class=\"av_textblock_section \"  itemscope=\"itemscope\" itemtype=\"https:\/\/schema.org\/BlogPosting\" itemprop=\"blogPost\" ><div class='avia_textblock  '   itemprop=\"text\" ><p style=\"text-align: justify;\"><em>El recorrido cont\u00f3 con la presencia del Seremi de Energ\u00eda y director SEC regional quienes conocieron de cerca el funcionamiento de la central ubicada en la comuna de Coyhaique.<\/em><\/p>\n<p style=\"text-align: justify;\">Tras una semana de actividades y trabajo en terreno por la zona sur de la regi\u00f3n de Ays\u00e9n, el equipo nacional de la Superintendencia de Electricidad y Combustible (SEC), junto al Seremi de Energ\u00eda, Tom\u00e1s Laibe y profesionales de Edelaysen, visitaron la central hidroel\u00e9ctrica Lago Atravesado en Coyhaique para abordar su sistema de operaci\u00f3n en la zona.<\/p>\n<p style=\"text-align: justify;\">Leonardo Mor\u00e1n gerente de Edelaysen destac\u00f3: \u201cJunto al Seremi de Energ\u00eda de la regi\u00f3n de Ays\u00e9n, el director regional de la Superintendencia de Electricidad y Combustibles y tambi\u00e9n con parte del equipo nacional de la SEC, lo que est\u00e1bamos haciendo fue conocer, por parte de ellos, nuestras instalaciones y especialmente la central hidroel\u00e9ctrica de pasada Lago Atravesado, que es una de las principales instalaciones de energ\u00eda renovable del sistema mediano de Edelaysen, de manera que ellos pudieran conocerla, saber como opera y la importancia que tiene esta central y las energ\u00edas renovables dentro de nuestro sistema que son un tremendo aporte para descarbonizar la matriz y para ayudar a descontaminar nuestras ciudades\u201d.<\/p>\n<p style=\"text-align: justify;\">En la cita, las autoridades pudieron ver de cerca el funcionamiento de esta central de pasada, en un recorrido que abarc\u00f3 la exploraci\u00f3n del recinto para conocer la instalaci\u00f3n de la bocatoma, hasta la zona donde se emplaza la sala de m\u00e1quinas que contienen las turbinas hidr\u00e1ulicas y los elementos de regulaci\u00f3n y comando que permiten generar energ\u00eda, oportunidad donde se pudo dialogar sobre el importante abastecimiento que entrega al sistema el\u00e9ctrico de Ays\u00e9n.<\/p>\n<p style=\"text-align: justify;\">Por su parte el recientemente asumido Seremi de Energ\u00eda en Ays\u00e9n Tom\u00e1s Laibe agreg\u00f3 que: \u201cVinimos a conocer la central de Lago Atravesado, una central de primer nivel que tiene tecnolog\u00eda de punta, es decir, est\u00e1 completamente comandada a distancia, por lo tanto, estamos seguros que a trav\u00e9s de la tecnolog\u00eda se mantiene en perfectas condiciones esta central. Adem\u00e1s, abastece casi el 25% de la electricidad del sistema Ays\u00e9n, por lo tanto tambi\u00e9n tiene una importancia estrat\u00e9gica que queremos cuidar, preservar y fortalecer as\u00ed que agradecemos a la empresa por esta visita\u201d.<\/p>\n<p style=\"text-align: justify;\">Asimismo, Maricel Lav\u00edn jefa de la Divisi\u00f3n de Ingenier\u00eda en Combustibles de la SEC, agreg\u00f3 que \u201cla visita a la central de Lago Atravesado se enmarca en un recorrido que hicimos por la zona para monitorear el desempe\u00f1o de las distintas empresas de la regi\u00f3n, tanto del \u00e1rea el\u00e9ctrica como de combustibles. En particular, en esta visita pudimos conocer la central y c\u00f3mo opera y se\u00f1alar que, dentro de nuestro rol como organismo fiscalizador, estaremos supervigilando su funcionamiento para que la ciudadan\u00eda reciba un suministro el\u00e9ctrico continuo, seguro y de calidad\u201d.<\/p>\n<\/div><\/section><\/div><div  style='height:50px' class='hr hr-invisible   avia-builder-el-6  el_after_av_one_full  el_before_av_social_share '><span class='hr-inner ' ><span class='hr-inner-style'><\/span><\/span><\/div><\/p>\n<div  class='av-social-sharing-box  avia-builder-el-7  el_after_av_hr  el_before_av_hr  '><div class='av-share-box'><h5 class='av-share-link-description av-no-toc '>Compartir esta noticia<\/h5><ul class='av-share-box-list noLightbox'><li class='av-share-link av-social-link-facebook' ><a target=\"_blank\" aria-label=\"Compartir en Facebook\" href='https:\/\/www.facebook.com\/sharer.php?u=https:\/\/radiorevelacionfm.cl\/?p=42081&#038;t=Autoridades%20de%20SEC%20Nacional%20visitan%20central%20hidroel%C3%A9ctrica%20Lago%20Atravesado' aria-hidden='false' data-av_icon='\ue8f3' data-av_iconfont='entypo-fontello' title='' data-avia-related-tooltip='Compartir en Facebook' rel=\"noopener\"><span class='avia_hidden_link_text'>Compartir en Facebook<\/span><\/a><\/li><li class='av-share-link av-social-link-twitter' ><a target=\"_blank\" aria-label=\"Compartir en Twitter\" href='https:\/\/twitter.com\/share?text=Autoridades%20de%20SEC%20Nacional%20visitan%20central%20hidroel%C3%A9ctrica%20Lago%20Atravesado&#038;url=https:\/\/radiorevelacionfm.cl\/?p=42081' aria-hidden='false' data-av_icon='\ue8f1' data-av_iconfont='entypo-fontello' title='' data-avia-related-tooltip='Compartir en Twitter' rel=\"noopener\"><span class='avia_hidden_link_text'>Compartir en Twitter<\/span><\/a><\/li><li class='av-share-link av-social-link-whatsapp' ><a target=\"_blank\" aria-label=\"Compartir en Whatsapp\" href='https:\/\/api.whatsapp.com\/send?text=https:\/\/radiorevelacionfm.cl\/?p=42081' aria-hidden='false' data-av_icon='\uf232' data-av_iconfont='entypo-fontello' title='' data-avia-related-tooltip='Compartir en Whatsapp' rel=\"noopener\"><span class='avia_hidden_link_text'>Compartir en Whatsapp<\/span><\/a><\/li><li class='av-share-link av-social-link-linkedin' ><a target=\"_blank\" aria-label=\"Compartir en LinkedIn\" href='https:\/\/linkedin.com\/shareArticle?mini=true&#038;title=Autoridades%20de%20SEC%20Nacional%20visitan%20central%20hidroel%C3%A9ctrica%20Lago%20Atravesado&#038;url=https:\/\/radiorevelacionfm.cl\/?p=42081' aria-hidden='false' data-av_icon='\ue8fc' data-av_iconfont='entypo-fontello' title='' data-avia-related-tooltip='Compartir en LinkedIn' rel=\"noopener\"><span class='avia_hidden_link_text'>Compartir en LinkedIn<\/span><\/a><\/li><li class='av-share-link av-social-link-mail' ><a  aria-label=\"Compartir por correo\" href='mailto:?subject=Autoridades%20de%20SEC%20Nacional%20visitan%20central%20hidroel%C3%A9ctrica%20Lago%20Atravesado&#038;body=https:\/\/radiorevelacionfm.cl\/?p=42081' aria-hidden='false' data-av_icon='\ue805' data-av_iconfont='entypo-fontello' title='' data-avia-related-tooltip='Compartir por correo'><span class='avia_hidden_link_text'>Compartir por correo<\/span><\/a><\/li><\/ul><\/div><\/div>\n<div  style='height:50px' class='hr hr-invisible   avia-builder-el-8  el_after_av_social_share  el_before_av_comments_list '><span class='hr-inner ' ><span class='hr-inner-style'><\/span><\/span><\/div>\n<div  class='av-buildercomment  av-blog-meta-html-info-disabled av-blog-meta-tag-disabled  '><\/div>\n","protected":false},"excerpt":{"rendered":"","protected":false},"author":1,"featured_media":42082,"comment_status":"open","ping_status":"open","sticky":false,"template":"","format":"standard","meta":{"footnotes":""},"categories":[38],"tags":[],"class_list":["post-42081","post","type-post","status-publish","format-standard","has-post-thumbnail","hentry","category-regional"],"jetpack_featured_media_url":"https:\/\/radiorevelacionfm.cl\/wp-content\/uploads\/2024\/05\/visita-sec2-1_optimized-1.jpeg","_links":{"self":[{"href":"https:\/\/radiorevelacionfm.cl\/index.php?rest_route=\/wp\/v2\/posts\/42081","targetHints":{"allow":["GET"]}}],"collection":[{"href":"https:\/\/radiorevelacionfm.cl\/index.php?rest_route=\/wp\/v2\/posts"}],"about":[{"href":"https:\/\/radiorevelacionfm.cl\/index.php?rest_route=\/wp\/v2\/types\/post"}],"author":[{"embeddable":true,"href":"https:\/\/radiorevelacionfm.cl\/index.php?rest_route=\/wp\/v2\/users\/1"}],"replies":[{"embeddable":true,"href":"https:\/\/radiorevelacionfm.cl\/index.php?rest_route=%2Fwp%2Fv2%2Fcomments&post=42081"}],"version-history":[{"count":1,"href":"https:\/\/radiorevelacionfm.cl\/index.php?rest_route=\/wp\/v2\/posts\/42081\/revisions"}],"predecessor-version":[{"id":42083,"href":"https:\/\/radiorevelacionfm.cl\/index.php?rest_route=\/wp\/v2\/posts\/42081\/revisions\/42083"}],"wp:featuredmedia":[{"embeddable":true,"href":"https:\/\/radiorevelacionfm.cl\/index.php?rest_route=\/wp\/v2\/media\/42082"}],"wp:attachment":[{"href":"https:\/\/radiorevelacionfm.cl\/index.php?rest_route=%2Fwp%2Fv2%2Fmedia&parent=42081"}],"wp:term":[{"taxonomy":"category","embeddable":true,"href":"https:\/\/radiorevelacionfm.cl\/index.php?rest_route=%2Fwp%2Fv2%2Fcategories&post=42081"},{"taxonomy":"post_tag","embeddable":true,"href":"https:\/\/radiorevelacionfm.cl\/index.php?rest_route=%2Fwp%2Fv2%2Ftags&post=42081"}],"curies":[{"name":"wp","href":"https:\/\/api.w.org\/{rel}","templated":true}]}}